{"id":89181,"date":"2021-11-09T02:20:58","date_gmt":"2021-11-09T05:20:58","guid":{"rendered":"http:\/\/infoecos.com.ar\/?p=89181"},"modified":"2021-11-09T04:50:49","modified_gmt":"2021-11-09T07:50:49","slug":"estudio-realizado-por-la-facultad-regional-t-lauquen-de-la-utn","status":"publish","type":"post","link":"https:\/\/infoecos.com.ar\/index.php\/estudio-realizado-por-la-facultad-regional-t-lauquen-de-la-utn\/","title":{"rendered":"Recuperaci\u00f3n lenta en peluquer\u00edas, gimnasios, salones de belleza en Trenque Lauquen"},"content":{"rendered":"\n<p class=\"wp-block-paragraph\"><strong>Servicios<\/strong><\/p>\n\n\n\n<p class=\"wp-block-paragraph\">En cuanto al sector de servicios, se analiz\u00f3 a partir de la informaci\u00f3n de los servicios personales,<br>profesional independiente, servicios relacionados con el esparcimiento, servicios vehiculares y servicios<br>monetarios.<\/p>\n\n\n\n<p class=\"wp-block-paragraph\"><strong>Servicios personales<\/strong><\/p>\n\n\n\n<p class=\"wp-block-paragraph\">Dentro de este subsector de an\u00e1lisis, la empresa seleccionada representa a peluquer\u00edas, gimnasios, salones<br>de bellezas, etc.<\/p>\n\n\n\n<p class=\"wp-block-paragraph\">Del an\u00e1lisis de este subsector surge que al inicio de la pandemia y durante la cuarentena (ASPO), si bien<br>las actividades de los distintos servicios se vieron afectadas de diferentes maneras, mientras que algunos<br>no tuvieron ning\u00fan tipo de actividad, otros lo resolvieron v\u00eda herramientas tecnol\u00f3gicas (por ejemplo,<br>clases virtuales, servicios en el domicilio, etc.), pero en general se puede considerar que estos servicios<br>personales casi no tuvieron ingresos al inicio de la pandemia.<\/p>\n\n\n\n<p class=\"wp-block-paragraph\">Posteriormente se evidencia una lenta recuperaci\u00f3n, aunque nunca llegando a los valores pre pandemia.<\/p>\n\n\n\n<p class=\"wp-block-paragraph\">El an\u00e1lisis del primer semestre de cada a\u00f1o muestra que, durante el a\u00f1o 2020, hubo una fuerte ca\u00edda en la<br>actividad (-53%) respecto al primer semestre del 2019, en el primer semestre del a\u00f1o 2021 el subsector se<br>recupera muy lentamente con una ca\u00edda en la actividad del orden del 37% respecto al primer semestre del<br>2019.<\/p>\n\n\n\n<p class=\"wp-block-paragraph\"><strong>Servicios relacionados con el esparcimiento<\/strong><\/p>\n\n\n\n<p class=\"wp-block-paragraph\">Dentro de este subsector de an\u00e1lisis, la actividad seleccionada representa a los restaurantes, bares, hoteles,<br>agencias de viaje, etc.<\/p>\n\n\n\n<p class=\"wp-block-paragraph\">Este es uno de los subsectores con mayor reducci\u00f3n en la actividad, con un cierre total de los<br>emprendimientos al inicio de la pandemia y la ASPO.<\/p>\n\n\n\n<p class=\"wp-block-paragraph\">Seg\u00fan datos del INDEC, durante el a\u00f1o 2020 las empresas de este subsector han trabajado al 50% del a\u00f1o<\/p>\n\n\n\n<p class=\"wp-block-paragraph\">A nivel local esa ca\u00edda fue superior, justificada en las medidas preventivas ante el brote de<br>coronavirus, y por la ca\u00edda del poder adquisitivo derivada de la par\u00e1lisis de muchos de los sectores<br>productivos y la inflaci\u00f3n. Esta realidad, aun continua en el a\u00f1o 2021.<\/p>\n\n\n\n<p class=\"wp-block-paragraph\">El an\u00e1lisis del primer semestre de cada a\u00f1o muestra un comportamiento similar al subsector de los<br>servicios personales. Durante el primer semestre del a\u00f1o 2020, la ca\u00edda en la actividad fue del 49%<br>respecto al primer semestre del 2019, y en el primer semestre del a\u00f1o 2021 el subsector se recupera muy<br>lentamente con una ca\u00edda en la actividad del orden del 36% respecto al primer semestre del 2019.<\/p>\n\n\n\n<p class=\"wp-block-paragraph\"><strong>Servicios vehiculares<\/strong><\/p>\n\n\n\n<p class=\"wp-block-paragraph\">Dentro de este subsector de an\u00e1lisis, la empresa seleccionada representa a mec\u00e1nicos de veh\u00edculos<br>automotores, chapistas, reparaci\u00f3n de motores, etc.<\/p>\n\n\n\n<p class=\"wp-block-paragraph\">Este es uno de los subsectores con mayor reducci\u00f3n en la actividad, con un cierre total de los<br>emprendimientos al inicio de la pandemia y la ASPO.<\/p>\n\n\n\n<p class=\"wp-block-paragraph\">Seg\u00fan datos del INDEC, durante el a\u00f1o 2020 las empresas de este subsector han trabajado al 50% del a\u00f1A nivel local esa ca\u00edda fue superior, justificada en las medidas preventivas ante el brote de coronavirus, y por la ca\u00edda del poder adquisitivo derivada de la par\u00e1lisis de muchos de los sectores productivos y la inflaci\u00f3n. Esta realidad, aun continua en el a\u00f1o 2021.<\/p>\n\n\n\n<p class=\"wp-block-paragraph\">El an\u00e1lisis del primer semestre de cada a\u00f1o muestra un comportamiento similar al subsector de los<br>servicios personales. Durante el primer semestre del a\u00f1o 2020, la ca\u00edda en la actividad fue del 49%<br>respecto al primer semestre del 2019, y en el primer semestre del a\u00f1o 2021 el subsector se recupera muy<br>lentamente con una ca\u00edda en la actividad del orden del 36% respecto al primer semestre del 2019.<\/p>\n\n\n\n<p class=\"wp-block-paragraph\"><strong>Servicios monetarios<\/strong><\/p>\n\n\n\n<p class=\"wp-block-paragraph\">En esta categor\u00eda, la empresa seleccionada representa a actividades bancarias, de pr\u00e9stamos, seguros, etc.<\/p>\n\n\n\n<p class=\"wp-block-paragraph\">Durante el inicio de la pandemia, en este subsector, si bien la poblaci\u00f3n ha continuado con gran parte de<br>los servicios contratados, su b\u00fasqueda se centro en la reducci\u00f3n del monto de dinero destinado, a partir de<br>reducir la cobertura o de la calidad del servicio.<\/p>\n\n\n\n<p class=\"wp-block-paragraph\">La empresa seleccionada mostro un crecimiento del 2% durante el a\u00f1o 2020 respecto al 2019, pero al<br>analizar el primer semestre de cada a\u00f1o se observa que, durante el primer semestre del a\u00f1o 2020, la ca\u00edda<br>en la actividad fue del 3% respecto al primer semestre del 2019, y en el primer semestre del a\u00f1o 2021 el<br>subsector continuar\u00eda con la ca\u00edda en la actividad del orden del 5% respecto al primer semestre del 2019.<\/p>\n\n\n\n<p class=\"wp-block-paragraph\"><strong>Restantes actividades de servicio<\/strong><\/p>\n\n\n\n<p class=\"wp-block-paragraph\">Las restantes actividades de servicios en el partido de Trenque Lauquen, en su mayor\u00eda est\u00e1n relacionadas<br>con la administraci\u00f3n p\u00fablica general (municipal, provincial y nacional), con la ense\u00f1anza y con las<br>actividades de orden p\u00fablico, que si bien vieron reducidas sus tareas a partir de la disposici\u00f3n de la<br>cuarentena (ASPO), esto no repercuti\u00f3 significativamente en los ingresos.<\/p>\n\n\n\n<p class=\"wp-block-paragraph\">Los datos del INDEC mostraban que, durante el a\u00f1o 2020, el conjunto de actividades relacionadas con la<br>administraci\u00f3n p\u00fablica, la ense\u00f1anza y las de orden p\u00fablico se vieron reducidas en un 6% respecto al a\u00f1o<br>2019, pero durante el a\u00f1o 2021 se puede considerar que se encuentran a similares niveles a la pre<br>pandemia.<\/p>\n\n\n\n<p class=\"wp-block-paragraph\"><br><\/p>\n","protected":false},"excerpt":{"rendered":"<p>El sector de servicios, se analiz\u00f3 a partir de la informaci\u00f3n de los servicios personales,<br \/>\nprofesional independiente, servicios relacionados con el esparcimiento, servicios vehiculares y servicios<br \/>\nmonetarios<\/p>\n","protected":false},"author":2,"featured_media":59529,"comment_status":"closed","ping_status":"open","sticky":false,"template":"","format":"standard","meta":{"footnotes":""},"categories":[46],"tags":[5598],"class_list":["post-89181","post","type-post","status-publish","format-standard","has-post-thumbnail","hentry","category-c2nota2","tag-investigacion-de-la-utn"],"featured_image_urls":{"full":["https:\/\/infoecos.com.ar\/wp-content\/uploads\/tl21centro-scaled.jpg",2560,1920,false],"thumbnail":["https:\/\/infoecos.com.ar\/wp-content\/uploads\/tl21centro-150x150.jpg",150,150,true],"medium":["https:\/\/infoecos.com.ar\/wp-content\/uploads\/tl21centro-460x345.jpg",460,345,true],"medium_large":["https:\/\/infoecos.com.ar\/wp-content\/uploads\/tl21centro-768x576.jpg",640,480,true],"large":["https:\/\/infoecos.com.ar\/wp-content\/uploads\/tl21centro-920x690.jpg",640,480,true],"1536x1536":["https:\/\/infoecos.com.ar\/wp-content\/uploads\/tl21centro-1536x1152.jpg",1536,1152,true],"2048x2048":["https:\/\/infoecos.com.ar\/wp-content\/uploads\/tl21centro-2048x1536.jpg",2048,1536,true],"covernews-slider-full":["https:\/\/infoecos.com.ar\/wp-content\/uploads\/tl21centro-1536x1020.jpg",1077,715,true],"covernews-slider-center":["https:\/\/infoecos.com.ar\/wp-content\/uploads\/tl21centro-936x897.jpg",522,500,true],"covernews-featured":["https:\/\/infoecos.com.ar\/wp-content\/uploads\/tl21centro-1024x768.jpg",1024,768,true],"covernews-medium":["https:\/\/infoecos.com.ar\/wp-content\/uploads\/tl21centro-720x380.jpg",540,285,true],"covernews-medium-square":["https:\/\/infoecos.com.ar\/wp-content\/uploads\/tl21centro-675x450.jpg",375,250,true]},"author_info":{"info":["Jorge Matheus"]},"category_info":"<a href=\"https:\/\/infoecos.com.ar\/index.php\/category\/c2nota2\/\" rel=\"category tag\">C2 N2<\/a>","tag_info":"C2 N2","comment_count":"0","_links":{"self":[{"href":"https:\/\/infoecos.com.ar\/index.php\/wp-json\/wp\/v2\/posts\/89181","targetHints":{"allow":["GET"]}}],"collection":[{"href":"https:\/\/infoecos.com.ar\/index.php\/wp-json\/wp\/v2\/posts"}],"about":[{"href":"https:\/\/infoecos.com.ar\/index.php\/wp-json\/wp\/v2\/types\/post"}],"author":[{"embeddable":true,"href":"https:\/\/infoecos.com.ar\/index.php\/wp-json\/wp\/v2\/users\/2"}],"replies":[{"embeddable":true,"href":"https:\/\/infoecos.com.ar\/index.php\/wp-json\/wp\/v2\/comments?post=89181"}],"version-history":[{"count":3,"href":"https:\/\/infoecos.com.ar\/index.php\/wp-json\/wp\/v2\/posts\/89181\/revisions"}],"predecessor-version":[{"id":89226,"href":"https:\/\/infoecos.com.ar\/index.php\/wp-json\/wp\/v2\/posts\/89181\/revisions\/89226"}],"wp:featuredmedia":[{"embeddable":true,"href":"https:\/\/infoecos.com.ar\/index.php\/wp-json\/wp\/v2\/media\/59529"}],"wp:attachment":[{"href":"https:\/\/infoecos.com.ar\/index.php\/wp-json\/wp\/v2\/media?parent=89181"}],"wp:term":[{"taxonomy":"category","embeddable":true,"href":"https:\/\/infoecos.com.ar\/index.php\/wp-json\/wp\/v2\/categories?post=89181"},{"taxonomy":"post_tag","embeddable":true,"href":"https:\/\/infoecos.com.ar\/index.php\/wp-json\/wp\/v2\/tags?post=89181"}],"curies":[{"name":"wp","href":"https:\/\/api.w.org\/{rel}","templated":true}]}}