{"id":89183,"date":"2021-11-09T02:30:55","date_gmt":"2021-11-09T05:30:55","guid":{"rendered":"http:\/\/infoecos.com.ar\/?p=89183"},"modified":"2021-11-09T10:32:03","modified_gmt":"2021-11-09T13:32:03","slug":"la-actividad-comercial-en-t-lauquen-una-de-las-mas-afectadas-por-la-pandemia","status":"publish","type":"post","link":"https:\/\/infoecos.com.ar\/index.php\/la-actividad-comercial-en-t-lauquen-una-de-las-mas-afectadas-por-la-pandemia\/","title":{"rendered":"El comercio en Trenque Lauquen, uno de los sectores m\u00e1s afectado por la pandemia"},"content":{"rendered":"\n<p class=\"wp-block-paragraph\"><strong>Comercio<\/strong><\/p>\n\n\n\n<p class=\"wp-block-paragraph\">A nivel nacional, la actividad comercial fue una de las m\u00e1s afectadas por la pandemia, durante Abril de<br>2020 el sector tuvo la mayor ca\u00edda interanual del -57,6% fundamentada en las restricciones a la<br>movilidad. Si bien hubo rubros menos afectados por ser catalogados como esenciales, es el caso de<br>farmacias, comercios de alimentos y bebidas y ferreter\u00edas; otros continuaron por muchos meses con<br>ventas insuficientes que no les alcanzaba para cubrir los costos, es el caso de las joyer\u00edas, venta de<br>indumentaria, venta de muebles y electr\u00f3nicos (CEPXXI).<\/p>\n\n\n\n<p class=\"wp-block-paragraph\">En la actividad comercial, el an\u00e1lisis local se bas\u00f3 en la informaci\u00f3n de las actividades de<br>comercializaci\u00f3n de alimentos, productos relacionados con la salud y la limpieza, comercializaci\u00f3n de<br>vestimenta, de productos para el automotor y venta de art\u00edculos generales.<\/p>\n\n\n\n<p class=\"wp-block-paragraph\"><strong>Comercios de alimentos<\/strong><\/p>\n\n\n\n<p class=\"wp-block-paragraph\">Dentro de este subsector de an\u00e1lisis, la actividad seleccionada representa a los distribuidores de<br>alimentos, almacenes, carnicer\u00edas, fruter\u00edas, etc.<\/p>\n\n\n\n<p class=\"wp-block-paragraph\">Los distintos emprendimientos consultados, han indicado que al inicio de la cuarentena (ASPO) hubo un<br>incremento significativo en la comercializaci\u00f3n de los diferentes productos ofrecidos. Se puede estimar<br>que la actividad tuvo un incremento promedio del 33%, durante ese per\u00edodo.<\/p>\n\n\n\n<p class=\"wp-block-paragraph\">Al analizar el primer semestre de cada a\u00f1o se observa que, durante el primer semestre del a\u00f1o 2020, la<br>actividad tuvo un incremento del 24% respecto al primer semestre del 2019, y en el primer semestre del<br>a\u00f1o 2021 el subsector continuar\u00eda creciendo, con un nivel de actividad superior al 28% respecto al primer<br>semestre del 2019.<\/p>\n\n\n\n<p class=\"wp-block-paragraph\"><strong>Comercio de productos relacionados con la salud y limpieza<\/strong><\/p>\n\n\n\n<p class=\"wp-block-paragraph\">Dentro de este subsector de an\u00e1lisis, la actividad seleccionada representa a las farmacias, venta de<br>productos de limpieza, perfumer\u00edas, etc.<\/p>\n\n\n\n<p class=\"wp-block-paragraph\">En este subsector durante el inicio de la pandemia y de la cuarentena, hubo realidades muy diferentes,<br>mientras las farmacias declaradas como esenciales mantuvieron su funcionamiento casi normal, otras<br>actividades como las perfumer\u00edas estuvieron con restricciones de funcionamiento durante muchos meses.<\/p>\n\n\n\n<p class=\"wp-block-paragraph\">A esto se debe agregar que las restricciones del ASPO, influy\u00f3 significativamente en la demanda de los<br>productos no esenciales.<\/p>\n\n\n\n<p class=\"wp-block-paragraph\">La empresa seleccionada por sus datos locales, en Enero de 2019 estuvo de vacaciones, lo que produce<br>una distorsi\u00f3n en el conjunto de datos brindados, aun as\u00ed, al analizar el primer semestre de cada a\u00f1o se<br>observa que, durante el primer semestre del a\u00f1o 2020, el crecimiento de la actividad fue del orden de 23%<br>respecto al primer semestre del 2019, y en el primer semestre del a\u00f1o 2021 el subsector continuar\u00eda<br>creciendo superando en el 64% al primer semestre del 2019.<\/p>\n\n\n\n<p class=\"wp-block-paragraph\"><strong>Comercio de vestimenta<\/strong><\/p>\n\n\n\n<p class=\"wp-block-paragraph\">Dentro de este subsector de an\u00e1lisis, la actividad seleccionada representa a tiendas, zapater\u00edas, venta de<br>art\u00edculos deportivos, etc.<\/p>\n\n\n\n<p class=\"wp-block-paragraph\">Durante el a\u00f1o 2020, este fue otro de los subsectores con mayor impacto por la pandemia y por el ASPO;<br>en los primeros meses el rubro a nivel nacional comercializo el 25% de su capacidad. Posteriormente<br>comenz\u00f3 una lenta recuperaci\u00f3n.<\/p>\n\n\n\n<p class=\"wp-block-paragraph\">Al analizar el primer semestre de cada a\u00f1o se observa que, durante el primer semestre del a\u00f1o 2020, la<br>ca\u00edda en la actividad fue del 45% respecto al primer semestre del 2019, y en el primer semestre del a\u00f1o<br>2021 el subsector a\u00fan no se ha recuperado, comercializando un 5% menos que en el primer semestre del<br>2019.<\/p>\n\n\n\n<p class=\"wp-block-paragraph\"><strong>Comercio de productos para el automotor<\/strong><\/p>\n\n\n\n<p class=\"wp-block-paragraph\">Dentro de este subsector de an\u00e1lisis, la actividad seleccionada representa a las estaciones de servicios,<br>venta de veh\u00edculos y repuestos, etc.<\/p>\n\n\n\n<p class=\"wp-block-paragraph\">Los distintos emprendimientos consultados y los datos aportados por la empresa de referencia, indican<br>que el subsector se ha visto afectado de forma significativa durante la cuarentena (ASPO) y que el efecto<br>a\u00fan contin\u00faa. El resultado anual de 2020 muestra que el subsector tuvo un nivel de actividad de poco m\u00e1s<br>del 80% del a\u00f1o 2019.<br><br>Al analizar el primer semestre de cada a\u00f1o se observa que, durante el primer semestre del a\u00f1o 2020, la<br>ca\u00edda en la actividad fue del 21% respecto al primer semestre del 2019, y en el primer semestre del a\u00f1o<br>2021 el subsector aun no recupero el nivel del 2019, con una ca\u00edda en la actividad del orden del 14%<br>respecto al primer semestre del 2019.<\/p>\n\n\n\n<p class=\"wp-block-paragraph\"><strong>Comercio de productos generales<\/strong><\/p>\n\n\n\n<p class=\"wp-block-paragraph\">Dentro de este subsector de an\u00e1lisis, la actividad seleccionada representa a kioscos, librer\u00edas,<br>fotocopiadoras, etc.<\/p>\n\n\n\n<p class=\"wp-block-paragraph\">Este subsector se ha visto medianamente afectado durante la cuarentena (ASPO), con una importante<br>recuperaci\u00f3n al abrirse el aislamiento, permitiendo casi una recuperaci\u00f3n total a lo perdido durante el<br>ASPO. Se puede estimar que durante el a\u00f1o 2020 los emprendimientos han trabajado en promedio al 97%<br>del a\u00f1o 2019.<\/p>\n\n\n\n<p class=\"wp-block-paragraph\">Al analizar el primer semestre de cada a\u00f1o se observa que, durante el primer semestre del a\u00f1o 2020, la<br>ca\u00edda en la actividad fue del 18% respecto al primer semestre del 2019, pero al pasar los primeros meses<br>de la pandemia el subsector comenz\u00f3 una r\u00e1pida recuperaci\u00f3n, con un 14% de mayor actividad en el<br>primer semestre del a\u00f1o 2021, respecto al primer semestre del 2019.<\/p>\n\n\n\n<p class=\"wp-block-paragraph\"><strong>Restantes subsectores comerciales<\/strong><\/p>\n\n\n\n<p class=\"wp-block-paragraph\">Los restantes subsectores comerciales, por ejemplo, los de venta de materiales para la construcci\u00f3n, venta<br>de art\u00edculos dom\u00e9sticos, venta de productos y equipos agropecuarios, etc., por la disposici\u00f3n original de la<br>cuarentena (ASPO), produjo una reducci\u00f3n en la actividad, de poco m\u00e1s del 4% en el a\u00f1o 2020 respecto<br>del 2019.<\/p>\n\n\n\n<p class=\"wp-block-paragraph\">Durante el a\u00f1o 2021se puede considerar que el nivel de actividad es similar al 2019.<\/p>\n\n\n\n<p class=\"wp-block-paragraph\">Valor agregado del partido de Trenque Lauquen y variaci\u00f3n en el nivel de actividad<\/p>\n\n\n\n<p class=\"wp-block-paragraph\">Para realizar esta evaluaci\u00f3n se parte de los resultados obtenidos en el estudio sobre el impacto de la<br>pandemia de COVID 19 en el valor agregado del partido de Trenque Lauquen.<\/p>\n\n\n\n<p class=\"wp-block-paragraph\">El valor agregado del partido de Trenque Lauquen se puede estimar en poco m\u00e1s de 280 millones de U$S,<br>de los cuales el 26,7% corresponde al sector agropecuario, el 6,8% a la industria manufacturera, el 3,6% a<br>la construcci\u00f3n, el 0,8% al servicio de electricidad y gas, el 23,4% a la administraci\u00f3n p\u00fablica, el 12,1% a<br>los restantes servicios y el 26,6% a la actividad comercial.<\/p>\n\n\n\n<p class=\"wp-block-paragraph\"><strong>Conclusiones<\/strong><\/p>\n\n\n\n<p class=\"wp-block-paragraph\">Como se describi\u00f3 en la investigaci\u00f3n sobre el efecto de la pandemia de COVID 19 en las actividades<br>econ\u00f3micas del partido de Trenque Lauquen, el valor agregado cay\u00f3 un 7,5% (21 millones de U$S),<br>durante el a\u00f1o 2020, inferior a la ca\u00edda nacional del orden del 10% (INDEC).<\/p>\n\n\n\n<p class=\"wp-block-paragraph\">Mientras que, durante el primer semestre del a\u00f1o 2020, en promedio, el nivel de actividades generales se<br>redujo un 7,3%, durante el primer semestre del a\u00f1o 2021, el nivel de actividad general se ha recuperado a<br>los niveles pre pandemia (1% por encima respecto al primer semestre del a\u00f1o 2019), aunque es necesario<br>mencionar que este efecto no es uniforme. Existen rubros que a\u00fan contin\u00faan con altos niveles de<br>afectaci\u00f3n, como las actividades definidas como servicios relacionados con el esparcimiento (hoteles,<br>bares, restaurantes, agencias de viaje, etc.) y los servicios personales (peluquer\u00edas, gimnasios, salones de<br>belleza, etc.); mientras que otras actividades como los comercios de venta de vestimenta han comenzado a<br>recuperarse.<\/p>\n\n\n\n<p class=\"wp-block-paragraph\"><br><br><\/p>\n","protected":false},"excerpt":{"rendered":"<p>Comercio, comercio de alimentos, comercio de productos relacionados con la salud y limpieza, comercio de vestimenta, del automotor, productos generales<\/p>\n","protected":false},"author":2,"featured_media":35808,"comment_status":"closed","ping_status":"open","sticky":false,"template":"","format":"standard","meta":{"footnotes":""},"categories":[47],"tags":[5598],"class_list":["post-89183","post","type-post","status-publish","format-standard","has-post-thumbnail","hentry","category-c3nota2","tag-investigacion-de-la-utn"],"featured_image_urls":{"full":"","thumbnail":"","medium":"","medium_large":"","large":"","1536x1536":"","2048x2048":"","covernews-slider-full":"","covernews-slider-center":"","covernews-featured":"","covernews-medium":"","covernews-medium-square":""},"author_info":{"info":["Jorge Matheus"]},"category_info":"<a href=\"https:\/\/infoecos.com.ar\/index.php\/category\/c3nota2\/\" rel=\"category tag\">C3 N2<\/a>","tag_info":"C3 N2","comment_count":"0","_links":{"self":[{"href":"https:\/\/infoecos.com.ar\/index.php\/wp-json\/wp\/v2\/posts\/89183","targetHints":{"allow":["GET"]}}],"collection":[{"href":"https:\/\/infoecos.com.ar\/index.php\/wp-json\/wp\/v2\/posts"}],"about":[{"href":"https:\/\/infoecos.com.ar\/index.php\/wp-json\/wp\/v2\/types\/post"}],"author":[{"embeddable":true,"href":"https:\/\/infoecos.com.ar\/index.php\/wp-json\/wp\/v2\/users\/2"}],"replies":[{"embeddable":true,"href":"https:\/\/infoecos.com.ar\/index.php\/wp-json\/wp\/v2\/comments?post=89183"}],"version-history":[{"count":3,"href":"https:\/\/infoecos.com.ar\/index.php\/wp-json\/wp\/v2\/posts\/89183\/revisions"}],"predecessor-version":[{"id":89227,"href":"https:\/\/infoecos.com.ar\/index.php\/wp-json\/wp\/v2\/posts\/89183\/revisions\/89227"}],"wp:attachment":[{"href":"https:\/\/infoecos.com.ar\/index.php\/wp-json\/wp\/v2\/media?parent=89183"}],"wp:term":[{"taxonomy":"category","embeddable":true,"href":"https:\/\/infoecos.com.ar\/index.php\/wp-json\/wp\/v2\/categories?post=89183"},{"taxonomy":"post_tag","embeddable":true,"href":"https:\/\/infoecos.com.ar\/index.php\/wp-json\/wp\/v2\/tags?post=89183"}],"curies":[{"name":"wp","href":"https:\/\/api.w.org\/{rel}","templated":true}]}}