{"id":89237,"date":"2021-11-09T12:00:04","date_gmt":"2021-11-09T15:00:04","guid":{"rendered":"http:\/\/infoecos.com.ar\/?p=89237"},"modified":"2021-11-10T12:54:38","modified_gmt":"2021-11-10T15:54:38","slug":"el-gobierno-bonaerense-autorizo-los-montos-de-percepcion-del-preba","status":"publish","type":"post","link":"https:\/\/infoecos.com.ar\/index.php\/el-gobierno-bonaerense-autorizo-los-montos-de-percepcion-del-preba\/","title":{"rendered":"El gobierno bonaerense autoriz\u00f3 los montos de percepci\u00f3n del PREBA"},"content":{"rendered":"\n<p class=\"wp-block-paragraph\">La administraci\u00f3n de Axel Kicillof&nbsp;autoriz\u00f3 los montos de percepci\u00f3n del&nbsp;Programa de Preservaci\u00f3n del Trabajo en la provincia de Buenos Aires&nbsp;y de las propuestas incluidas en el \u201cPlan de Promoci\u00f3n, Preservaci\u00f3n y Regularizaci\u00f3n del Empleo en la Provincia de Buenos Aires\u201d.<\/p>\n\n\n\n<div class=\"wp-block-image is-style-default\"><figure class=\"aligncenter size-medium\"><img loading=\"lazy\" decoding=\"async\" width=\"460\" height=\"323\" src=\"http:\/\/infoecos.com.ar\/wp-content\/uploads\/2021\/11\/kicillofpreba-460x323.jpg\" alt=\"\" class=\"wp-image-89238\" srcset=\"https:\/\/infoecos.com.ar\/wp-content\/uploads\/2021\/11\/kicillofpreba-460x323.jpg 460w, https:\/\/infoecos.com.ar\/wp-content\/uploads\/2021\/11\/kicillofpreba-920x647.jpg 920w, https:\/\/infoecos.com.ar\/wp-content\/uploads\/2021\/11\/kicillofpreba-768x540.jpg 768w, https:\/\/infoecos.com.ar\/wp-content\/uploads\/2021\/11\/kicillofpreba.jpg 1000w\" sizes=\"auto, (max-width: 460px) 100vw, 460px\" \/><\/figure><\/div>\n\n\n\n<p class=\"wp-block-paragraph\">Se reconoci\u00f3 el aumento a 16 mil pesos en octubre y otros $500 para la altura de febrero de 2022, luego de la \u00faltima discusi\u00f3n del Consejo del Salario que subi\u00f3 el b\u00e1sico a $32.000 con lo que la mitad de la \u201cremuneraci\u00f3n no reembolsable\u201d que se otorga desde el&nbsp;Ministerio de Trabajo se index\u00f3.<\/p>\n\n\n\n<p class=\"wp-block-paragraph\">El programa apunta a \u201cpreservar los puestos de trabajo de aquellos trabajadores que desarrollan sus tareas en \u00e1reas geogr\u00e1ficas o sectores econ\u00f3micos en situaci\u00f3n de crisis\u201d.<\/p>\n\n\n\n<p class=\"wp-block-paragraph\">En sus considerandos, la iniciativa tambi\u00e9n aclara que el \u201cbeneficio es por \u00fanica vez a los trabajadores de la empresa, donde se compromete a abonar a cada trabajador la suma correspondiente para completar la remuneraci\u00f3n y mantener la relaci\u00f3n laboral por un plazo igual a la duraci\u00f3n del beneficio\u201d.<\/p>\n\n\n\n<p class=\"wp-block-paragraph\">De esta manera, busca \u201cacompa\u00f1ar y sostener la generaci\u00f3n de nuevos puestos de trabajo a empresas adheridas al R\u00e9gimen de Promoci\u00f3n Industrial (Ley n\u00ba 13.656) y que se encuentren en aquellos sectores econ\u00f3micos y regiones geogr\u00e1ficas consideradas estrat\u00e9gicas por el Gobierno provincial\u201d.<\/p>\n\n\n\n<p class=\"wp-block-paragraph\"><strong>Fuente: codigobaires.com.ar<\/strong><\/p>\n","protected":false},"excerpt":{"rendered":"<p>El programa apunta a \u201cpreservar los puestos de trabajo de aquellos trabajadores que desarrollan sus tareas en \u00e1reas geogr\u00e1ficas o sectores econ\u00f3micos en situaci\u00f3n de crisis\u201d<\/p>\n","protected":false},"author":2,"featured_media":89238,"comment_status":"closed","ping_status":"open","sticky":false,"template":"","format":"standard","meta":{"footnotes":""},"categories":[50],"tags":[5603],"class_list":["post-89237","post","type-post","status-publish","format-standard","has-post-thumbnail","hentry","category-c1nota4","tag-programa-de-preservacion-del-trabajo"],"featured_image_urls":{"full":["https:\/\/infoecos.com.ar\/wp-content\/uploads\/2021\/11\/kicillofpreba.jpg",1000,703,false],"thumbnail":["https:\/\/infoecos.com.ar\/wp-content\/uploads\/2021\/11\/kicillofpreba-150x150.jpg",150,150,true],"medium":["https:\/\/infoecos.com.ar\/wp-content\/uploads\/2021\/11\/kicillofpreba-460x323.jpg",460,323,true],"medium_large":["https:\/\/infoecos.com.ar\/wp-content\/uploads\/2021\/11\/kicillofpreba-768x540.jpg",640,450,true],"large":["https:\/\/infoecos.com.ar\/wp-content\/uploads\/2021\/11\/kicillofpreba-920x647.jpg",640,450,true],"1536x1536":["https:\/\/infoecos.com.ar\/wp-content\/uploads\/2021\/11\/kicillofpreba.jpg",1000,703,false],"2048x2048":["https:\/\/infoecos.com.ar\/wp-content\/uploads\/2021\/11\/kicillofpreba.jpg",1000,703,false],"covernews-slider-full":["https:\/\/infoecos.com.ar\/wp-content\/uploads\/2021\/11\/kicillofpreba.jpg",1000,703,false],"covernews-slider-center":["https:\/\/infoecos.com.ar\/wp-content\/uploads\/2021\/11\/kicillofpreba-936x703.jpg",666,500,true],"covernews-featured":["https:\/\/infoecos.com.ar\/wp-content\/uploads\/2021\/11\/kicillofpreba.jpg",1000,703,false],"covernews-medium":["https:\/\/infoecos.com.ar\/wp-content\/uploads\/2021\/11\/kicillofpreba-720x380.jpg",540,285,true],"covernews-medium-square":["https:\/\/infoecos.com.ar\/wp-content\/uploads\/2021\/11\/kicillofpreba-675x450.jpg",375,250,true]},"author_info":{"info":["Jorge Matheus"]},"category_info":"<a href=\"https:\/\/infoecos.com.ar\/index.php\/category\/c1nota4\/\" rel=\"category tag\">C1 N4<\/a>","tag_info":"C1 N4","comment_count":"0","_links":{"self":[{"href":"https:\/\/infoecos.com.ar\/index.php\/wp-json\/wp\/v2\/posts\/89237","targetHints":{"allow":["GET"]}}],"collection":[{"href":"https:\/\/infoecos.com.ar\/index.php\/wp-json\/wp\/v2\/posts"}],"about":[{"href":"https:\/\/infoecos.com.ar\/index.php\/wp-json\/wp\/v2\/types\/post"}],"author":[{"embeddable":true,"href":"https:\/\/infoecos.com.ar\/index.php\/wp-json\/wp\/v2\/users\/2"}],"replies":[{"embeddable":true,"href":"https:\/\/infoecos.com.ar\/index.php\/wp-json\/wp\/v2\/comments?post=89237"}],"version-history":[{"count":2,"href":"https:\/\/infoecos.com.ar\/index.php\/wp-json\/wp\/v2\/posts\/89237\/revisions"}],"predecessor-version":[{"id":89296,"href":"https:\/\/infoecos.com.ar\/index.php\/wp-json\/wp\/v2\/posts\/89237\/revisions\/89296"}],"wp:featuredmedia":[{"embeddable":true,"href":"https:\/\/infoecos.com.ar\/index.php\/wp-json\/wp\/v2\/media\/89238"}],"wp:attachment":[{"href":"https:\/\/infoecos.com.ar\/index.php\/wp-json\/wp\/v2\/media?parent=89237"}],"wp:term":[{"taxonomy":"category","embeddable":true,"href":"https:\/\/infoecos.com.ar\/index.php\/wp-json\/wp\/v2\/categories?post=89237"},{"taxonomy":"post_tag","embeddable":true,"href":"https:\/\/infoecos.com.ar\/index.php\/wp-json\/wp\/v2\/tags?post=89237"}],"curies":[{"name":"wp","href":"https:\/\/api.w.org\/{rel}","templated":true}]}}