{"id":89262,"date":"2021-11-10T09:04:51","date_gmt":"2021-11-10T12:04:51","guid":{"rendered":"http:\/\/infoecos.com.ar\/?p=89262"},"modified":"2021-11-10T09:04:51","modified_gmt":"2021-11-10T12:04:51","slug":"mas-de-2-millones-de-trabajadores-y-trabajadoras-cobran-hoy-el-complemento-para-el-salario-familiar","status":"publish","type":"post","link":"https:\/\/infoecos.com.ar\/index.php\/mas-de-2-millones-de-trabajadores-y-trabajadoras-cobran-hoy-el-complemento-para-el-salario-familiar\/","title":{"rendered":"M\u00e1s de 2 millones de trabajadores y trabajadoras cobran hoy el complemento para el Salario Familiar"},"content":{"rendered":"\n<p class=\"wp-block-paragraph\">ANSES inform\u00f3 que hoy se abona el Complemento Mensual para el Salario Familiar, que es de car\u00e1cter permanente y duplica el monto del Salario Familiar, a m\u00e1s de 2 millones de trabajadores y trabajadoras, a partir del aumento del 100 por ciento de las Asignaciones Familiares de m\u00e1s de 3 millones de ni\u00f1os, ni\u00f1as y adolescentes.<\/p>\n\n\n\n<div class=\"wp-block-image is-style-default\"><figure class=\"aligncenter size-medium\"><img loading=\"lazy\" decoding=\"async\" width=\"460\" height=\"259\" src=\"http:\/\/infoecos.com.ar\/wp-content\/uploads\/2021\/09\/RAVERTA-460x259.jpg\" alt=\"\" class=\"wp-image-86813\" srcset=\"https:\/\/infoecos.com.ar\/wp-content\/uploads\/2021\/09\/RAVERTA-460x259.jpg 460w, https:\/\/infoecos.com.ar\/wp-content\/uploads\/2021\/09\/RAVERTA-920x518.jpg 920w, https:\/\/infoecos.com.ar\/wp-content\/uploads\/2021\/09\/RAVERTA-768x432.jpg 768w, https:\/\/infoecos.com.ar\/wp-content\/uploads\/2021\/09\/RAVERTA.jpg 1004w\" sizes=\"auto, (max-width: 460px) 100vw, 460px\" \/><\/figure><\/div>\n\n\n\n<p class=\"wp-block-paragraph\">\u00ab<em>El Complemento para el Salario Familiar tiene que ver con poner en valor el esfuerzo que hacen todos los d\u00edas m\u00e1s de 2 millones de trabajadoras y trabajadores de nuestro pa\u00eds<\/em>\u201d, indic\u00f3 en declaraciones radiales la directora ejecutiva de ANSES,&nbsp;<strong>Fernanda Raverta<\/strong>.<\/p>\n\n\n\n<p class=\"wp-block-paragraph\">\u201c<em>Es un incremento de ingresos muy importante para las familias argentinas que implementamos a partir de duplicar las asignaciones familiares que perciben por sus hijas y sus hijos. Esas mismas asignaciones que durante el gobierno de Mauricio Macri perdieron 20 por ciento de su poder adquisitivo<\/em>\u201d, se\u00f1al\u00f3.<\/p>\n\n\n\n<p class=\"wp-block-paragraph\">El pago del Complemento para el Salario Familiar alcanza a todas las trabajadoras y trabajadores registrados con hijas e hijos a cargo que cuentan con ingresos familiares de hasta 115.062 pesos, monotributistas A, B, C o D y titulares de la Prestaci\u00f3n por Desempleo.<\/p>\n","protected":false},"excerpt":{"rendered":"<p>\u201cEs un incremento de ingresos muy importante para las familias argentinas que implementamos a partir de duplicar las asignaciones familiares que perciben por sus hijas y sus hijos\u00bb, dijo Raverta<\/p>\n","protected":false},"author":2,"featured_media":85340,"comment_status":"closed","ping_status":"open","sticky":false,"template":"","format":"standard","meta":{"footnotes":""},"categories":[29],"tags":[4632],"class_list":["post-89262","post","type-post","status-publish","format-standard","has-post-thumbnail","hentry","category-c2nota1","tag-sistema-previsional"],"featured_image_urls":{"full":["https:\/\/infoecos.com.ar\/wp-content\/uploads\/2021\/09\/anses.jpg",1024,576,false],"thumbnail":["https:\/\/infoecos.com.ar\/wp-content\/uploads\/2021\/09\/anses-150x150.jpg",150,150,true],"medium":["https:\/\/infoecos.com.ar\/wp-content\/uploads\/2021\/09\/anses-460x259.jpg",460,259,true],"medium_large":["https:\/\/infoecos.com.ar\/wp-content\/uploads\/2021\/09\/anses-768x432.jpg",640,360,true],"large":["https:\/\/infoecos.com.ar\/wp-content\/uploads\/2021\/09\/anses-920x518.jpg",640,360,true],"1536x1536":["https:\/\/infoecos.com.ar\/wp-content\/uploads\/2021\/09\/anses.jpg",1024,576,false],"2048x2048":["https:\/\/infoecos.com.ar\/wp-content\/uploads\/2021\/09\/anses.jpg",1024,576,false],"covernews-slider-full":["https:\/\/infoecos.com.ar\/wp-content\/uploads\/2021\/09\/anses.jpg",1024,576,false],"covernews-slider-center":["https:\/\/infoecos.com.ar\/wp-content\/uploads\/2021\/09\/anses-936x576.jpg",800,492,true],"covernews-featured":["https:\/\/infoecos.com.ar\/wp-content\/uploads\/2021\/09\/anses.jpg",1024,576,false],"covernews-medium":["https:\/\/infoecos.com.ar\/wp-content\/uploads\/2021\/09\/anses-720x380.jpg",540,285,true],"covernews-medium-square":["https:\/\/infoecos.com.ar\/wp-content\/uploads\/2021\/09\/anses-675x450.jpg",375,250,true]},"author_info":{"info":["Jorge Matheus"]},"category_info":"<a href=\"https:\/\/infoecos.com.ar\/index.php\/category\/c2nota1\/\" rel=\"category tag\">C2 nota 1<\/a>","tag_info":"C2 nota 1","comment_count":"0","_links":{"self":[{"href":"https:\/\/infoecos.com.ar\/index.php\/wp-json\/wp\/v2\/posts\/89262","targetHints":{"allow":["GET"]}}],"collection":[{"href":"https:\/\/infoecos.com.ar\/index.php\/wp-json\/wp\/v2\/posts"}],"about":[{"href":"https:\/\/infoecos.com.ar\/index.php\/wp-json\/wp\/v2\/types\/post"}],"author":[{"embeddable":true,"href":"https:\/\/infoecos.com.ar\/index.php\/wp-json\/wp\/v2\/users\/2"}],"replies":[{"embeddable":true,"href":"https:\/\/infoecos.com.ar\/index.php\/wp-json\/wp\/v2\/comments?post=89262"}],"version-history":[{"count":1,"href":"https:\/\/infoecos.com.ar\/index.php\/wp-json\/wp\/v2\/posts\/89262\/revisions"}],"predecessor-version":[{"id":89263,"href":"https:\/\/infoecos.com.ar\/index.php\/wp-json\/wp\/v2\/posts\/89262\/revisions\/89263"}],"wp:featuredmedia":[{"embeddable":true,"href":"https:\/\/infoecos.com.ar\/index.php\/wp-json\/wp\/v2\/media\/85340"}],"wp:attachment":[{"href":"https:\/\/infoecos.com.ar\/index.php\/wp-json\/wp\/v2\/media?parent=89262"}],"wp:term":[{"taxonomy":"category","embeddable":true,"href":"https:\/\/infoecos.com.ar\/index.php\/wp-json\/wp\/v2\/categories?post=89262"},{"taxonomy":"post_tag","embeddable":true,"href":"https:\/\/infoecos.com.ar\/index.php\/wp-json\/wp\/v2\/tags?post=89262"}],"curies":[{"name":"wp","href":"https:\/\/api.w.org\/{rel}","templated":true}]}}