{"id":89267,"date":"2021-11-10T09:27:13","date_gmt":"2021-11-10T12:27:13","guid":{"rendered":"http:\/\/infoecos.com.ar\/?p=89267"},"modified":"2021-11-10T09:51:03","modified_gmt":"2021-11-10T12:51:03","slug":"se-iniciaron-los-trabajos-de-repavimentacion-de-la-ruta-85-desde-guamini-a-coronel-suarez","status":"publish","type":"post","link":"https:\/\/infoecos.com.ar\/index.php\/se-iniciaron-los-trabajos-de-repavimentacion-de-la-ruta-85-desde-guamini-a-coronel-suarez\/","title":{"rendered":"Se iniciaron los trabajos de repavimentaci\u00f3n de la Ruta 85 desde Guamin\u00ed a Coronel Su\u00e1rez"},"content":{"rendered":"\n<p class=\"wp-block-paragraph\">Se iniciaron los trabajos de repavimentaci\u00f3n de la ruta 85 desde Guamin\u00ed, hasta el l\u00edmite con el distrito de Coronel Su\u00e1rez.<\/p>\n\n\n\n<figure class=\"wp-block-image size-large is-style-default\"><img loading=\"lazy\" decoding=\"async\" width=\"518\" height=\"920\" src=\"http:\/\/infoecos.com.ar\/wp-content\/uploads\/2021\/11\/rutapavimen1-518x920.jpg\" alt=\"Una inversi\u00f3n de 450 millones por parte de la provincia. El tramo de referencia est\u00e1 pr\u00e1cticamente intransitable \" class=\"wp-image-89268\" srcset=\"https:\/\/infoecos.com.ar\/wp-content\/uploads\/2021\/11\/rutapavimen1-518x920.jpg 518w, https:\/\/infoecos.com.ar\/wp-content\/uploads\/2021\/11\/rutapavimen1-259x460.jpg 259w, https:\/\/infoecos.com.ar\/wp-content\/uploads\/2021\/11\/rutapavimen1.jpg 720w\" sizes=\"auto, (max-width: 518px) 100vw, 518px\" \/><\/figure>\n\n\n\n<p class=\"wp-block-paragraph\">A trav\u00e9s de las redes sociales el gobierno comunal y el ex intendente, N\u00e9stor \u00c1lvarez, se refirieron a esta realizaci\u00f3n agradeciendo al gobierno de la provincia de Buenos Aires, especialmente al mandatario Axel Kicillof por haber tomado la decisi\u00f3n pol\u00edtica. <\/p>\n\n\n\n<p class=\"wp-block-paragraph\">Los trabajos comprender\u00e1n 23 kil\u00f3metros con una inversi\u00f3n de 450 millones por parte de la provincia. El tramo de referencia est\u00e1 pr\u00e1cticamente intransitable.  <\/p>\n","protected":false},"excerpt":{"rendered":"<p>Se iniciaron los trabajos de repavimentaci\u00f3n de la ruta 85 desde Guamin\u00ed, hasta el l\u00edmite&#8230;<\/p>\n","protected":false},"author":2,"featured_media":89268,"comment_status":"closed","ping_status":"open","sticky":false,"template":"","format":"standard","meta":{"footnotes":""},"categories":[1613],"tags":[],"class_list":["post-89267","post","type-post","status-publish","format-standard","has-post-thumbnail","hentry","category-noticia-secundaria"],"featured_image_urls":{"full":["https:\/\/infoecos.com.ar\/wp-content\/uploads\/2021\/11\/rutapavimen1.jpg",720,1280,false],"thumbnail":["https:\/\/infoecos.com.ar\/wp-content\/uploads\/2021\/11\/rutapavimen1-150x150.jpg",150,150,true],"medium":["https:\/\/infoecos.com.ar\/wp-content\/uploads\/2021\/11\/rutapavimen1-259x460.jpg",259,460,true],"medium_large":["https:\/\/infoecos.com.ar\/wp-content\/uploads\/2021\/11\/rutapavimen1.jpg",640,1138,false],"large":["https:\/\/infoecos.com.ar\/wp-content\/uploads\/2021\/11\/rutapavimen1-518x920.jpg",518,920,true],"1536x1536":["https:\/\/infoecos.com.ar\/wp-content\/uploads\/2021\/11\/rutapavimen1.jpg",720,1280,false],"2048x2048":["https:\/\/infoecos.com.ar\/wp-content\/uploads\/2021\/11\/rutapavimen1.jpg",720,1280,false],"covernews-slider-full":["https:\/\/infoecos.com.ar\/wp-content\/uploads\/2021\/11\/rutapavimen1-720x1020.jpg",505,715,true],"covernews-slider-center":["https:\/\/infoecos.com.ar\/wp-content\/uploads\/2021\/11\/rutapavimen1-720x897.jpg",401,500,true],"covernews-featured":["https:\/\/infoecos.com.ar\/wp-content\/uploads\/2021\/11\/rutapavimen1.jpg",720,1280,false],"covernews-medium":["https:\/\/infoecos.com.ar\/wp-content\/uploads\/2021\/11\/rutapavimen1-720x380.jpg",540,285,true],"covernews-medium-square":["https:\/\/infoecos.com.ar\/wp-content\/uploads\/2021\/11\/rutapavimen1-675x450.jpg",375,250,true]},"author_info":{"info":["Jorge Matheus"]},"category_info":"<a href=\"https:\/\/infoecos.com.ar\/index.php\/category\/noticia-secundaria\/\" rel=\"category tag\">Noticia Secundaria<\/a>","tag_info":"Noticia Secundaria","comment_count":"0","_links":{"self":[{"href":"https:\/\/infoecos.com.ar\/index.php\/wp-json\/wp\/v2\/posts\/89267","targetHints":{"allow":["GET"]}}],"collection":[{"href":"https:\/\/infoecos.com.ar\/index.php\/wp-json\/wp\/v2\/posts"}],"about":[{"href":"https:\/\/infoecos.com.ar\/index.php\/wp-json\/wp\/v2\/types\/post"}],"author":[{"embeddable":true,"href":"https:\/\/infoecos.com.ar\/index.php\/wp-json\/wp\/v2\/users\/2"}],"replies":[{"embeddable":true,"href":"https:\/\/infoecos.com.ar\/index.php\/wp-json\/wp\/v2\/comments?post=89267"}],"version-history":[{"count":1,"href":"https:\/\/infoecos.com.ar\/index.php\/wp-json\/wp\/v2\/posts\/89267\/revisions"}],"predecessor-version":[{"id":89269,"href":"https:\/\/infoecos.com.ar\/index.php\/wp-json\/wp\/v2\/posts\/89267\/revisions\/89269"}],"wp:featuredmedia":[{"embeddable":true,"href":"https:\/\/infoecos.com.ar\/index.php\/wp-json\/wp\/v2\/media\/89268"}],"wp:attachment":[{"href":"https:\/\/infoecos.com.ar\/index.php\/wp-json\/wp\/v2\/media?parent=89267"}],"wp:term":[{"taxonomy":"category","embeddable":true,"href":"https:\/\/infoecos.com.ar\/index.php\/wp-json\/wp\/v2\/categories?post=89267"},{"taxonomy":"post_tag","embeddable":true,"href":"https:\/\/infoecos.com.ar\/index.php\/wp-json\/wp\/v2\/tags?post=89267"}],"curies":[{"name":"wp","href":"https:\/\/api.w.org\/{rel}","templated":true}]}}