{"id":89294,"date":"2021-11-10T12:53:42","date_gmt":"2021-11-10T15:53:42","guid":{"rendered":"http:\/\/infoecos.com.ar\/?p=89294"},"modified":"2021-11-10T12:53:43","modified_gmt":"2021-11-10T15:53:43","slug":"el-intendente-de-roque-perez-se-expreso-con-euforia-por-las-obras-en-la-cuenca-del-salado","status":"publish","type":"post","link":"https:\/\/infoecos.com.ar\/index.php\/el-intendente-de-roque-perez-se-expreso-con-euforia-por-las-obras-en-la-cuenca-del-salado\/","title":{"rendered":"El intendente de Roque P\u00e9rez se expres\u00f3 con euforia por las obras en la Cuenca del Salado"},"content":{"rendered":"\n<p class=\"wp-block-paragraph\">El intendente de Roque P\u00e9rez, Juan Pablo Gasparini, brind\u00f3 detalles sobre el dragado de la cuenca del R\u00edo Salado y dijo que \u201cestoy contento porque le pedimos al Gobernador que muestre estas obras. El gobierno anterior hizo s\u00f3lo el 9% y nosotros, en pandemia, ya llevamos m\u00e1s del 30%\u201d.<\/p>\n\n\n\n<div class=\"wp-block-image is-style-default\"><figure class=\"aligncenter size-medium\"><img loading=\"lazy\" decoding=\"async\" width=\"460\" height=\"307\" src=\"http:\/\/infoecos.com.ar\/wp-content\/uploads\/2021\/11\/AB1225_2-460x307.jpg\" alt=\"\" class=\"wp-image-89256\" srcset=\"https:\/\/infoecos.com.ar\/wp-content\/uploads\/2021\/11\/AB1225_2-460x307.jpg 460w, https:\/\/infoecos.com.ar\/wp-content\/uploads\/2021\/11\/AB1225_2-920x613.jpg 920w, https:\/\/infoecos.com.ar\/wp-content\/uploads\/2021\/11\/AB1225_2-768x512.jpg 768w, https:\/\/infoecos.com.ar\/wp-content\/uploads\/2021\/11\/AB1225_2-1536x1024.jpg 1536w, https:\/\/infoecos.com.ar\/wp-content\/uploads\/2021\/11\/AB1225_2-2048x1365.jpg 2048w, https:\/\/infoecos.com.ar\/wp-content\/uploads\/2021\/11\/AB1225_2-1024x683.jpg 1024w, https:\/\/infoecos.com.ar\/wp-content\/uploads\/2021\/11\/AB1225_2-675x450.jpg 675w\" sizes=\"auto, (max-width: 460px) 100vw, 460px\" \/><\/figure><\/div>\n\n\n\n<p class=\"wp-block-paragraph\">En declaraciones a Radio Provincia destac\u00f3 que \u201cnecesit\u00e1bamos esto, adem\u00e1s se est\u00e1 haciendo una costanera y se van a recuperar muchas hect\u00e1reas que nos permitir\u00e1 por suerte tener una gran afluencia tur\u00edstica\u201d.<\/p>\n\n\n\n<p class=\"wp-block-paragraph\">Gasparini agreg\u00f3 que Roque P\u00e9rez es \u00abun pueblo que nadie conoc\u00eda y ahora tiene todos los fines de semana turismo. Adem\u00e1s, tiene la casa donde naci\u00f3 Per\u00f3n y en eso no hay discusi\u00f3n. Estamos recuperando todos los almacenes de campo y la historia de nuestro pueblo. Tenemos que saber de d\u00f3nde venimos para saber qu\u00e9 futuro queremos\u00bb.<\/p>\n\n\n\n<p class=\"wp-block-paragraph\">A\u00f1adi\u00f3 que \u201ctenemos mejoras en seguridad, escuelas nuevas, obras en caminos\u201d y precis\u00f3 que \u201cRoque P\u00e9rez ha crecido much\u00edsimo y tenemos mucho que mostrar\u00bb.<\/p>\n\n\n\n<p class=\"wp-block-paragraph\">Gasparini sostuvo que \u00abel gobierno est\u00e1 trabajando bien y ojal\u00e1 le vaya mejor pero no todo es el campo, todas las industrias tienen que ir mejorando. Hemos tenido muchas conquistas\u00bb.<\/p>\n","protected":false},"excerpt":{"rendered":"<p>En declaraciones a Radio Provincia destac\u00f3 que \u201cnecesit\u00e1bamos esto, adem\u00e1s se est\u00e1 haciendo una costanera y se van a recuperar muchas hect\u00e1reas que nos permitir\u00e1 por suerte tener una gran afluencia tur\u00edstica\u201d<\/p>\n","protected":false},"author":2,"featured_media":89257,"comment_status":"closed","ping_status":"open","sticky":false,"template":"","format":"standard","meta":{"footnotes":""},"categories":[49],"tags":[5613],"class_list":["post-89294","post","type-post","status-publish","format-standard","has-post-thumbnail","hentry","category-c3nota3","tag-las-recorrio-el-gobernador"],"featured_image_urls":{"full":["https:\/\/infoecos.com.ar\/wp-content\/uploads\/2021\/11\/AB1011_2-scaled.jpg",2560,1706,false],"thumbnail":["https:\/\/infoecos.com.ar\/wp-content\/uploads\/2021\/11\/AB1011_2-150x150.jpg",150,150,true],"medium":["https:\/\/infoecos.com.ar\/wp-content\/uploads\/2021\/11\/AB1011_2-460x306.jpg",460,306,true],"medium_large":["https:\/\/infoecos.com.ar\/wp-content\/uploads\/2021\/11\/AB1011_2-768x512.jpg",640,427,true],"large":["https:\/\/infoecos.com.ar\/wp-content\/uploads\/2021\/11\/AB1011_2-920x613.jpg",640,426,true],"1536x1536":["https:\/\/infoecos.com.ar\/wp-content\/uploads\/2021\/11\/AB1011_2-1536x1023.jpg",1536,1023,true],"2048x2048":["https:\/\/infoecos.com.ar\/wp-content\/uploads\/2021\/11\/AB1011_2-2048x1364.jpg",2048,1364,true],"covernews-slider-full":["https:\/\/infoecos.com.ar\/wp-content\/uploads\/2021\/11\/AB1011_2-1536x1020.jpg",1077,715,true],"covernews-slider-center":["https:\/\/infoecos.com.ar\/wp-content\/uploads\/2021\/11\/AB1011_2-936x897.jpg",522,500,true],"covernews-featured":["https:\/\/infoecos.com.ar\/wp-content\/uploads\/2021\/11\/AB1011_2-1024x682.jpg",1024,682,true],"covernews-medium":["https:\/\/infoecos.com.ar\/wp-content\/uploads\/2021\/11\/AB1011_2-720x380.jpg",540,285,true],"covernews-medium-square":["https:\/\/infoecos.com.ar\/wp-content\/uploads\/2021\/11\/AB1011_2-675x450.jpg",375,250,true]},"author_info":{"info":["Jorge Matheus"]},"category_info":"<a href=\"https:\/\/infoecos.com.ar\/index.php\/category\/c3nota3\/\" rel=\"category tag\">C3 N3<\/a>","tag_info":"C3 N3","comment_count":"0","_links":{"self":[{"href":"https:\/\/infoecos.com.ar\/index.php\/wp-json\/wp\/v2\/posts\/89294","targetHints":{"allow":["GET"]}}],"collection":[{"href":"https:\/\/infoecos.com.ar\/index.php\/wp-json\/wp\/v2\/posts"}],"about":[{"href":"https:\/\/infoecos.com.ar\/index.php\/wp-json\/wp\/v2\/types\/post"}],"author":[{"embeddable":true,"href":"https:\/\/infoecos.com.ar\/index.php\/wp-json\/wp\/v2\/users\/2"}],"replies":[{"embeddable":true,"href":"https:\/\/infoecos.com.ar\/index.php\/wp-json\/wp\/v2\/comments?post=89294"}],"version-history":[{"count":1,"href":"https:\/\/infoecos.com.ar\/index.php\/wp-json\/wp\/v2\/posts\/89294\/revisions"}],"predecessor-version":[{"id":89295,"href":"https:\/\/infoecos.com.ar\/index.php\/wp-json\/wp\/v2\/posts\/89294\/revisions\/89295"}],"wp:featuredmedia":[{"embeddable":true,"href":"https:\/\/infoecos.com.ar\/index.php\/wp-json\/wp\/v2\/media\/89257"}],"wp:attachment":[{"href":"https:\/\/infoecos.com.ar\/index.php\/wp-json\/wp\/v2\/media?parent=89294"}],"wp:term":[{"taxonomy":"category","embeddable":true,"href":"https:\/\/infoecos.com.ar\/index.php\/wp-json\/wp\/v2\/categories?post=89294"},{"taxonomy":"post_tag","embeddable":true,"href":"https:\/\/infoecos.com.ar\/index.php\/wp-json\/wp\/v2\/tags?post=89294"}],"curies":[{"name":"wp","href":"https:\/\/api.w.org\/{rel}","templated":true}]}}