{"id":89307,"date":"2021-11-11T13:11:58","date_gmt":"2021-11-11T16:11:58","guid":{"rendered":"http:\/\/infoecos.com.ar\/?p=89307"},"modified":"2021-11-11T13:11:59","modified_gmt":"2021-11-11T16:11:59","slug":"casbas-esta-cumpliendo-110-anos-de-vida-y-se-celebra-a-partir-de-las-17-horas-de-hoy","status":"publish","type":"post","link":"https:\/\/infoecos.com.ar\/index.php\/casbas-esta-cumpliendo-110-anos-de-vida-y-se-celebra-a-partir-de-las-17-horas-de-hoy\/","title":{"rendered":"Casbas est\u00e1 cumpliendo 110 a\u00f1os de vida y se celebra a partir de las 17 horas de hoy"},"content":{"rendered":"\n<p class=\"wp-block-paragraph\">La pujante localidad de Casbas en el distrito de Guamin\u00ed est\u00e1 cumpliendo 110 a\u00f1os. Se celebra institucional y comunitariamente en horas de la tarde de este jueves.<\/p>\n\n\n\n<div class=\"wp-block-image is-style-default\"><figure class=\"aligncenter size-medium\"><img loading=\"lazy\" decoding=\"async\" width=\"460\" height=\"344\" src=\"http:\/\/infoecos.com.ar\/wp-content\/uploads\/2021\/11\/casbas-460x344.jpg\" alt=\"\" class=\"wp-image-89308\" srcset=\"https:\/\/infoecos.com.ar\/wp-content\/uploads\/2021\/11\/casbas-460x344.jpg 460w, https:\/\/infoecos.com.ar\/wp-content\/uploads\/2021\/11\/casbas-920x688.jpg 920w, https:\/\/infoecos.com.ar\/wp-content\/uploads\/2021\/11\/casbas-768x574.jpg 768w, https:\/\/infoecos.com.ar\/wp-content\/uploads\/2021\/11\/casbas.jpg 960w\" sizes=\"auto, (max-width: 460px) 100vw, 460px\" \/><\/figure><\/div>\n\n\n\n<p class=\"wp-block-paragraph\">A las 17 horas se celebrar\u00e1 una Misa en Acci\u00f3n de Gracias en la parroquia Santa Teresita del Ni\u00f1o Jes\u00fas. Posteriormente, se concretar\u00e1 el acto protocolar.<\/p>\n\n\n\n<div class=\"wp-block-image is-style-default\"><figure class=\"aligncenter size-medium\"><img loading=\"lazy\" decoding=\"async\" width=\"460\" height=\"305\" src=\"http:\/\/infoecos.com.ar\/wp-content\/uploads\/2021\/11\/casbas12-460x305.jpg\" alt=\"\" class=\"wp-image-89309\" srcset=\"https:\/\/infoecos.com.ar\/wp-content\/uploads\/2021\/11\/casbas12-460x305.jpg 460w, https:\/\/infoecos.com.ar\/wp-content\/uploads\/2021\/11\/casbas12-920x610.jpg 920w, https:\/\/infoecos.com.ar\/wp-content\/uploads\/2021\/11\/casbas12-768x509.jpg 768w, https:\/\/infoecos.com.ar\/wp-content\/uploads\/2021\/11\/casbas12-1536x1020.jpg 1536w, https:\/\/infoecos.com.ar\/wp-content\/uploads\/2021\/11\/casbas12-1024x679.jpg 1024w, https:\/\/infoecos.com.ar\/wp-content\/uploads\/2021\/11\/casbas12.jpg 1544w\" sizes=\"auto, (max-width: 460px) 100vw, 460px\" \/><\/figure><\/div>\n\n\n\n<p class=\"wp-block-paragraph\">Para las 19.30 est\u00e1 programado un espect\u00e1culo en la Plaza Central, con la participaci\u00f3n de Maxi Latig\u00e1n y su banda; Horacio Santo Domingo; el Taller Municipal de Tango; La Mamba Negra y el cierre con el ganador del programa televisivo \u00abLa Voz Argentina\u00bb, Francisco Ben\u00edtez.<\/p>\n","protected":false},"excerpt":{"rendered":"<p>Para las 19.30 est\u00e1 programado un espect\u00e1culo en la Plaza Central, con la participaci\u00f3n de Maxi Latig\u00e1n y su banda; Horacio Santo Domingo; el Taller Municipal de Tango; La Mamba Negra y el cierre con el ganador del programa televisivo \u00abLa Voz Argentina\u00bb, Francisco Ben\u00edtez<\/p>\n","protected":false},"author":2,"featured_media":89308,"comment_status":"closed","ping_status":"open","sticky":false,"template":"","format":"standard","meta":{"footnotes":""},"categories":[1612],"tags":[],"class_list":["post-89307","post","type-post","status-publish","format-standard","has-post-thumbnail","hentry","category-noticia-principal"],"featured_image_urls":{"full":["https:\/\/infoecos.com.ar\/wp-content\/uploads\/2021\/11\/casbas.jpg",960,718,false],"thumbnail":["https:\/\/infoecos.com.ar\/wp-content\/uploads\/2021\/11\/casbas-150x150.jpg",150,150,true],"medium":["https:\/\/infoecos.com.ar\/wp-content\/uploads\/2021\/11\/casbas-460x344.jpg",460,344,true],"medium_large":["https:\/\/infoecos.com.ar\/wp-content\/uploads\/2021\/11\/casbas-768x574.jpg",640,478,true],"large":["https:\/\/infoecos.com.ar\/wp-content\/uploads\/2021\/11\/casbas-920x688.jpg",640,479,true],"1536x1536":["https:\/\/infoecos.com.ar\/wp-content\/uploads\/2021\/11\/casbas.jpg",960,718,false],"2048x2048":["https:\/\/infoecos.com.ar\/wp-content\/uploads\/2021\/11\/casbas.jpg",960,718,false],"covernews-slider-full":["https:\/\/infoecos.com.ar\/wp-content\/uploads\/2021\/11\/casbas.jpg",956,715,false],"covernews-slider-center":["https:\/\/infoecos.com.ar\/wp-content\/uploads\/2021\/11\/casbas-936x718.jpg",652,500,true],"covernews-featured":["https:\/\/infoecos.com.ar\/wp-content\/uploads\/2021\/11\/casbas.jpg",960,718,false],"covernews-medium":["https:\/\/infoecos.com.ar\/wp-content\/uploads\/2021\/11\/casbas-720x380.jpg",540,285,true],"covernews-medium-square":["https:\/\/infoecos.com.ar\/wp-content\/uploads\/2021\/11\/casbas-675x450.jpg",375,250,true]},"author_info":{"info":["Jorge Matheus"]},"category_info":"<a href=\"https:\/\/infoecos.com.ar\/index.php\/category\/noticia-principal\/\" rel=\"category tag\">Noticia Principal<\/a>","tag_info":"Noticia Principal","comment_count":"0","_links":{"self":[{"href":"https:\/\/infoecos.com.ar\/index.php\/wp-json\/wp\/v2\/posts\/89307","targetHints":{"allow":["GET"]}}],"collection":[{"href":"https:\/\/infoecos.com.ar\/index.php\/wp-json\/wp\/v2\/posts"}],"about":[{"href":"https:\/\/infoecos.com.ar\/index.php\/wp-json\/wp\/v2\/types\/post"}],"author":[{"embeddable":true,"href":"https:\/\/infoecos.com.ar\/index.php\/wp-json\/wp\/v2\/users\/2"}],"replies":[{"embeddable":true,"href":"https:\/\/infoecos.com.ar\/index.php\/wp-json\/wp\/v2\/comments?post=89307"}],"version-history":[{"count":1,"href":"https:\/\/infoecos.com.ar\/index.php\/wp-json\/wp\/v2\/posts\/89307\/revisions"}],"predecessor-version":[{"id":89310,"href":"https:\/\/infoecos.com.ar\/index.php\/wp-json\/wp\/v2\/posts\/89307\/revisions\/89310"}],"wp:featuredmedia":[{"embeddable":true,"href":"https:\/\/infoecos.com.ar\/index.php\/wp-json\/wp\/v2\/media\/89308"}],"wp:attachment":[{"href":"https:\/\/infoecos.com.ar\/index.php\/wp-json\/wp\/v2\/media?parent=89307"}],"wp:term":[{"taxonomy":"category","embeddable":true,"href":"https:\/\/infoecos.com.ar\/index.php\/wp-json\/wp\/v2\/categories?post=89307"},{"taxonomy":"post_tag","embeddable":true,"href":"https:\/\/infoecos.com.ar\/index.php\/wp-json\/wp\/v2\/tags?post=89307"}],"curies":[{"name":"wp","href":"https:\/\/api.w.org\/{rel}","templated":true}]}}