{"id":89327,"date":"2021-11-11T16:57:44","date_gmt":"2021-11-11T19:57:44","guid":{"rendered":"http:\/\/infoecos.com.ar\/?p=89327"},"modified":"2021-11-11T16:57:45","modified_gmt":"2021-11-11T19:57:45","slug":"incertidumbre-el-dolar-blue-volvio-a-subir","status":"publish","type":"post","link":"https:\/\/infoecos.com.ar\/index.php\/incertidumbre-el-dolar-blue-volvio-a-subir\/","title":{"rendered":"Incertidumbre: el d\u00f3lar blue volvi\u00f3 a subir"},"content":{"rendered":"\n<p class=\"wp-block-paragraph\">El d\u00f3lar blue volvi\u00f3 a subir.\u00a0La cotizaci\u00f3n paralela registro este jueves un incremento de $ 1,5 para ubicarse en\u00a0$ 203,5 para la compra y\u00a0$ 206,5 para la venta,\u00a0con lo cual alcanz\u00f3 un nuevo m\u00e1ximo hist\u00f3rico.<\/p>\n\n\n\n<p class=\"wp-block-paragraph\">La cotizaci\u00f3n informal\u00a0contin\u00faa ampliando la brecha cambiaria, que\u00a0volvi\u00f3 a superar el 100%.\u00a0 La diferencia creci\u00f3 a casi\u00a0107%\u00a0respecto al tipo de cambio mayorista y por encima de 96% en comparaci\u00f3n con el minorista.<\/p>\n\n\n\n<div class=\"wp-block-image is-style-default\"><figure class=\"aligncenter size-medium\"><img decoding=\"async\" src=\"http:\/\/infoecos.com.ar\/wp-content\/uploads\/d-460x293.jpg\" alt=\"\" class=\"wp-image-9100\"\/><\/figure><\/div>\n\n\n\n<p class=\"wp-block-paragraph\">En tanto, los d\u00f3lares financieros que se operan con bonos AL30 vuelven a moderarse de cara al cierre, tras haber mostrado subas importantes al inicio de la rueda, con lo cual el\u00a0MEP\u00a0y el contado con liquidaci\u00f3n (<a rel=\"noreferrer noopener\" href=\"https:\/\/www.cronista.com\/MercadosOnline\/moneda.html?id=ARSCONT\" target=\"_blank\">CCL<\/a>) suben s\u00f3lo 0,4% para ubicarse por encima de los $ 183 en ambos casos.<\/p>\n\n\n\n<p class=\"wp-block-paragraph\">A la vez, los d\u00f3lares financieros que se operaron a trav\u00e9s del\u00a0\u00abSenebi\u00bb,\u00a0es decir, mediante acciones de empresas, el cual es m\u00e1s libre porque no est\u00e1 regulado, cotizaron\u00a0entre los $ 216 y $ 219.<\/p>\n\n\n\n<p class=\"wp-block-paragraph\">El tipo de cambio\u00a0mayorista\u00a0cerr\u00f3 la jornada en $ 100,17.<\/p>\n\n\n\n<p class=\"wp-block-paragraph\">El d\u00f3lar\u00a0minorista\u00a0se mantuvo sin cambios en $ 105,25 en las pantallas de Banco Naci\u00f3n y en $ 105,76 en el promedio de las entidades financieras<\/p>\n","protected":false},"excerpt":{"rendered":"<p>La diferencia creci\u00f3 a casi 107% respecto al tipo de cambio mayorista y por encima de 96% en comparaci\u00f3n con el minorista<\/p>\n","protected":false},"author":2,"featured_media":9100,"comment_status":"closed","ping_status":"open","sticky":false,"template":"","format":"standard","meta":{"footnotes":""},"categories":[25],"tags":[5616],"class_list":["post-89327","post","type-post","status-publish","format-standard","has-post-thumbnail","hentry","category-c3nota1","tag-el-comportamiento-del-mercado"],"featured_image_urls":{"full":"","thumbnail":"","medium":"","medium_large":"","large":"","1536x1536":"","2048x2048":"","covernews-slider-full":"","covernews-slider-center":"","covernews-featured":"","covernews-medium":"","covernews-medium-square":""},"author_info":{"info":["Jorge Matheus"]},"category_info":"<a href=\"https:\/\/infoecos.com.ar\/index.php\/category\/c3nota1\/\" rel=\"category tag\">C3 N1<\/a>","tag_info":"C3 N1","comment_count":"0","_links":{"self":[{"href":"https:\/\/infoecos.com.ar\/index.php\/wp-json\/wp\/v2\/posts\/89327","targetHints":{"allow":["GET"]}}],"collection":[{"href":"https:\/\/infoecos.com.ar\/index.php\/wp-json\/wp\/v2\/posts"}],"about":[{"href":"https:\/\/infoecos.com.ar\/index.php\/wp-json\/wp\/v2\/types\/post"}],"author":[{"embeddable":true,"href":"https:\/\/infoecos.com.ar\/index.php\/wp-json\/wp\/v2\/users\/2"}],"replies":[{"embeddable":true,"href":"https:\/\/infoecos.com.ar\/index.php\/wp-json\/wp\/v2\/comments?post=89327"}],"version-history":[{"count":1,"href":"https:\/\/infoecos.com.ar\/index.php\/wp-json\/wp\/v2\/posts\/89327\/revisions"}],"predecessor-version":[{"id":89328,"href":"https:\/\/infoecos.com.ar\/index.php\/wp-json\/wp\/v2\/posts\/89327\/revisions\/89328"}],"wp:attachment":[{"href":"https:\/\/infoecos.com.ar\/index.php\/wp-json\/wp\/v2\/media?parent=89327"}],"wp:term":[{"taxonomy":"category","embeddable":true,"href":"https:\/\/infoecos.com.ar\/index.php\/wp-json\/wp\/v2\/categories?post=89327"},{"taxonomy":"post_tag","embeddable":true,"href":"https:\/\/infoecos.com.ar\/index.php\/wp-json\/wp\/v2\/tags?post=89327"}],"curies":[{"name":"wp","href":"https:\/\/api.w.org\/{rel}","templated":true}]}}