{"id":89337,"date":"2021-11-11T17:28:04","date_gmt":"2021-11-11T20:28:04","guid":{"rendered":"http:\/\/infoecos.com.ar\/?p=89337"},"modified":"2021-11-12T10:49:54","modified_gmt":"2021-11-12T13:49:54","slug":"el-centro-municipal-de-testeo-en-trenque-lauquen-no-atendera-el-domingo","status":"publish","type":"post","link":"https:\/\/infoecos.com.ar\/index.php\/el-centro-municipal-de-testeo-en-trenque-lauquen-no-atendera-el-domingo\/","title":{"rendered":"El Centro Municipal de Testeo en Trenque Lauquen no atender\u00e1 el domingo"},"content":{"rendered":"\n<p class=\"wp-block-paragraph\">El \u00e1rea de Epidemiolog\u00eda del Hospital Municipal Dr. Pedro T. Orellana de Trenque Lauquen inform\u00f3 que el Centro Municipal de Testeo atender\u00e1 en sus horarios habituales este viernes, de 8 a 15.30, y el s\u00e1bado, de 9 a 13, mientras que permanecer\u00e1 cerrado el domingo, d\u00eda en que se desarrollar\u00e1n las elecciones generales legislativas. Y el lunes retomar\u00e1 las actividades normalmente.<\/p>\n\n\n\n<div class=\"wp-block-image is-style-default\"><figure class=\"aligncenter size-medium\"><img loading=\"lazy\" decoding=\"async\" width=\"460\" height=\"307\" src=\"http:\/\/infoecos.com.ar\/wp-content\/uploads\/2021\/11\/Centro-Municipal-de-Testeo-460x307.jpg\" alt=\"\" class=\"wp-image-89338\" srcset=\"https:\/\/infoecos.com.ar\/wp-content\/uploads\/2021\/11\/Centro-Municipal-de-Testeo-460x307.jpg 460w, https:\/\/infoecos.com.ar\/wp-content\/uploads\/2021\/11\/Centro-Municipal-de-Testeo-920x614.jpg 920w, https:\/\/infoecos.com.ar\/wp-content\/uploads\/2021\/11\/Centro-Municipal-de-Testeo-768x512.jpg 768w, https:\/\/infoecos.com.ar\/wp-content\/uploads\/2021\/11\/Centro-Municipal-de-Testeo-675x450.jpg 675w, https:\/\/infoecos.com.ar\/wp-content\/uploads\/2021\/11\/Centro-Municipal-de-Testeo.jpg 937w\" sizes=\"auto, (max-width: 460px) 100vw, 460px\" \/><\/figure><\/div>\n\n\n\n<p class=\"wp-block-paragraph\">El Centro Municipal de Testeo est\u00e1 ubicado en la Casa de la Historia y la Cultura, en la esquina de Belgrano y Scalese, frente al Parque Municipal, y se puede asistir en forma espont\u00e1nea o solicitar turno enviando un mensaje por WhatsApp al tel\u00e9fono (2392) 52-0721.<\/p>\n","protected":false},"excerpt":{"rendered":"<p>El Centro Municipal de Testeo est\u00e1 ubicado en la Casa de la Historia y la Cultura, en la esquina de Belgrano y Scalese, frente al Parque Municipal<\/p>\n","protected":false},"author":2,"featured_media":89338,"comment_status":"closed","ping_status":"open","sticky":false,"template":"","format":"standard","meta":{"footnotes":""},"categories":[46],"tags":[5618],"class_list":["post-89337","post","type-post","status-publish","format-standard","has-post-thumbnail","hentry","category-c2nota2","tag-viernes-y-sabado-atencion-normal"],"featured_image_urls":{"full":["https:\/\/infoecos.com.ar\/wp-content\/uploads\/2021\/11\/Centro-Municipal-de-Testeo.jpg",937,625,false],"thumbnail":["https:\/\/infoecos.com.ar\/wp-content\/uploads\/2021\/11\/Centro-Municipal-de-Testeo-150x150.jpg",150,150,true],"medium":["https:\/\/infoecos.com.ar\/wp-content\/uploads\/2021\/11\/Centro-Municipal-de-Testeo-460x307.jpg",460,307,true],"medium_large":["https:\/\/infoecos.com.ar\/wp-content\/uploads\/2021\/11\/Centro-Municipal-de-Testeo-768x512.jpg",640,427,true],"large":["https:\/\/infoecos.com.ar\/wp-content\/uploads\/2021\/11\/Centro-Municipal-de-Testeo-920x614.jpg",640,427,true],"1536x1536":["https:\/\/infoecos.com.ar\/wp-content\/uploads\/2021\/11\/Centro-Municipal-de-Testeo.jpg",937,625,false],"2048x2048":["https:\/\/infoecos.com.ar\/wp-content\/uploads\/2021\/11\/Centro-Municipal-de-Testeo.jpg",937,625,false],"covernews-slider-full":["https:\/\/infoecos.com.ar\/wp-content\/uploads\/2021\/11\/Centro-Municipal-de-Testeo.jpg",937,625,false],"covernews-slider-center":["https:\/\/infoecos.com.ar\/wp-content\/uploads\/2021\/11\/Centro-Municipal-de-Testeo.jpg",750,500,false],"covernews-featured":["https:\/\/infoecos.com.ar\/wp-content\/uploads\/2021\/11\/Centro-Municipal-de-Testeo.jpg",937,625,false],"covernews-medium":["https:\/\/infoecos.com.ar\/wp-content\/uploads\/2021\/11\/Centro-Municipal-de-Testeo-720x380.jpg",540,285,true],"covernews-medium-square":["https:\/\/infoecos.com.ar\/wp-content\/uploads\/2021\/11\/Centro-Municipal-de-Testeo-675x450.jpg",375,250,true]},"author_info":{"info":["Jorge Matheus"]},"category_info":"<a href=\"https:\/\/infoecos.com.ar\/index.php\/category\/c2nota2\/\" rel=\"category tag\">C2 N2<\/a>","tag_info":"C2 N2","comment_count":"0","_links":{"self":[{"href":"https:\/\/infoecos.com.ar\/index.php\/wp-json\/wp\/v2\/posts\/89337","targetHints":{"allow":["GET"]}}],"collection":[{"href":"https:\/\/infoecos.com.ar\/index.php\/wp-json\/wp\/v2\/posts"}],"about":[{"href":"https:\/\/infoecos.com.ar\/index.php\/wp-json\/wp\/v2\/types\/post"}],"author":[{"embeddable":true,"href":"https:\/\/infoecos.com.ar\/index.php\/wp-json\/wp\/v2\/users\/2"}],"replies":[{"embeddable":true,"href":"https:\/\/infoecos.com.ar\/index.php\/wp-json\/wp\/v2\/comments?post=89337"}],"version-history":[{"count":1,"href":"https:\/\/infoecos.com.ar\/index.php\/wp-json\/wp\/v2\/posts\/89337\/revisions"}],"predecessor-version":[{"id":89339,"href":"https:\/\/infoecos.com.ar\/index.php\/wp-json\/wp\/v2\/posts\/89337\/revisions\/89339"}],"wp:featuredmedia":[{"embeddable":true,"href":"https:\/\/infoecos.com.ar\/index.php\/wp-json\/wp\/v2\/media\/89338"}],"wp:attachment":[{"href":"https:\/\/infoecos.com.ar\/index.php\/wp-json\/wp\/v2\/media?parent=89337"}],"wp:term":[{"taxonomy":"category","embeddable":true,"href":"https:\/\/infoecos.com.ar\/index.php\/wp-json\/wp\/v2\/categories?post=89337"},{"taxonomy":"post_tag","embeddable":true,"href":"https:\/\/infoecos.com.ar\/index.php\/wp-json\/wp\/v2\/tags?post=89337"}],"curies":[{"name":"wp","href":"https:\/\/api.w.org\/{rel}","templated":true}]}}