{"id":89340,"date":"2021-11-13T14:52:34","date_gmt":"2021-11-13T17:52:34","guid":{"rendered":"http:\/\/infoecos.com.ar\/?p=89340"},"modified":"2021-11-13T14:52:35","modified_gmt":"2021-11-13T17:52:35","slug":"fatal-accidente-en-el-kilometro-500-de-la-ruta-nacional-5-murieron-dos-jovenes-de-pellegrini","status":"publish","type":"post","link":"https:\/\/infoecos.com.ar\/index.php\/fatal-accidente-en-el-kilometro-500-de-la-ruta-nacional-5-murieron-dos-jovenes-de-pellegrini\/","title":{"rendered":"Fatal accidente en el kil\u00f3metro 500 de la Ruta Nacional 5: murieron dos j\u00f3venes de Pellegrini"},"content":{"rendered":"\n<p class=\"wp-block-paragraph\">Una mujer de 25 a\u00f1os y un hombre de 37, oriundos de Pellegrini fallecieron esta madrugada en un accidente sobre la ruta 5, al chocar el auto que se conduc\u00edan con un cami\u00f3n.<\/p>\n\n\n\n<div class=\"wp-block-image is-style-default\"><figure class=\"aligncenter size-medium\"><img loading=\"lazy\" decoding=\"async\" width=\"460\" height=\"345\" src=\"http:\/\/infoecos.com.ar\/wp-content\/uploads\/2021\/11\/accidenteruta5km500-460x345.jpg\" alt=\"\" class=\"wp-image-89341\" srcset=\"https:\/\/infoecos.com.ar\/wp-content\/uploads\/2021\/11\/accidenteruta5km500-460x345.jpg 460w, https:\/\/infoecos.com.ar\/wp-content\/uploads\/2021\/11\/accidenteruta5km500.jpg 690w\" sizes=\"auto, (max-width: 460px) 100vw, 460px\" \/><figcaption>El estado en que qued\u00f3 el VW Vento<\/figcaption><\/figure><\/div>\n\n\n\n<p class=\"wp-block-paragraph\">El desagraciado suceso se produjo pasadas las 4 de esta madrugada en el kil\u00f3metro 500 de la ruta nacional n\u00famero 5. Colisionaron un cami\u00f3n Scania que circulaba en sentido desde Pellegrini hacia Catril\u00f3, que era ocupado por dos personas las que sufrieron heridas leves, y un autom\u00f3vil Volkswagen Vento que lo hac\u00eda en sentido contrario, en el que se movilizaban los vecinos de Pellegrini fallecidos.<\/p>\n\n\n\n<div class=\"wp-block-image is-style-default\"><figure class=\"aligncenter size-medium\"><img loading=\"lazy\" decoding=\"async\" width=\"460\" height=\"345\" src=\"http:\/\/infoecos.com.ar\/wp-content\/uploads\/2021\/11\/accidentepellegriniruta5-460x345.jpg\" alt=\"\" class=\"wp-image-89342\" srcset=\"https:\/\/infoecos.com.ar\/wp-content\/uploads\/2021\/11\/accidentepellegriniruta5-460x345.jpg 460w, https:\/\/infoecos.com.ar\/wp-content\/uploads\/2021\/11\/accidentepellegriniruta5.jpg 690w\" sizes=\"auto, (max-width: 460px) 100vw, 460px\" \/><figcaption>El estado en que qued\u00f3 el cami\u00f3n Scania<\/figcaption><\/figure><\/div>\n\n\n\n<p class=\"wp-block-paragraph\">Las v\u00edctimas fatales fueron identificadas como Micaela P\u00e9rez, de 25 a\u00f1os de edad, y Juan Gauna, de 37 a\u00f1os de edad. Se iniciaron actuaciones caratuladas \u201cDoble homicidio culposo\u201d, con intervenci\u00f3n de la UFI N\u00b0 1 del Departamento Judicial de Trenque Lauquen.<\/p>\n","protected":false},"excerpt":{"rendered":"<p>Las v\u00edctimas fatales fueron identificadas como Micaela P\u00e9rez, de 25 a\u00f1os de edad, y Juan Gauna, de 37 a\u00f1os de edad. Se iniciaron actuaciones caratuladas \u201cDoble homicidio culposo\u201d, con intervenci\u00f3n de la UFI N\u00b0 1 del Departamento Judicial de Trenque Lauquen<\/p>\n","protected":false},"author":2,"featured_media":89341,"comment_status":"closed","ping_status":"open","sticky":false,"template":"","format":"standard","meta":{"footnotes":""},"categories":[1612],"tags":[],"class_list":["post-89340","post","type-post","status-publish","format-standard","has-post-thumbnail","hentry","category-noticia-principal"],"featured_image_urls":{"full":["https:\/\/infoecos.com.ar\/wp-content\/uploads\/2021\/11\/accidenteruta5km500.jpg",690,517,false],"thumbnail":["https:\/\/infoecos.com.ar\/wp-content\/uploads\/2021\/11\/accidenteruta5km500-150x150.jpg",150,150,true],"medium":["https:\/\/infoecos.com.ar\/wp-content\/uploads\/2021\/11\/accidenteruta5km500-460x345.jpg",460,345,true],"medium_large":["https:\/\/infoecos.com.ar\/wp-content\/uploads\/2021\/11\/accidenteruta5km500.jpg",640,480,false],"large":["https:\/\/infoecos.com.ar\/wp-content\/uploads\/2021\/11\/accidenteruta5km500.jpg",640,480,false],"1536x1536":["https:\/\/infoecos.com.ar\/wp-content\/uploads\/2021\/11\/accidenteruta5km500.jpg",690,517,false],"2048x2048":["https:\/\/infoecos.com.ar\/wp-content\/uploads\/2021\/11\/accidenteruta5km500.jpg",690,517,false],"covernews-slider-full":["https:\/\/infoecos.com.ar\/wp-content\/uploads\/2021\/11\/accidenteruta5km500.jpg",690,517,false],"covernews-slider-center":["https:\/\/infoecos.com.ar\/wp-content\/uploads\/2021\/11\/accidenteruta5km500.jpg",667,500,false],"covernews-featured":["https:\/\/infoecos.com.ar\/wp-content\/uploads\/2021\/11\/accidenteruta5km500.jpg",690,517,false],"covernews-medium":["https:\/\/infoecos.com.ar\/wp-content\/uploads\/2021\/11\/accidenteruta5km500-690x380.jpg",540,297,true],"covernews-medium-square":["https:\/\/infoecos.com.ar\/wp-content\/uploads\/2021\/11\/accidenteruta5km500-675x450.jpg",375,250,true]},"author_info":{"info":["Jorge Matheus"]},"category_info":"<a href=\"https:\/\/infoecos.com.ar\/index.php\/category\/noticia-principal\/\" rel=\"category tag\">Noticia Principal<\/a>","tag_info":"Noticia Principal","comment_count":"0","_links":{"self":[{"href":"https:\/\/infoecos.com.ar\/index.php\/wp-json\/wp\/v2\/posts\/89340","targetHints":{"allow":["GET"]}}],"collection":[{"href":"https:\/\/infoecos.com.ar\/index.php\/wp-json\/wp\/v2\/posts"}],"about":[{"href":"https:\/\/infoecos.com.ar\/index.php\/wp-json\/wp\/v2\/types\/post"}],"author":[{"embeddable":true,"href":"https:\/\/infoecos.com.ar\/index.php\/wp-json\/wp\/v2\/users\/2"}],"replies":[{"embeddable":true,"href":"https:\/\/infoecos.com.ar\/index.php\/wp-json\/wp\/v2\/comments?post=89340"}],"version-history":[{"count":1,"href":"https:\/\/infoecos.com.ar\/index.php\/wp-json\/wp\/v2\/posts\/89340\/revisions"}],"predecessor-version":[{"id":89343,"href":"https:\/\/infoecos.com.ar\/index.php\/wp-json\/wp\/v2\/posts\/89340\/revisions\/89343"}],"wp:featuredmedia":[{"embeddable":true,"href":"https:\/\/infoecos.com.ar\/index.php\/wp-json\/wp\/v2\/media\/89341"}],"wp:attachment":[{"href":"https:\/\/infoecos.com.ar\/index.php\/wp-json\/wp\/v2\/media?parent=89340"}],"wp:term":[{"taxonomy":"category","embeddable":true,"href":"https:\/\/infoecos.com.ar\/index.php\/wp-json\/wp\/v2\/categories?post=89340"},{"taxonomy":"post_tag","embeddable":true,"href":"https:\/\/infoecos.com.ar\/index.php\/wp-json\/wp\/v2\/tags?post=89340"}],"curies":[{"name":"wp","href":"https:\/\/api.w.org\/{rel}","templated":true}]}}