{"id":89344,"date":"2021-11-13T15:03:04","date_gmt":"2021-11-13T18:03:04","guid":{"rendered":"http:\/\/infoecos.com.ar\/?p=89344"},"modified":"2021-11-14T18:24:34","modified_gmt":"2021-11-14T21:24:34","slug":"este-domingo-sera-normal-la-recoleccion-de-residuos-en-trenque-lauquen","status":"publish","type":"post","link":"https:\/\/infoecos.com.ar\/index.php\/este-domingo-sera-normal-la-recoleccion-de-residuos-en-trenque-lauquen\/","title":{"rendered":"Ser\u00e1 normal la recolecci\u00f3n de residuos, este domingo, en Trenque Lauquen"},"content":{"rendered":"\n<p class=\"wp-block-paragraph\">La direcci\u00f3n de Higiene Urbana del Municipio de Trenque Lauquen inform\u00f3 que el servicio de recolecci\u00f3n de residuos domiciliarios se realizar\u00e1 en forma normal este domingo 14.<\/p>\n\n\n\n<div class=\"wp-block-image is-style-default\"><figure class=\"aligncenter size-medium\"><img loading=\"lazy\" decoding=\"async\" width=\"460\" height=\"318\" src=\"http:\/\/infoecos.com.ar\/wp-content\/uploads\/Recoleccion-de-residuos-460x318.jpg\" alt=\"\" class=\"wp-image-63520\" srcset=\"https:\/\/infoecos.com.ar\/wp-content\/uploads\/Recoleccion-de-residuos-460x318.jpg 460w, https:\/\/infoecos.com.ar\/wp-content\/uploads\/Recoleccion-de-residuos.jpg 702w\" sizes=\"auto, (max-width: 460px) 100vw, 460px\" \/><\/figure><\/div>\n\n\n\n<p class=\"wp-block-paragraph\">Desde el \u00e1rea se reitera la importancia de respetar el esquema de d\u00edas y horarios, tipo de residuos a sacar y hacerlo en bolsas, para el beneficio de la comunidad toda. Tambi\u00e9n se pide la colaboraci\u00f3n de los vecinos para que no depositen nada en las puntas de rambla.<\/p>\n\n\n\n<p class=\"wp-block-paragraph\">El servicio de recolecci\u00f3n se presta en los siguientes d\u00edas y horarios:<\/p>\n\n\n\n<p class=\"wp-block-paragraph\">&#8211; En \u00c1rea Urbana, la recolecci\u00f3n comienza a partir de las 19:<\/p>\n\n\n\n<p class=\"wp-block-paragraph\">Martes, mi\u00e9rcoles, viernes y domingo para residuos org\u00e1nicos y no reciclables<\/p>\n\n\n\n<p class=\"wp-block-paragraph\">Lunes y jueves para los residuos reciclables.<\/p>\n\n\n\n<p class=\"wp-block-paragraph\">&#8211; En la Ampliaci\u00f3n Urbana y Zona de Quintas la recolecci\u00f3n se realiza desde las 6.<\/p>\n\n\n\n<p class=\"wp-block-paragraph\">Lunes, mi\u00e9rcoles y s\u00e1bado para los org\u00e1nicos y no reciclables.<\/p>\n\n\n\n<p class=\"wp-block-paragraph\">Viernes para los residuos reciclables.<\/p>\n","protected":false},"excerpt":{"rendered":"<p>La direcci\u00f3n de Higiene Urbana del Municipio de Trenque Lauquen inform\u00f3 que el servicio de&#8230;<\/p>\n","protected":false},"author":2,"featured_media":63520,"comment_status":"closed","ping_status":"open","sticky":false,"template":"","format":"standard","meta":{"footnotes":""},"categories":[28],"tags":[],"class_list":["post-89344","post","type-post","status-publish","format-standard","has-post-thumbnail","hentry","category-c1nota1"],"featured_image_urls":{"full":["https:\/\/infoecos.com.ar\/wp-content\/uploads\/Recoleccion-de-residuos.jpg",702,485,false],"thumbnail":["https:\/\/infoecos.com.ar\/wp-content\/uploads\/Recoleccion-de-residuos-150x150.jpg",150,150,true],"medium":["https:\/\/infoecos.com.ar\/wp-content\/uploads\/Recoleccion-de-residuos-460x318.jpg",460,318,true],"medium_large":["https:\/\/infoecos.com.ar\/wp-content\/uploads\/Recoleccion-de-residuos.jpg",640,442,false],"large":["https:\/\/infoecos.com.ar\/wp-content\/uploads\/Recoleccion-de-residuos.jpg",640,442,false],"1536x1536":["https:\/\/infoecos.com.ar\/wp-content\/uploads\/Recoleccion-de-residuos.jpg",702,485,false],"2048x2048":["https:\/\/infoecos.com.ar\/wp-content\/uploads\/Recoleccion-de-residuos.jpg",702,485,false],"covernews-slider-full":["https:\/\/infoecos.com.ar\/wp-content\/uploads\/Recoleccion-de-residuos.jpg",702,485,false],"covernews-slider-center":["https:\/\/infoecos.com.ar\/wp-content\/uploads\/Recoleccion-de-residuos.jpg",702,485,false],"covernews-featured":["https:\/\/infoecos.com.ar\/wp-content\/uploads\/Recoleccion-de-residuos.jpg",702,485,false],"covernews-medium":["https:\/\/infoecos.com.ar\/wp-content\/uploads\/Recoleccion-de-residuos-702x380.jpg",540,292,true],"covernews-medium-square":["https:\/\/infoecos.com.ar\/wp-content\/uploads\/Recoleccion-de-residuos-675x450.jpg",375,250,true]},"author_info":{"info":["Jorge Matheus"]},"category_info":"<a href=\"https:\/\/infoecos.com.ar\/index.php\/category\/c1nota1\/\" rel=\"category tag\">C1 N1<\/a>","tag_info":"C1 N1","comment_count":"0","_links":{"self":[{"href":"https:\/\/infoecos.com.ar\/index.php\/wp-json\/wp\/v2\/posts\/89344","targetHints":{"allow":["GET"]}}],"collection":[{"href":"https:\/\/infoecos.com.ar\/index.php\/wp-json\/wp\/v2\/posts"}],"about":[{"href":"https:\/\/infoecos.com.ar\/index.php\/wp-json\/wp\/v2\/types\/post"}],"author":[{"embeddable":true,"href":"https:\/\/infoecos.com.ar\/index.php\/wp-json\/wp\/v2\/users\/2"}],"replies":[{"embeddable":true,"href":"https:\/\/infoecos.com.ar\/index.php\/wp-json\/wp\/v2\/comments?post=89344"}],"version-history":[{"count":2,"href":"https:\/\/infoecos.com.ar\/index.php\/wp-json\/wp\/v2\/posts\/89344\/revisions"}],"predecessor-version":[{"id":89346,"href":"https:\/\/infoecos.com.ar\/index.php\/wp-json\/wp\/v2\/posts\/89344\/revisions\/89346"}],"wp:featuredmedia":[{"embeddable":true,"href":"https:\/\/infoecos.com.ar\/index.php\/wp-json\/wp\/v2\/media\/63520"}],"wp:attachment":[{"href":"https:\/\/infoecos.com.ar\/index.php\/wp-json\/wp\/v2\/media?parent=89344"}],"wp:term":[{"taxonomy":"category","embeddable":true,"href":"https:\/\/infoecos.com.ar\/index.php\/wp-json\/wp\/v2\/categories?post=89344"},{"taxonomy":"post_tag","embeddable":true,"href":"https:\/\/infoecos.com.ar\/index.php\/wp-json\/wp\/v2\/tags?post=89344"}],"curies":[{"name":"wp","href":"https:\/\/api.w.org\/{rel}","templated":true}]}}