{"id":89375,"date":"2021-11-15T03:55:15","date_gmt":"2021-11-15T06:55:15","guid":{"rendered":"http:\/\/infoecos.com.ar\/?p=89375"},"modified":"2021-11-15T03:55:19","modified_gmt":"2021-11-15T06:55:19","slug":"el-frente-de-todos-perdio-la-mayoria-en-la-camara-de-diputados-de-la-provincia","status":"publish","type":"post","link":"https:\/\/infoecos.com.ar\/index.php\/el-frente-de-todos-perdio-la-mayoria-en-la-camara-de-diputados-de-la-provincia\/","title":{"rendered":"El Frente de Todos perdi\u00f3 la mayor\u00eda en la C\u00e1mara de Diputados de la provincia"},"content":{"rendered":"\n<p class=\"wp-block-paragraph\"><strong>Segunda Secci\u00f3n<\/strong><\/p>\n\n\n\n<p class=\"wp-block-paragraph\">Por la Segunda Secci\u00f3n, comprendida por los 15 distritos del norte de la provincia, se votaron 11 candidatos a diputados. <\/p>\n\n\n\n<p class=\"wp-block-paragraph\">Desde Juntos por el Cambio entran a Santiago Passaglia; la concejal de Pergamino, Mar\u00eda Paula Bustos; el ex intendente Claudio Rossi; Viviana Virolli; y los ex diputados Mat\u00edas Ranzini y Fernanda Antonijevic; y Julio Pasqualin.<\/p>\n\n\n\n<p class=\"wp-block-paragraph\">Por el FDT\u00a0el gremialista de la UOM Naldo Brunelli; seguido por la diputada de La C\u00e1mpora Fernanda D\u00edaz; el massista Carlos Pugleli; y la dirigente de Suteba Luc\u00eda Klug.<\/p>\n\n\n\n<p class=\"wp-block-paragraph\"><strong>Tercera Secci\u00f3n<\/strong><\/p>\n\n\n\n<p class=\"wp-block-paragraph\">Por la Tercera Secci\u00f3n electoral, compuesta por 19 distritos de la zona sur del Conurbano bonaerense, se eligieron 18 legisladores, 8 del Frente de Todos, 6 de Juntos, 2 del FIT y 2 de Avanza Libertad.<\/p>\n\n\n\n<p class=\"wp-block-paragraph\">Los electos por el FDT: el intendente de Almirante Brown, Mariano Cascallares; la actual diputada Susana Gonz\u00e1lez; seguida por Ricardo Rolleri, concejal de La Matanza; y por la actual diputada provincial Mariana Larroque.<\/p>\n\n\n\n<p class=\"wp-block-paragraph\">Tambi\u00e9n ingresar\u00e1n Federico Oterm\u00edn; Berenice Latorre, dirigente de La C\u00e1mpora de Quilmes; seguida por Nicol\u00e1s Russo, el presidente del Club Lan\u00fas, quien va por un nuevo mandato como diputado; y por Ayel\u00e9n Rasquetti, secretaria de Desarrollo Social de Ca\u00f1uelas.<\/p>\n\n\n\n<p class=\"wp-block-paragraph\">Por Juntos ingresar\u00e1n Martiniano Molina; Maricel Etchecoin Moro, Pablo Domenichini; Florencia Retamoso, Adri\u00e1n Urreli, y Nazarena Mes\u00edas.<\/p>\n\n\n\n<p class=\"wp-block-paragraph\"><strong>Sexta Secci\u00f3n<\/strong><\/p>\n\n\n\n<p class=\"wp-block-paragraph\">En la Sexta Secci\u00f3n, compuesta por los 22 distritos del sur provincial, se eligieron 11 legisladores para ingresar. Juntos obtuvo 6, el Frente de Todos 4 y Avanza Libertad una banca.<\/p>\n\n\n\n<p class=\"wp-block-paragraph\">Por Juntos Lorenzo Natali, Anah\u00ed Bilbao, Fernando Compagnoni, Abigail G\u00f3mez, Emiliano Balb\u00edn y Natalia Dzjakowski.<\/p>\n\n\n\n<p class=\"wp-block-paragraph\">Por el FdT entran el intendente de Monte Hermoso, Alejandro Dichiara; la dirigente de La C\u00e1mpora, Maite Alvado; el diputado cercano a Kicillof, Carlos \u201cCuto\u201d Moreno; y la massista Mar\u00eda Fernanda Bevilacqua. Mientras que por Avanza Libertad ingresa el ex diputado provincial Guillermo Castello.<\/p>\n\n\n\n<p class=\"wp-block-paragraph\"><strong>Octava Secci\u00f3n<\/strong><\/p>\n\n\n\n<p class=\"wp-block-paragraph\">Por la Octava secci\u00f3n electoral, que corresponde al partido de La Plata, se votaron 6 legisladores para ingresar. 3 ser\u00e1n para el Frente de Todos y 3 para Juntos por el Cambio.<\/p>\n\n\n\n<p class=\"wp-block-paragraph\">Por el FdT, entrar\u00e1n el concejal Ariel Archanco; la funcionaria bonaerense Luc\u00eda Ia\u00f1ez y el massista Juan Mart\u00edn Malpelli; mientras que por la oposici\u00f3n lo har\u00e1n el ex funcionario de Vidal, Fabi\u00e1n Perechodnik; la funcionaria de la municipalidad de La Plata, Julieta Quintero y el radical Claudio Frangul.<\/p>\n","protected":false},"excerpt":{"rendered":"<p>En la Sexta Secci\u00f3n, compuesta por los 22 distritos del sur provincial, se eligieron 11 legisladores<\/p>\n","protected":false},"author":2,"featured_media":89376,"comment_status":"closed","ping_status":"open","sticky":false,"template":"","format":"standard","meta":{"footnotes":""},"categories":[29],"tags":[5621],"class_list":["post-89375","post","type-post","status-publish","format-standard","has-post-thumbnail","hentry","category-c2nota1","tag-solo-gano-en-la-tercera-seccion"],"featured_image_urls":{"full":["https:\/\/infoecos.com.ar\/wp-content\/uploads\/2021\/11\/1631196742376.jpg",1500,843,false],"thumbnail":["https:\/\/infoecos.com.ar\/wp-content\/uploads\/2021\/11\/1631196742376-150x150.jpg",150,150,true],"medium":["https:\/\/infoecos.com.ar\/wp-content\/uploads\/2021\/11\/1631196742376-460x259.jpg",460,259,true],"medium_large":["https:\/\/infoecos.com.ar\/wp-content\/uploads\/2021\/11\/1631196742376-768x432.jpg",640,360,true],"large":["https:\/\/infoecos.com.ar\/wp-content\/uploads\/2021\/11\/1631196742376-920x517.jpg",640,360,true],"1536x1536":["https:\/\/infoecos.com.ar\/wp-content\/uploads\/2021\/11\/1631196742376.jpg",1500,843,false],"2048x2048":["https:\/\/infoecos.com.ar\/wp-content\/uploads\/2021\/11\/1631196742376.jpg",1500,843,false],"covernews-slider-full":["https:\/\/infoecos.com.ar\/wp-content\/uploads\/2021\/11\/1631196742376.jpg",1115,627,false],"covernews-slider-center":["https:\/\/infoecos.com.ar\/wp-content\/uploads\/2021\/11\/1631196742376-936x843.jpg",555,500,true],"covernews-featured":["https:\/\/infoecos.com.ar\/wp-content\/uploads\/2021\/11\/1631196742376-1024x575.jpg",1024,575,true],"covernews-medium":["https:\/\/infoecos.com.ar\/wp-content\/uploads\/2021\/11\/1631196742376-720x380.jpg",540,285,true],"covernews-medium-square":["https:\/\/infoecos.com.ar\/wp-content\/uploads\/2021\/11\/1631196742376-675x450.jpg",375,250,true]},"author_info":{"info":["Jorge Matheus"]},"category_info":"<a href=\"https:\/\/infoecos.com.ar\/index.php\/category\/c2nota1\/\" rel=\"category tag\">C2 nota 1<\/a>","tag_info":"C2 nota 1","comment_count":"0","_links":{"self":[{"href":"https:\/\/infoecos.com.ar\/index.php\/wp-json\/wp\/v2\/posts\/89375","targetHints":{"allow":["GET"]}}],"collection":[{"href":"https:\/\/infoecos.com.ar\/index.php\/wp-json\/wp\/v2\/posts"}],"about":[{"href":"https:\/\/infoecos.com.ar\/index.php\/wp-json\/wp\/v2\/types\/post"}],"author":[{"embeddable":true,"href":"https:\/\/infoecos.com.ar\/index.php\/wp-json\/wp\/v2\/users\/2"}],"replies":[{"embeddable":true,"href":"https:\/\/infoecos.com.ar\/index.php\/wp-json\/wp\/v2\/comments?post=89375"}],"version-history":[{"count":1,"href":"https:\/\/infoecos.com.ar\/index.php\/wp-json\/wp\/v2\/posts\/89375\/revisions"}],"predecessor-version":[{"id":89377,"href":"https:\/\/infoecos.com.ar\/index.php\/wp-json\/wp\/v2\/posts\/89375\/revisions\/89377"}],"wp:featuredmedia":[{"embeddable":true,"href":"https:\/\/infoecos.com.ar\/index.php\/wp-json\/wp\/v2\/media\/89376"}],"wp:attachment":[{"href":"https:\/\/infoecos.com.ar\/index.php\/wp-json\/wp\/v2\/media?parent=89375"}],"wp:term":[{"taxonomy":"category","embeddable":true,"href":"https:\/\/infoecos.com.ar\/index.php\/wp-json\/wp\/v2\/categories?post=89375"},{"taxonomy":"post_tag","embeddable":true,"href":"https:\/\/infoecos.com.ar\/index.php\/wp-json\/wp\/v2\/tags?post=89375"}],"curies":[{"name":"wp","href":"https:\/\/api.w.org\/{rel}","templated":true}]}}