{"id":89378,"date":"2021-11-15T04:07:45","date_gmt":"2021-11-15T07:07:45","guid":{"rendered":"http:\/\/infoecos.com.ar\/?p=89378"},"modified":"2021-11-15T04:07:54","modified_gmt":"2021-11-15T07:07:54","slug":"juntos-se-impuso-por-el-13-por-ciento-en-las-elecciones-para-diputados-nacionales","status":"publish","type":"post","link":"https:\/\/infoecos.com.ar\/index.php\/juntos-se-impuso-por-el-13-por-ciento-en-las-elecciones-para-diputados-nacionales\/","title":{"rendered":"Juntos se impuso por el 1,3 por ciento en las elecciones para diputados nacionales"},"content":{"rendered":"\n<p class=\"wp-block-paragraph\">Con el 40% de los votos obtenidos, la alianza Juntos con Diego Santilli\u00a0a la cabeza se impuso en las elecciones legislativas en la provincia de Buenos Aires por encima del oficialismo agrupado dentro de la lista del Frente de Todos, encabezada por Victoria Tolosa Paz, que cosech\u00f3 el 38% de los sufragios.<\/p>\n\n\n\n<p class=\"wp-block-paragraph\">Luego de la marcada diferencia vista en las PASO del mes de septiembre, el oficialismo logr\u00f3 achicar la diferencia con respecto a Juntos y, de esta manera, perder el menor n\u00famero de bancas posibles al menos en la c\u00e1mara de Diputados nacionales.<\/p>\n\n\n\n<div class=\"wp-block-image is-style-default\"><figure class=\"aligncenter size-medium\"><img loading=\"lazy\" decoding=\"async\" width=\"460\" height=\"258\" src=\"http:\/\/infoecos.com.ar\/wp-content\/uploads\/2021\/11\/Juntos-460x258.png\" alt=\"\" class=\"wp-image-89379\" srcset=\"https:\/\/infoecos.com.ar\/wp-content\/uploads\/2021\/11\/Juntos-460x258.png 460w, https:\/\/infoecos.com.ar\/wp-content\/uploads\/2021\/11\/Juntos-920x517.png 920w, https:\/\/infoecos.com.ar\/wp-content\/uploads\/2021\/11\/Juntos-768x431.png 768w, https:\/\/infoecos.com.ar\/wp-content\/uploads\/2021\/11\/Juntos.png 954w\" sizes=\"auto, (max-width: 460px) 100vw, 460px\" \/><\/figure><\/div>\n\n\n\n<p class=\"wp-block-paragraph\">La tercera fuerza m\u00e1s votada fue el frente Avanza Libertad, encabezado por Jos\u00e9 Luis Espert, que obtuvo el 7,50% de los votos en territorio bonaerense y logr\u00f3 ubicarse por encima del Frente de Izquierda, que alcanz\u00f3 el 6,80% de los sufragios a su favor.<\/p>\n\n\n\n<p class=\"wp-block-paragraph\">El FdT obtuvo 38,52% de votos, cinco puntos m\u00e1s que en las primarias, abiertas, simult\u00e1neas y obligatorias, en tanto que JxC s\u00f3lo aument\u00f3 sus votos en un 2% y qued\u00f3 por debajo del 40%.<\/p>\n\n\n\n<p class=\"wp-block-paragraph\">En las PASO, Juntos le hab\u00eda sacado 4 puntos al oficialismo en el territorio bonaerense, pero ahora la diferencia fue de apenas 1,3%.<\/p>\n\n\n\n<p class=\"wp-block-paragraph\"><\/p>\n","protected":false},"excerpt":{"rendered":"<p>La tercera fuerza m\u00e1s votada fue el frente Avanza Libertad, encabezado por Jos\u00e9 Luis Espert, que obtuvo el 7,50% de los votos en territorio bonaerense y logr\u00f3 ubicarse por encima del Frente de Izquierda<\/p>\n","protected":false},"author":2,"featured_media":89379,"comment_status":"closed","ping_status":"open","sticky":false,"template":"","format":"standard","meta":{"footnotes":""},"categories":[25],"tags":[2775],"class_list":["post-89378","post","type-post","status-publish","format-standard","has-post-thumbnail","hentry","category-c3nota1","tag-en-provincia-de-buenos-aires"],"featured_image_urls":{"full":["https:\/\/infoecos.com.ar\/wp-content\/uploads\/2021\/11\/Juntos.png",954,536,false],"thumbnail":["https:\/\/infoecos.com.ar\/wp-content\/uploads\/2021\/11\/Juntos-150x150.png",150,150,true],"medium":["https:\/\/infoecos.com.ar\/wp-content\/uploads\/2021\/11\/Juntos-460x258.png",460,258,true],"medium_large":["https:\/\/infoecos.com.ar\/wp-content\/uploads\/2021\/11\/Juntos-768x431.png",640,359,true],"large":["https:\/\/infoecos.com.ar\/wp-content\/uploads\/2021\/11\/Juntos-920x517.png",640,360,true],"1536x1536":["https:\/\/infoecos.com.ar\/wp-content\/uploads\/2021\/11\/Juntos.png",954,536,false],"2048x2048":["https:\/\/infoecos.com.ar\/wp-content\/uploads\/2021\/11\/Juntos.png",954,536,false],"covernews-slider-full":["https:\/\/infoecos.com.ar\/wp-content\/uploads\/2021\/11\/Juntos.png",954,536,false],"covernews-slider-center":["https:\/\/infoecos.com.ar\/wp-content\/uploads\/2021\/11\/Juntos-936x536.png",800,458,true],"covernews-featured":["https:\/\/infoecos.com.ar\/wp-content\/uploads\/2021\/11\/Juntos.png",954,536,false],"covernews-medium":["https:\/\/infoecos.com.ar\/wp-content\/uploads\/2021\/11\/Juntos-720x380.png",540,285,true],"covernews-medium-square":["https:\/\/infoecos.com.ar\/wp-content\/uploads\/2021\/11\/Juntos-675x450.png",375,250,true]},"author_info":{"info":["Jorge Matheus"]},"category_info":"<a href=\"https:\/\/infoecos.com.ar\/index.php\/category\/c3nota1\/\" rel=\"category tag\">C3 N1<\/a>","tag_info":"C3 N1","comment_count":"0","_links":{"self":[{"href":"https:\/\/infoecos.com.ar\/index.php\/wp-json\/wp\/v2\/posts\/89378","targetHints":{"allow":["GET"]}}],"collection":[{"href":"https:\/\/infoecos.com.ar\/index.php\/wp-json\/wp\/v2\/posts"}],"about":[{"href":"https:\/\/infoecos.com.ar\/index.php\/wp-json\/wp\/v2\/types\/post"}],"author":[{"embeddable":true,"href":"https:\/\/infoecos.com.ar\/index.php\/wp-json\/wp\/v2\/users\/2"}],"replies":[{"embeddable":true,"href":"https:\/\/infoecos.com.ar\/index.php\/wp-json\/wp\/v2\/comments?post=89378"}],"version-history":[{"count":1,"href":"https:\/\/infoecos.com.ar\/index.php\/wp-json\/wp\/v2\/posts\/89378\/revisions"}],"predecessor-version":[{"id":89380,"href":"https:\/\/infoecos.com.ar\/index.php\/wp-json\/wp\/v2\/posts\/89378\/revisions\/89380"}],"wp:featuredmedia":[{"embeddable":true,"href":"https:\/\/infoecos.com.ar\/index.php\/wp-json\/wp\/v2\/media\/89379"}],"wp:attachment":[{"href":"https:\/\/infoecos.com.ar\/index.php\/wp-json\/wp\/v2\/media?parent=89378"}],"wp:term":[{"taxonomy":"category","embeddable":true,"href":"https:\/\/infoecos.com.ar\/index.php\/wp-json\/wp\/v2\/categories?post=89378"},{"taxonomy":"post_tag","embeddable":true,"href":"https:\/\/infoecos.com.ar\/index.php\/wp-json\/wp\/v2\/tags?post=89378"}],"curies":[{"name":"wp","href":"https:\/\/api.w.org\/{rel}","templated":true}]}}