{"id":89381,"date":"2021-11-15T04:22:19","date_gmt":"2021-11-15T07:22:19","guid":{"rendered":"http:\/\/infoecos.com.ar\/?p=89381"},"modified":"2021-11-15T04:22:29","modified_gmt":"2021-11-15T07:22:29","slug":"diputados-nacionales-ingresaran-16-por-juntos-y-15-por-el-frente-de-todos","status":"publish","type":"post","link":"https:\/\/infoecos.com.ar\/index.php\/diputados-nacionales-ingresaran-16-por-juntos-y-15-por-el-frente-de-todos\/","title":{"rendered":"Diputados Nacionales: ingresar\u00e1n 16 por Juntos y 15 por el Frente de Todos"},"content":{"rendered":"\n<p class=\"wp-block-paragraph\">Los nombres de quienes ingresar\u00e1n a la C\u00e1mara de Diputados de la Naci\u00f3n por la provincia de Buenos Aires y que integran la lista de Juntos por el Cambio. <\/p>\n\n\n\n<div class=\"wp-block-image is-style-default\"><figure class=\"aligncenter size-medium\"><img loading=\"lazy\" decoding=\"async\" width=\"460\" height=\"259\" src=\"http:\/\/infoecos.com.ar\/wp-content\/uploads\/2021\/09\/santillidiego-460x259.jpg\" alt=\"\" class=\"wp-image-85502\" srcset=\"https:\/\/infoecos.com.ar\/wp-content\/uploads\/2021\/09\/santillidiego-460x259.jpg 460w, https:\/\/infoecos.com.ar\/wp-content\/uploads\/2021\/09\/santillidiego-920x518.jpg 920w, https:\/\/infoecos.com.ar\/wp-content\/uploads\/2021\/09\/santillidiego-768x432.jpg 768w, https:\/\/infoecos.com.ar\/wp-content\/uploads\/2021\/09\/santillidiego-1024x576.jpg 1024w, https:\/\/infoecos.com.ar\/wp-content\/uploads\/2021\/09\/santillidiego.jpg 1200w\" sizes=\"auto, (max-width: 460px) 100vw, 460px\" \/><\/figure><\/div>\n\n\n\n<p class=\"wp-block-paragraph\">Diego Santilli<\/p>\n\n\n\n<p class=\"wp-block-paragraph\">Graciela Oca\u00f1a<\/p>\n\n\n\n<p class=\"wp-block-paragraph\">Facundo Manes<\/p>\n\n\n\n<p class=\"wp-block-paragraph\">Marcela Campagnoli<\/p>\n\n\n\n<p class=\"wp-block-paragraph\">Juan Manuel L\u00f3pez<\/p>\n\n\n\n<p class=\"wp-block-paragraph\">Danya Tavela<\/p>\n\n\n\n<p class=\"wp-block-paragraph\">Gerardo Milman<\/p>\n\n\n\n<p class=\"wp-block-paragraph\">Mar\u00eda Sotolano<\/p>\n\n\n\n<p class=\"wp-block-paragraph\">Emilio Monz\u00f3<\/p>\n\n\n\n<p class=\"wp-block-paragraph\">Gabriela Besana<\/p>\n\n\n\n<p class=\"wp-block-paragraph\">Hern\u00e1n Lombardi<\/p>\n\n\n\n<p class=\"wp-block-paragraph\">Margarita Stolbizer<\/p>\n\n\n\n<p class=\"wp-block-paragraph\">Alejandro Finocchiaro<\/p>\n\n\n\n<p class=\"wp-block-paragraph\">Victoria Borrego<\/p>\n\n\n\n<p class=\"wp-block-paragraph\">Fabio Quetglas<\/p>\n\n\n\n<p class=\"wp-block-paragraph\">Florencia de Sensi<\/p>\n\n\n\n<p class=\"wp-block-paragraph\">Y estos son los nombres del Frente de Todos bonaerense que ingresar\u00e1n a la c\u00e1mara baja nacional:<\/p>\n\n\n\n<div class=\"wp-block-image is-style-default\"><figure class=\"aligncenter size-medium\"><img loading=\"lazy\" decoding=\"async\" width=\"460\" height=\"258\" src=\"http:\/\/infoecos.com.ar\/wp-content\/uploads\/2021\/07\/tolosapaz-460x258.jpg\" alt=\"\" class=\"wp-image-81970\" srcset=\"https:\/\/infoecos.com.ar\/wp-content\/uploads\/2021\/07\/tolosapaz-460x258.jpg 460w, https:\/\/infoecos.com.ar\/wp-content\/uploads\/2021\/07\/tolosapaz.jpg 600w\" sizes=\"auto, (max-width: 460px) 100vw, 460px\" \/><\/figure><\/div>\n\n\n\n<p class=\"wp-block-paragraph\">Victoria Tolosa Paz<\/p>\n\n\n\n<p class=\"wp-block-paragraph\">Daniel Gollan<\/p>\n\n\n\n<p class=\"wp-block-paragraph\">Marcela Passo<\/p>\n\n\n\n<p class=\"wp-block-paragraph\">Sergio Palazzo<\/p>\n\n\n\n<p class=\"wp-block-paragraph\">Agustina Propato<\/p>\n\n\n\n<p class=\"wp-block-paragraph\">Leopoldo Moreau<\/p>\n\n\n\n<p class=\"wp-block-paragraph\">Vanesa Siley<\/p>\n\n\n\n<p class=\"wp-block-paragraph\">Hugo Yasky<\/p>\n\n\n\n<p class=\"wp-block-paragraph\">Constanza Alonso<\/p>\n\n\n\n<p class=\"wp-block-paragraph\">Julio Pereyra<\/p>\n\n\n\n<p class=\"wp-block-paragraph\">M\u00f3nica Litza<\/p>\n\n\n\n<p class=\"wp-block-paragraph\">Daniel Arroyo<\/p>\n\n\n\n<p class=\"wp-block-paragraph\">Brenda Magal\u00ed Vargas<\/p>\n\n\n\n<p class=\"wp-block-paragraph\">Rogelio Iparraguirre<\/p>\n\n\n\n<p class=\"wp-block-paragraph\">M\u00f3nica Macha<\/p>\n\n\n\n<p class=\"wp-block-paragraph\"><strong>Avanza Libertad:<\/strong><\/p>\n\n\n\n<div class=\"wp-block-image is-style-default\"><figure class=\"aligncenter size-large is-resized\"><img loading=\"lazy\" decoding=\"async\" src=\"http:\/\/infoecos.com.ar\/wp-content\/uploads\/espert-jose-luis-263x177-1.png\" alt=\"\" class=\"wp-image-64962\" width=\"528\" height=\"355\"\/><\/figure><\/div>\n\n\n\n<p class=\"wp-block-paragraph\">Jos\u00e9 Luis Espert<\/p>\n\n\n\n<p class=\"wp-block-paragraph\">Carolina P\u00edparo<\/p>\n\n\n\n<p class=\"wp-block-paragraph\"><strong>Frente de Izquierda<\/strong><\/p>\n\n\n\n<div class=\"wp-block-image is-style-default\"><figure class=\"aligncenter size-large is-resized\"><img loading=\"lazy\" decoding=\"async\" src=\"http:\/\/infoecos.com.ar\/wp-content\/uploads\/2021\/11\/descarga-3.jpg\" alt=\"\" class=\"wp-image-89382\" width=\"521\" height=\"292\"\/><\/figure><\/div>\n\n\n\n<p class=\"wp-block-paragraph\">Nicol\u00e1s del Ca\u00f1o<\/p>\n\n\n\n<p class=\"wp-block-paragraph\">Romina del Pl\u00e1<\/p>\n","protected":false},"excerpt":{"rendered":"<p>Por Avanza Libertad y el Frente de Izquierda ingresar\u00e1n cuatro m\u00e1s: Espert, P\u00edparo, Del Ca\u00f1o y Del Pl\u00e1, respectivamente<\/p>\n","protected":false},"author":2,"featured_media":56788,"comment_status":"closed","ping_status":"open","sticky":false,"template":"","format":"standard","meta":{"footnotes":""},"categories":[45],"tags":[5622],"class_list":["post-89381","post","type-post","status-publish","format-standard","has-post-thumbnail","hentry","category-c1nota2","tag-representando-a-buenos-aires"],"featured_image_urls":{"full":"","thumbnail":"","medium":"","medium_large":"","large":"","1536x1536":"","2048x2048":"","covernews-slider-full":"","covernews-slider-center":"","covernews-featured":"","covernews-medium":"","covernews-medium-square":""},"author_info":{"info":["Jorge Matheus"]},"category_info":"<a href=\"https:\/\/infoecos.com.ar\/index.php\/category\/c1nota2\/\" rel=\"category tag\">C1 N2<\/a>","tag_info":"C1 N2","comment_count":"0","_links":{"self":[{"href":"https:\/\/infoecos.com.ar\/index.php\/wp-json\/wp\/v2\/posts\/89381","targetHints":{"allow":["GET"]}}],"collection":[{"href":"https:\/\/infoecos.com.ar\/index.php\/wp-json\/wp\/v2\/posts"}],"about":[{"href":"https:\/\/infoecos.com.ar\/index.php\/wp-json\/wp\/v2\/types\/post"}],"author":[{"embeddable":true,"href":"https:\/\/infoecos.com.ar\/index.php\/wp-json\/wp\/v2\/users\/2"}],"replies":[{"embeddable":true,"href":"https:\/\/infoecos.com.ar\/index.php\/wp-json\/wp\/v2\/comments?post=89381"}],"version-history":[{"count":1,"href":"https:\/\/infoecos.com.ar\/index.php\/wp-json\/wp\/v2\/posts\/89381\/revisions"}],"predecessor-version":[{"id":89383,"href":"https:\/\/infoecos.com.ar\/index.php\/wp-json\/wp\/v2\/posts\/89381\/revisions\/89383"}],"wp:attachment":[{"href":"https:\/\/infoecos.com.ar\/index.php\/wp-json\/wp\/v2\/media?parent=89381"}],"wp:term":[{"taxonomy":"category","embeddable":true,"href":"https:\/\/infoecos.com.ar\/index.php\/wp-json\/wp\/v2\/categories?post=89381"},{"taxonomy":"post_tag","embeddable":true,"href":"https:\/\/infoecos.com.ar\/index.php\/wp-json\/wp\/v2\/tags?post=89381"}],"curies":[{"name":"wp","href":"https:\/\/api.w.org\/{rel}","templated":true}]}}