{"id":89389,"date":"2021-11-15T04:46:27","date_gmt":"2021-11-15T07:46:27","guid":{"rendered":"http:\/\/infoecos.com.ar\/?p=89389"},"modified":"2021-11-15T04:46:37","modified_gmt":"2021-11-15T07:46:37","slug":"el-presidente-fernandez-anuncio-el-envio-de-un-proyecto-de-ley-sobre-el-programa-economico","status":"publish","type":"post","link":"https:\/\/infoecos.com.ar\/index.php\/el-presidente-fernandez-anuncio-el-envio-de-un-proyecto-de-ley-sobre-el-programa-economico\/","title":{"rendered":"El presidente Fern\u00e1ndez anunci\u00f3 el env\u00edo de un proyecto de ley sobre el programa econ\u00f3mico"},"content":{"rendered":"\n<p class=\"wp-block-paragraph\">El presidente Alberto Fern\u00e1ndez anunci\u00f3 a trav\u00e9s de un mensaje grabado despu\u00e9s de los comicios que la primera semana de diciembre enviar\u00e1 un proyecto de ley que explicite el<a rel=\"noreferrer noopener\" href=\"https:\/\/www.telam.com.ar\/notas\/202111\/574833-fernandez-anuncio-un-programa-economico-plurianual-con-avances-en-negociaciones-con-el-fmi.html\" target=\"_blank\">\u00a0\u00abPrograma econ\u00f3mico plurianual para el desarrollo sustentable\u00bb<\/a>, que adem\u00e1s \u00abcontemplar\u00e1\u00bb los \u00abmejores entendimientos que el Gobierno haya alcanzado con el staff del FMI\u00bb en las negociaciones por el pago de la deuda que lidera el ministro de Econom\u00eda, Mart\u00edn Guzm\u00e1n, aunque \u00absin renunciar a los principios de crecimiento econ\u00f3mico e inclusi\u00f3n social\u00bb del pa\u00eds.<\/p>\n\n\n\n<div class=\"wp-block-image is-style-default\"><figure class=\"aligncenter size-medium\"><img loading=\"lazy\" decoding=\"async\" width=\"460\" height=\"306\" src=\"http:\/\/infoecos.com.ar\/wp-content\/uploads\/2021\/11\/8db7cacd-d33b-4d22-88b6-af74b93610de-460x306.jpg\" alt=\"\" class=\"wp-image-89390\" srcset=\"https:\/\/infoecos.com.ar\/wp-content\/uploads\/2021\/11\/8db7cacd-d33b-4d22-88b6-af74b93610de-460x306.jpg 460w, https:\/\/infoecos.com.ar\/wp-content\/uploads\/2021\/11\/8db7cacd-d33b-4d22-88b6-af74b93610de-920x613.jpg 920w, https:\/\/infoecos.com.ar\/wp-content\/uploads\/2021\/11\/8db7cacd-d33b-4d22-88b6-af74b93610de-768x512.jpg 768w, https:\/\/infoecos.com.ar\/wp-content\/uploads\/2021\/11\/8db7cacd-d33b-4d22-88b6-af74b93610de-1536x1020.jpg 1536w, https:\/\/infoecos.com.ar\/wp-content\/uploads\/2021\/11\/8db7cacd-d33b-4d22-88b6-af74b93610de-1024x682.jpg 1024w, https:\/\/infoecos.com.ar\/wp-content\/uploads\/2021\/11\/8db7cacd-d33b-4d22-88b6-af74b93610de-675x450.jpg 675w, https:\/\/infoecos.com.ar\/wp-content\/uploads\/2021\/11\/8db7cacd-d33b-4d22-88b6-af74b93610de.jpg 1600w\" sizes=\"auto, (max-width: 460px) 100vw, 460px\" \/><\/figure><\/div>\n\n\n\n<p class=\"wp-block-paragraph\">El mandatario afirm\u00f3 que esa iniciativa cuenta con el \u00abpleno aval\u00bb de todos los sectores del FdT y resalt\u00f3 que es el \u00abfruto\u00bb del trabajo conjunto de la vicepresidenta Cristina Fern\u00e1ndez; el titular de la C\u00e1mara de Diputados, Sergio Massa, y el gabinete nacional.<\/p>\n\n\n\n<p class=\"wp-block-paragraph\">El jefe de Estado remarc\u00f3 que, de esta manera, empieza la \u00absegunda etapa\u00bb de su Gobierno, al remarcar que \u00ablos argentinos necesitan otros horizontes\u00bb.<\/p>\n\n\n\n<p class=\"wp-block-paragraph\">En tanto, en el discurso que brind\u00f3 posteriormente desde el b\u00fanker del FdT, que volvi\u00f3 a ser montado en el Centro Cultural \u00abC\u00bb del barrio porte\u00f1o de Chacarita, Fern\u00e1ndez convoc\u00f3 a \u00abllenar la Plaza de Mayo\u00bb el mi\u00e9rcoles pr\u00f3ximo, en ocasi\u00f3n de la celebraci\u00f3n del D\u00eda de la Militancia, iniciativa que hab\u00eda sido propuesta por la CGT y por dirigentes de movimientos sociales.<\/p>\n","protected":false},"excerpt":{"rendered":"<p>El mandatario afirm\u00f3 que esa iniciativa cuenta con el \u00abpleno aval\u00bb de todos los sectores del FdT<\/p>\n","protected":false},"author":2,"featured_media":89390,"comment_status":"closed","ping_status":"open","sticky":false,"template":"","format":"standard","meta":{"footnotes":""},"categories":[47],"tags":[5625],"class_list":["post-89389","post","type-post","status-publish","format-standard","has-post-thumbnail","hentry","category-c3nota2","tag-mensaje-despues-de-los-comicios"],"featured_image_urls":{"full":["https:\/\/infoecos.com.ar\/wp-content\/uploads\/2021\/11\/8db7cacd-d33b-4d22-88b6-af74b93610de.jpg",1600,1066,false],"thumbnail":["https:\/\/infoecos.com.ar\/wp-content\/uploads\/2021\/11\/8db7cacd-d33b-4d22-88b6-af74b93610de-150x150.jpg",150,150,true],"medium":["https:\/\/infoecos.com.ar\/wp-content\/uploads\/2021\/11\/8db7cacd-d33b-4d22-88b6-af74b93610de-460x306.jpg",460,306,true],"medium_large":["https:\/\/infoecos.com.ar\/wp-content\/uploads\/2021\/11\/8db7cacd-d33b-4d22-88b6-af74b93610de-768x512.jpg",640,427,true],"large":["https:\/\/infoecos.com.ar\/wp-content\/uploads\/2021\/11\/8db7cacd-d33b-4d22-88b6-af74b93610de-920x613.jpg",640,426,true],"1536x1536":["https:\/\/infoecos.com.ar\/wp-content\/uploads\/2021\/11\/8db7cacd-d33b-4d22-88b6-af74b93610de-1536x1023.jpg",1536,1023,true],"2048x2048":["https:\/\/infoecos.com.ar\/wp-content\/uploads\/2021\/11\/8db7cacd-d33b-4d22-88b6-af74b93610de.jpg",1600,1066,false],"covernews-slider-full":["https:\/\/infoecos.com.ar\/wp-content\/uploads\/2021\/11\/8db7cacd-d33b-4d22-88b6-af74b93610de-1536x1020.jpg",1077,715,true],"covernews-slider-center":["https:\/\/infoecos.com.ar\/wp-content\/uploads\/2021\/11\/8db7cacd-d33b-4d22-88b6-af74b93610de-936x897.jpg",522,500,true],"covernews-featured":["https:\/\/infoecos.com.ar\/wp-content\/uploads\/2021\/11\/8db7cacd-d33b-4d22-88b6-af74b93610de-1024x682.jpg",1024,682,true],"covernews-medium":["https:\/\/infoecos.com.ar\/wp-content\/uploads\/2021\/11\/8db7cacd-d33b-4d22-88b6-af74b93610de-720x380.jpg",540,285,true],"covernews-medium-square":["https:\/\/infoecos.com.ar\/wp-content\/uploads\/2021\/11\/8db7cacd-d33b-4d22-88b6-af74b93610de-675x450.jpg",375,250,true]},"author_info":{"info":["Jorge Matheus"]},"category_info":"<a href=\"https:\/\/infoecos.com.ar\/index.php\/category\/c3nota2\/\" rel=\"category tag\">C3 N2<\/a>","tag_info":"C3 N2","comment_count":"0","_links":{"self":[{"href":"https:\/\/infoecos.com.ar\/index.php\/wp-json\/wp\/v2\/posts\/89389","targetHints":{"allow":["GET"]}}],"collection":[{"href":"https:\/\/infoecos.com.ar\/index.php\/wp-json\/wp\/v2\/posts"}],"about":[{"href":"https:\/\/infoecos.com.ar\/index.php\/wp-json\/wp\/v2\/types\/post"}],"author":[{"embeddable":true,"href":"https:\/\/infoecos.com.ar\/index.php\/wp-json\/wp\/v2\/users\/2"}],"replies":[{"embeddable":true,"href":"https:\/\/infoecos.com.ar\/index.php\/wp-json\/wp\/v2\/comments?post=89389"}],"version-history":[{"count":1,"href":"https:\/\/infoecos.com.ar\/index.php\/wp-json\/wp\/v2\/posts\/89389\/revisions"}],"predecessor-version":[{"id":89391,"href":"https:\/\/infoecos.com.ar\/index.php\/wp-json\/wp\/v2\/posts\/89389\/revisions\/89391"}],"wp:featuredmedia":[{"embeddable":true,"href":"https:\/\/infoecos.com.ar\/index.php\/wp-json\/wp\/v2\/media\/89390"}],"wp:attachment":[{"href":"https:\/\/infoecos.com.ar\/index.php\/wp-json\/wp\/v2\/media?parent=89389"}],"wp:term":[{"taxonomy":"category","embeddable":true,"href":"https:\/\/infoecos.com.ar\/index.php\/wp-json\/wp\/v2\/categories?post=89389"},{"taxonomy":"post_tag","embeddable":true,"href":"https:\/\/infoecos.com.ar\/index.php\/wp-json\/wp\/v2\/tags?post=89389"}],"curies":[{"name":"wp","href":"https:\/\/api.w.org\/{rel}","templated":true}]}}