{"id":89396,"date":"2021-11-15T11:12:09","date_gmt":"2021-11-15T14:12:09","guid":{"rendered":"http:\/\/infoecos.com.ar\/?p=89396"},"modified":"2021-11-15T11:12:58","modified_gmt":"2021-11-15T14:12:58","slug":"recoulat-agradecio-el-respaldo-electoral-y-acentuo-que-se-seguira-trabajando-buscando-los-consensos","status":"publish","type":"post","link":"https:\/\/infoecos.com.ar\/index.php\/recoulat-agradecio-el-respaldo-electoral-y-acentuo-que-se-seguira-trabajando-buscando-los-consensos\/","title":{"rendered":"Recoulat agradeci\u00f3 el respaldo electoral y acentu\u00f3 que se seguir\u00e1 trabajando buscando consensos"},"content":{"rendered":"\n<p class=\"wp-block-paragraph\">Francisco Recoulat que encabez\u00f3 la lista de Juntos logrando una categ\u00f3rica victoria electoral este domingo, en el distrito de Trenque Lauquen public\u00f3 en su cuenta de Facebook un agradecimiento a toda la comunidad y a quienes colaboraron en la campa\u00f1a.  <\/p>\n\n\n\n<div class=\"wp-block-image is-style-default\"><figure class=\"aligncenter size-medium\"><img loading=\"lazy\" decoding=\"async\" width=\"460\" height=\"307\" src=\"http:\/\/infoecos.com.ar\/wp-content\/uploads\/2021\/11\/2b71d065-0491-4c66-9e84-3b07d63cb994-1-460x307.jpg\" alt=\"\" class=\"wp-image-89397\" srcset=\"https:\/\/infoecos.com.ar\/wp-content\/uploads\/2021\/11\/2b71d065-0491-4c66-9e84-3b07d63cb994-1-460x307.jpg 460w, https:\/\/infoecos.com.ar\/wp-content\/uploads\/2021\/11\/2b71d065-0491-4c66-9e84-3b07d63cb994-1-920x615.jpg 920w, https:\/\/infoecos.com.ar\/wp-content\/uploads\/2021\/11\/2b71d065-0491-4c66-9e84-3b07d63cb994-1-768x513.jpg 768w, https:\/\/infoecos.com.ar\/wp-content\/uploads\/2021\/11\/2b71d065-0491-4c66-9e84-3b07d63cb994-1-1024x684.jpg 1024w, https:\/\/infoecos.com.ar\/wp-content\/uploads\/2021\/11\/2b71d065-0491-4c66-9e84-3b07d63cb994-1-675x450.jpg 675w, https:\/\/infoecos.com.ar\/wp-content\/uploads\/2021\/11\/2b71d065-0491-4c66-9e84-3b07d63cb994-1.jpg 1280w\" sizes=\"auto, (max-width: 460px) 100vw, 460px\" \/><\/figure><\/div>\n\n\n\n<p class=\"wp-block-paragraph\">Se\u00f1ala Recoulat \u00abgracias a todos los que pusieron su tiempo, dedicaci\u00f3n y pasi\u00f3n para alcanzar este enorme resultado de las Elecciones Generales este domingo. El fruto del trabajo comprometido se reflej\u00f3 en las urnas con un triunfo en cada localidad del distrito y la comunidad volvi\u00f3 a confiar en este espacio, en este equipo, para continuar generando ideas y proyectos que sigan haciendo de Trenque Lauquen un distrito referencia en la regi\u00f3n y la Provincia\u00bb.<\/p>\n\n\n\n<div class=\"wp-block-image is-style-default\"><figure class=\"aligncenter size-medium\"><img loading=\"lazy\" decoding=\"async\" width=\"460\" height=\"307\" src=\"http:\/\/infoecos.com.ar\/wp-content\/uploads\/2021\/11\/0ed3160e-9ceb-4776-a532-2ab7c9bae9c2-460x307.jpg\" alt=\"\" class=\"wp-image-89399\" srcset=\"https:\/\/infoecos.com.ar\/wp-content\/uploads\/2021\/11\/0ed3160e-9ceb-4776-a532-2ab7c9bae9c2-460x307.jpg 460w, https:\/\/infoecos.com.ar\/wp-content\/uploads\/2021\/11\/0ed3160e-9ceb-4776-a532-2ab7c9bae9c2-920x615.jpg 920w, https:\/\/infoecos.com.ar\/wp-content\/uploads\/2021\/11\/0ed3160e-9ceb-4776-a532-2ab7c9bae9c2-768x513.jpg 768w, https:\/\/infoecos.com.ar\/wp-content\/uploads\/2021\/11\/0ed3160e-9ceb-4776-a532-2ab7c9bae9c2-1024x684.jpg 1024w, https:\/\/infoecos.com.ar\/wp-content\/uploads\/2021\/11\/0ed3160e-9ceb-4776-a532-2ab7c9bae9c2-675x450.jpg 675w, https:\/\/infoecos.com.ar\/wp-content\/uploads\/2021\/11\/0ed3160e-9ceb-4776-a532-2ab7c9bae9c2.jpg 1280w\" sizes=\"auto, (max-width: 460px) 100vw, 460px\" \/><\/figure><\/div>\n\n\n\n<p class=\"wp-block-paragraph\">El actual titular del bloque de concejales de Cambiemos manifiesta adem\u00e1s \u00abgracias a mi familia, a mis amigos, a los integrantes de la lista, a los miembros de la coalici\u00f3n de Juntos, al intendente Miguel Fern\u00e1ndez, al diputado Valent\u00edn Miranda, a Gabriela Aimar y a todo el Comit\u00e9 de la UCR, a la Juventud Radical, a los actuales concejales y consejeros escolares , y en especial a cada uno de los que con su voto en las urnas nos dio la posibilidad de seguir pensando el mejor Trenque Lauquen, el lugar que elegimos para crecer y desarrollarnos\u00bb.<\/p>\n\n\n\n<p class=\"wp-block-paragraph\">Durante la ma\u00f1ana de este lunes en declaraciones period\u00edsticas reiter\u00f3 el reconocimiento a la par de expresar la buena relaci\u00f3n existente en el Concejo Deliberante, con la oposici\u00f3n, durante todos estos a\u00f1os. Recoulat descart\u00f3 que Juntos va a trabajar sobre la base de una mayor\u00eda autom\u00e1tica, habida cuenta que logr\u00f3 el ingreso de 6 ediles, que permitir\u00e1 contabilizar 11, a partir de diciembre. \u00abEstamos decididos a trabajar en el marco de un constante consenso con la oposici\u00f3n\u00bb, enfatiz\u00f3. \u00abAs\u00ed como estamos muy felices por la victoria electoral, tambi\u00e9n estamos comprometidos a seguir trabajando con todos por Trenque Lauquen\u00bb, agreg\u00f3.<\/p>\n\n\n\n<div class=\"wp-block-image is-style-default\"><figure class=\"aligncenter size-medium\"><img loading=\"lazy\" decoding=\"async\" width=\"460\" height=\"307\" src=\"http:\/\/infoecos.com.ar\/wp-content\/uploads\/2021\/11\/fbf84bff-64bb-44a5-9895-1d3d6e326f3d-460x307.jpg\" alt=\"\" class=\"wp-image-89400\" srcset=\"https:\/\/infoecos.com.ar\/wp-content\/uploads\/2021\/11\/fbf84bff-64bb-44a5-9895-1d3d6e326f3d-460x307.jpg 460w, https:\/\/infoecos.com.ar\/wp-content\/uploads\/2021\/11\/fbf84bff-64bb-44a5-9895-1d3d6e326f3d-920x615.jpg 920w, https:\/\/infoecos.com.ar\/wp-content\/uploads\/2021\/11\/fbf84bff-64bb-44a5-9895-1d3d6e326f3d-768x513.jpg 768w, https:\/\/infoecos.com.ar\/wp-content\/uploads\/2021\/11\/fbf84bff-64bb-44a5-9895-1d3d6e326f3d-1024x684.jpg 1024w, https:\/\/infoecos.com.ar\/wp-content\/uploads\/2021\/11\/fbf84bff-64bb-44a5-9895-1d3d6e326f3d-675x450.jpg 675w, https:\/\/infoecos.com.ar\/wp-content\/uploads\/2021\/11\/fbf84bff-64bb-44a5-9895-1d3d6e326f3d.jpg 1280w\" sizes=\"auto, (max-width: 460px) 100vw, 460px\" \/><\/figure><\/div>\n\n\n\n<p class=\"wp-block-paragraph\">Al referirse al radicalismo, tanto a nivel local, provincial, como nacional, el joven dirigente trenquelauquense destac\u00f3 la incursi\u00f3n de Facundo Manes en la pol\u00edtica bonaerense. Hizo especial hincapi\u00e9 en los gobernadores de Jujuy, Corrientes y Mendoza, como tambi\u00e9n en la cantidad importante de municipios que est\u00e1n conducidos por dirigentes de la UCR. <\/p>\n","protected":false},"excerpt":{"rendered":"<p>\u00abAs\u00ed como estamos muy felices por la victoria electoral, tambi\u00e9n estamos comprometidos a seguir trabajando con todos por Trenque Lauquen\u00bb, expres\u00f3 entre otras cosas<\/p>\n","protected":false},"author":2,"featured_media":89397,"comment_status":"closed","ping_status":"open","sticky":false,"template":"","format":"standard","meta":{"footnotes":""},"categories":[1613],"tags":[],"class_list":["post-89396","post","type-post","status-publish","format-standard","has-post-thumbnail","hentry","category-noticia-secundaria"],"featured_image_urls":{"full":["https:\/\/infoecos.com.ar\/wp-content\/uploads\/2021\/11\/2b71d065-0491-4c66-9e84-3b07d63cb994-1.jpg",1280,855,false],"thumbnail":["https:\/\/infoecos.com.ar\/wp-content\/uploads\/2021\/11\/2b71d065-0491-4c66-9e84-3b07d63cb994-1-150x150.jpg",150,150,true],"medium":["https:\/\/infoecos.com.ar\/wp-content\/uploads\/2021\/11\/2b71d065-0491-4c66-9e84-3b07d63cb994-1-460x307.jpg",460,307,true],"medium_large":["https:\/\/infoecos.com.ar\/wp-content\/uploads\/2021\/11\/2b71d065-0491-4c66-9e84-3b07d63cb994-1-768x513.jpg",640,428,true],"large":["https:\/\/infoecos.com.ar\/wp-content\/uploads\/2021\/11\/2b71d065-0491-4c66-9e84-3b07d63cb994-1-920x615.jpg",640,428,true],"1536x1536":["https:\/\/infoecos.com.ar\/wp-content\/uploads\/2021\/11\/2b71d065-0491-4c66-9e84-3b07d63cb994-1.jpg",1280,855,false],"2048x2048":["https:\/\/infoecos.com.ar\/wp-content\/uploads\/2021\/11\/2b71d065-0491-4c66-9e84-3b07d63cb994-1.jpg",1280,855,false],"covernews-slider-full":["https:\/\/infoecos.com.ar\/wp-content\/uploads\/2021\/11\/2b71d065-0491-4c66-9e84-3b07d63cb994-1.jpg",1070,715,false],"covernews-slider-center":["https:\/\/infoecos.com.ar\/wp-content\/uploads\/2021\/11\/2b71d065-0491-4c66-9e84-3b07d63cb994-1-936x855.jpg",547,500,true],"covernews-featured":["https:\/\/infoecos.com.ar\/wp-content\/uploads\/2021\/11\/2b71d065-0491-4c66-9e84-3b07d63cb994-1-1024x684.jpg",1024,684,true],"covernews-medium":["https:\/\/infoecos.com.ar\/wp-content\/uploads\/2021\/11\/2b71d065-0491-4c66-9e84-3b07d63cb994-1-720x380.jpg",540,285,true],"covernews-medium-square":["https:\/\/infoecos.com.ar\/wp-content\/uploads\/2021\/11\/2b71d065-0491-4c66-9e84-3b07d63cb994-1-675x450.jpg",375,250,true]},"author_info":{"info":["Jorge Matheus"]},"category_info":"<a href=\"https:\/\/infoecos.com.ar\/index.php\/category\/noticia-secundaria\/\" rel=\"category tag\">Noticia Secundaria<\/a>","tag_info":"Noticia Secundaria","comment_count":"0","_links":{"self":[{"href":"https:\/\/infoecos.com.ar\/index.php\/wp-json\/wp\/v2\/posts\/89396","targetHints":{"allow":["GET"]}}],"collection":[{"href":"https:\/\/infoecos.com.ar\/index.php\/wp-json\/wp\/v2\/posts"}],"about":[{"href":"https:\/\/infoecos.com.ar\/index.php\/wp-json\/wp\/v2\/types\/post"}],"author":[{"embeddable":true,"href":"https:\/\/infoecos.com.ar\/index.php\/wp-json\/wp\/v2\/users\/2"}],"replies":[{"embeddable":true,"href":"https:\/\/infoecos.com.ar\/index.php\/wp-json\/wp\/v2\/comments?post=89396"}],"version-history":[{"count":2,"href":"https:\/\/infoecos.com.ar\/index.php\/wp-json\/wp\/v2\/posts\/89396\/revisions"}],"predecessor-version":[{"id":89402,"href":"https:\/\/infoecos.com.ar\/index.php\/wp-json\/wp\/v2\/posts\/89396\/revisions\/89402"}],"wp:featuredmedia":[{"embeddable":true,"href":"https:\/\/infoecos.com.ar\/index.php\/wp-json\/wp\/v2\/media\/89397"}],"wp:attachment":[{"href":"https:\/\/infoecos.com.ar\/index.php\/wp-json\/wp\/v2\/media?parent=89396"}],"wp:term":[{"taxonomy":"category","embeddable":true,"href":"https:\/\/infoecos.com.ar\/index.php\/wp-json\/wp\/v2\/categories?post=89396"},{"taxonomy":"post_tag","embeddable":true,"href":"https:\/\/infoecos.com.ar\/index.php\/wp-json\/wp\/v2\/tags?post=89396"}],"curies":[{"name":"wp","href":"https:\/\/api.w.org\/{rel}","templated":true}]}}