{"id":89406,"date":"2021-11-16T03:05:22","date_gmt":"2021-11-16T06:05:22","guid":{"rendered":"http:\/\/infoecos.com.ar\/?p=89406"},"modified":"2021-11-16T03:08:38","modified_gmt":"2021-11-16T06:08:38","slug":"89406","status":"publish","type":"post","link":"https:\/\/infoecos.com.ar\/index.php\/89406\/","title":{"rendered":"Torchio y la importancia de un senador m\u00e1s por la secci\u00f3n: \u201clogramos cumplir el objetivo que nos propuso el gobernador\u00bb"},"content":{"rendered":"\n<p>El intendente de Carlos Casares y Senador electo por el Frente de Todos en la cuarta secci\u00f3n, Walter Torchio, \u00a0expres\u00f3 su satisfacci\u00f3n debido a las bancas alcanzadas.\u00a0\u201cLogramos cumplir el objetivo que nos propuso el gobernador Kicillof\u201d.<\/p>\n\n\n\n<p>En di\u00e1logo con\u00a0<strong>Radio La Plata (90.9)<\/strong>, Torchio coment\u00f3 que se ha hecho una buena elecci\u00f3n legislativa, pero que podr\u00eda haber sido mejor a nivel local de no ser por el contexto que atraviesa la sociedad. \u201cLa Provincia debe ponerse en marcha porque es la locomotora del pa\u00eds\u201d, manifest\u00f3.<\/p>\n\n\n\n<div class=\"wp-block-image is-style-default\"><figure class=\"aligncenter size-medium\"><img loading=\"lazy\" decoding=\"async\" width=\"1029\" height=\"683\" src=\"http:\/\/infoecos.com.ar\/wp-content\/uploads\/2021\/01\/5-460x305.jpg\" alt=\"\" class=\"wp-image-72413\" srcset=\"https:\/\/infoecos.com.ar\/wp-content\/uploads\/2021\/01\/5-460x305.jpg 460w, https:\/\/infoecos.com.ar\/wp-content\/uploads\/2021\/01\/5-920x611.jpg 920w, https:\/\/infoecos.com.ar\/wp-content\/uploads\/2021\/01\/5-768x510.jpg 768w, https:\/\/infoecos.com.ar\/wp-content\/uploads\/2021\/01\/5-1024x680.jpg 1024w, https:\/\/infoecos.com.ar\/wp-content\/uploads\/2021\/01\/5.jpg 1029w\" sizes=\"(max-width: 1029px) 100vw, 1029px\" \/><\/figure><\/div>\n\n\n\n<p>\u201cSi logramos controlar la inflaci\u00f3n, tenemos un enorme horizonte de esperanza y muy positivo de camino al 2023\u201d, remarc\u00f3 y destac\u00f3 la necesidad de, a nivel pa\u00eds, cerrar acuerdos con el sector empresarial para lograr afianzar la reactivaci\u00f3n.<\/p>\n\n\n\n<p>Al ser consultado por el municipio, el Intendente coment\u00f3 que tienen en marcha la planificaci\u00f3n de un proyecto gubernamental hasta 2023, donde se incluye dejar de tener calles de tierra en todo el distrito, entre otros. \u201cTenemos objetivos que inexorablemente los vamos a cumplir\u201d.<\/p>\n\n\n\n<p>En cuanto a los resultados electorales y el caudal de votos con los que contaron los partidos libertarios, Torchio argument\u00f3 que pude deberse a la falta de contacto en la pandemia, al descontento por la misma y la instauraci\u00f3n de discursos en su contra.<\/p>\n\n\n\n<p>\u201cHay que asumir la responsabilidad de detectar las falencias para que estos espacios est\u00e9n contenidos\u201d, concluy\u00f3.<\/p>\n","protected":false},"excerpt":{"rendered":"<p>En di\u00e1logo con Radio La Plata (90.9), Torchio coment\u00f3 que se ha hecho una buena elecci\u00f3n legislativa, pero que podr\u00eda haber sido mejor a nivel local de no ser por el contexto que atraviesa la sociedad<\/p>\n","protected":false},"author":2,"featured_media":72413,"comment_status":"closed","ping_status":"open","sticky":false,"template":"","format":"standard","meta":{"footnotes":""},"categories":[1612],"tags":[],"class_list":["post-89406","post","type-post","status-publish","format-standard","has-post-thumbnail","hentry","category-noticia-principal"],"yoast_head":"<!-- This site is optimized with the Yoast SEO plugin v23.4 - https:\/\/yoast.com\/wordpress\/plugins\/seo\/ -->\n<title>Torchio y la importancia de un senador m\u00e1s por la secci\u00f3n: \u201clogramos cumplir el objetivo que nos propuso el gobernador&quot; - Infoecos<\/title>\n<meta name=\"robots\" content=\"index, follow, max-snippet:-1, max-image-preview:large, max-video-preview:-1\" \/>\n<link rel=\"canonical\" href=\"https:\/\/infoecos.com.ar\/index.php\/89406\/\" \/>\n<meta property=\"og:locale\" content=\"es_ES\" \/>\n<meta property=\"og:type\" content=\"article\" \/>\n<meta property=\"og:title\" content=\"Torchio y la importancia de un senador m\u00e1s por la secci\u00f3n: \u201clogramos cumplir el objetivo que nos propuso el gobernador&quot; - Infoecos\" \/>\n<meta property=\"og:description\" content=\"En di\u00e1logo con Radio La Plata (90.9), Torchio coment\u00f3 que se ha hecho una buena elecci\u00f3n legislativa, pero que podr\u00eda haber sido mejor a nivel local de no ser por el contexto que atraviesa la sociedad\" \/>\n<meta property=\"og:url\" content=\"https:\/\/infoecos.com.ar\/index.php\/89406\/\" \/>\n<meta property=\"og:site_name\" content=\"Infoecos\" \/>\n<meta property=\"article:publisher\" content=\"https:\/\/www.facebook.com\/profile.php?id=100063200290284\" \/>\n<meta property=\"article:published_time\" content=\"2021-11-16T06:05:22+00:00\" \/>\n<meta property=\"article:modified_time\" content=\"2021-11-16T06:08:38+00:00\" \/>\n<meta property=\"og:image\" content=\"https:\/\/infoecos.com.ar\/wp-content\/uploads\/2021\/01\/5.jpg\" \/>\n\t<meta property=\"og:image:width\" content=\"1029\" \/>\n\t<meta property=\"og:image:height\" content=\"683\" \/>\n\t<meta property=\"og:image:type\" content=\"image\/jpeg\" \/>\n<meta name=\"author\" content=\"Jorge Matheus\" \/>\n<meta name=\"twitter:card\" content=\"summary_large_image\" \/>\n<meta name=\"twitter:creator\" content=\"@infoecos\" \/>\n<meta name=\"twitter:site\" content=\"@infoecos\" \/>\n<meta name=\"twitter:label1\" content=\"Escrito por\" \/>\n\t<meta name=\"twitter:data1\" content=\"Jorge Matheus\" \/>\n\t<meta name=\"twitter:label2\" content=\"Tiempo de lectura\" \/>\n\t<meta name=\"twitter:data2\" content=\"1 minuto\" \/>\n<script type=\"application\/ld+json\" class=\"yoast-schema-graph\">{\"@context\":\"https:\/\/schema.org\",\"@graph\":[{\"@type\":\"Article\",\"@id\":\"https:\/\/infoecos.com.ar\/index.php\/89406\/#article\",\"isPartOf\":{\"@id\":\"https:\/\/infoecos.com.ar\/index.php\/89406\/\"},\"author\":{\"name\":\"Jorge Matheus\",\"@id\":\"https:\/\/infoecos.com.ar\/#\/schema\/person\/8f5ace5ce73b4b4aac4b7245aee6f191\"},\"headline\":\"Torchio y la importancia de un senador m\u00e1s por la secci\u00f3n: \u201clogramos cumplir el objetivo que nos propuso el gobernador\u00bb\",\"datePublished\":\"2021-11-16T06:05:22+00:00\",\"dateModified\":\"2021-11-16T06:08:38+00:00\",\"mainEntityOfPage\":{\"@id\":\"https:\/\/infoecos.com.ar\/index.php\/89406\/\"},\"wordCount\":259,\"publisher\":{\"@id\":\"https:\/\/infoecos.com.ar\/#organization\"},\"image\":{\"@id\":\"https:\/\/infoecos.com.ar\/index.php\/89406\/#primaryimage\"},\"thumbnailUrl\":\"https:\/\/infoecos.com.ar\/wp-content\/uploads\/2021\/01\/5.jpg\",\"articleSection\":[\"Noticia Principal\"],\"inLanguage\":\"es\"},{\"@type\":\"WebPage\",\"@id\":\"https:\/\/infoecos.com.ar\/index.php\/89406\/\",\"url\":\"https:\/\/infoecos.com.ar\/index.php\/89406\/\",\"name\":\"Torchio y la importancia de un senador m\u00e1s por la secci\u00f3n: \u201clogramos cumplir el objetivo que nos propuso el gobernador\\\" - Infoecos\",\"isPartOf\":{\"@id\":\"https:\/\/infoecos.com.ar\/#website\"},\"primaryImageOfPage\":{\"@id\":\"https:\/\/infoecos.com.ar\/index.php\/89406\/#primaryimage\"},\"image\":{\"@id\":\"https:\/\/infoecos.com.ar\/index.php\/89406\/#primaryimage\"},\"thumbnailUrl\":\"https:\/\/infoecos.com.ar\/wp-content\/uploads\/2021\/01\/5.jpg\",\"datePublished\":\"2021-11-16T06:05:22+00:00\",\"dateModified\":\"2021-11-16T06:08:38+00:00\",\"breadcrumb\":{\"@id\":\"https:\/\/infoecos.com.ar\/index.php\/89406\/#breadcrumb\"},\"inLanguage\":\"es\",\"potentialAction\":[{\"@type\":\"ReadAction\",\"target\":[\"https:\/\/infoecos.com.ar\/index.php\/89406\/\"]}]},{\"@type\":\"ImageObject\",\"inLanguage\":\"es\",\"@id\":\"https:\/\/infoecos.com.ar\/index.php\/89406\/#primaryimage\",\"url\":\"https:\/\/infoecos.com.ar\/wp-content\/uploads\/2021\/01\/5.jpg\",\"contentUrl\":\"https:\/\/infoecos.com.ar\/wp-content\/uploads\/2021\/01\/5.jpg\",\"width\":1029,\"height\":683},{\"@type\":\"BreadcrumbList\",\"@id\":\"https:\/\/infoecos.com.ar\/index.php\/89406\/#breadcrumb\",\"itemListElement\":[{\"@type\":\"ListItem\",\"position\":1,\"name\":\"Portada\",\"item\":\"https:\/\/infoecos.com.ar\/\"},{\"@type\":\"ListItem\",\"position\":2,\"name\":\"Torchio y la importancia de un senador m\u00e1s por la secci\u00f3n: \u201clogramos cumplir el objetivo que nos propuso el gobernador\u00bb\"}]},{\"@type\":\"WebSite\",\"@id\":\"https:\/\/infoecos.com.ar\/#website\",\"url\":\"https:\/\/infoecos.com.ar\/\",\"name\":\"Infoecos\",\"description\":\"Noticias de trenque lauquen y la zona\",\"publisher\":{\"@id\":\"https:\/\/infoecos.com.ar\/#organization\"},\"alternateName\":\"Noticias\",\"potentialAction\":[{\"@type\":\"SearchAction\",\"target\":{\"@type\":\"EntryPoint\",\"urlTemplate\":\"https:\/\/infoecos.com.ar\/?s={search_term_string}\"},\"query-input\":{\"@type\":\"PropertyValueSpecification\",\"valueRequired\":true,\"valueName\":\"search_term_string\"}}],\"inLanguage\":\"es\"},{\"@type\":\"Organization\",\"@id\":\"https:\/\/infoecos.com.ar\/#organization\",\"name\":\"Infoecos\",\"alternateName\":\"Noticias\",\"url\":\"https:\/\/infoecos.com.ar\/\",\"logo\":{\"@type\":\"ImageObject\",\"inLanguage\":\"es\",\"@id\":\"https:\/\/infoecos.com.ar\/#\/schema\/logo\/image\/\",\"url\":\"https:\/\/infoecos.com.ar\/wp-content\/uploads\/2024\/03\/cropped-logo.png\",\"contentUrl\":\"https:\/\/infoecos.com.ar\/wp-content\/uploads\/2024\/03\/cropped-logo.png\",\"width\":374,\"height\":90,\"caption\":\"Infoecos\"},\"image\":{\"@id\":\"https:\/\/infoecos.com.ar\/#\/schema\/logo\/image\/\"},\"sameAs\":[\"https:\/\/www.facebook.com\/profile.php?id=100063200290284\",\"https:\/\/x.com\/infoecos\"]},{\"@type\":\"Person\",\"@id\":\"https:\/\/infoecos.com.ar\/#\/schema\/person\/8f5ace5ce73b4b4aac4b7245aee6f191\",\"name\":\"Jorge Matheus\",\"url\":\"https:\/\/infoecos.com.ar\/index.php\/author\/jomatheus\/\"}]}<\/script>\n<!-- \/ Yoast SEO plugin. -->","yoast_head_json":{"title":"Torchio y la importancia de un senador m\u00e1s por la secci\u00f3n: \u201clogramos cumplir el objetivo que nos propuso el gobernador\" - Infoecos","robots":{"index":"index","follow":"follow","max-snippet":"max-snippet:-1","max-image-preview":"max-image-preview:large","max-video-preview":"max-video-preview:-1"},"canonical":"https:\/\/infoecos.com.ar\/index.php\/89406\/","og_locale":"es_ES","og_type":"article","og_title":"Torchio y la importancia de un senador m\u00e1s por la secci\u00f3n: \u201clogramos cumplir el objetivo que nos propuso el gobernador\" - Infoecos","og_description":"En di\u00e1logo con Radio La Plata (90.9), Torchio coment\u00f3 que se ha hecho una buena elecci\u00f3n legislativa, pero que podr\u00eda haber sido mejor a nivel local de no ser por el contexto que atraviesa la sociedad","og_url":"https:\/\/infoecos.com.ar\/index.php\/89406\/","og_site_name":"Infoecos","article_publisher":"https:\/\/www.facebook.com\/profile.php?id=100063200290284","article_published_time":"2021-11-16T06:05:22+00:00","article_modified_time":"2021-11-16T06:08:38+00:00","og_image":[{"width":1029,"height":683,"url":"https:\/\/infoecos.com.ar\/wp-content\/uploads\/2021\/01\/5.jpg","type":"image\/jpeg"}],"author":"Jorge Matheus","twitter_card":"summary_large_image","twitter_creator":"@infoecos","twitter_site":"@infoecos","twitter_misc":{"Escrito por":"Jorge Matheus","Tiempo de lectura":"1 minuto"},"schema":{"@context":"https:\/\/schema.org","@graph":[{"@type":"Article","@id":"https:\/\/infoecos.com.ar\/index.php\/89406\/#article","isPartOf":{"@id":"https:\/\/infoecos.com.ar\/index.php\/89406\/"},"author":{"name":"Jorge Matheus","@id":"https:\/\/infoecos.com.ar\/#\/schema\/person\/8f5ace5ce73b4b4aac4b7245aee6f191"},"headline":"Torchio y la importancia de un senador m\u00e1s por la secci\u00f3n: \u201clogramos cumplir el objetivo que nos propuso el gobernador\u00bb","datePublished":"2021-11-16T06:05:22+00:00","dateModified":"2021-11-16T06:08:38+00:00","mainEntityOfPage":{"@id":"https:\/\/infoecos.com.ar\/index.php\/89406\/"},"wordCount":259,"publisher":{"@id":"https:\/\/infoecos.com.ar\/#organization"},"image":{"@id":"https:\/\/infoecos.com.ar\/index.php\/89406\/#primaryimage"},"thumbnailUrl":"https:\/\/infoecos.com.ar\/wp-content\/uploads\/2021\/01\/5.jpg","articleSection":["Noticia Principal"],"inLanguage":"es"},{"@type":"WebPage","@id":"https:\/\/infoecos.com.ar\/index.php\/89406\/","url":"https:\/\/infoecos.com.ar\/index.php\/89406\/","name":"Torchio y la importancia de un senador m\u00e1s por la secci\u00f3n: \u201clogramos cumplir el objetivo que nos propuso el gobernador\" - Infoecos","isPartOf":{"@id":"https:\/\/infoecos.com.ar\/#website"},"primaryImageOfPage":{"@id":"https:\/\/infoecos.com.ar\/index.php\/89406\/#primaryimage"},"image":{"@id":"https:\/\/infoecos.com.ar\/index.php\/89406\/#primaryimage"},"thumbnailUrl":"https:\/\/infoecos.com.ar\/wp-content\/uploads\/2021\/01\/5.jpg","datePublished":"2021-11-16T06:05:22+00:00","dateModified":"2021-11-16T06:08:38+00:00","breadcrumb":{"@id":"https:\/\/infoecos.com.ar\/index.php\/89406\/#breadcrumb"},"inLanguage":"es","potentialAction":[{"@type":"ReadAction","target":["https:\/\/infoecos.com.ar\/index.php\/89406\/"]}]},{"@type":"ImageObject","inLanguage":"es","@id":"https:\/\/infoecos.com.ar\/index.php\/89406\/#primaryimage","url":"https:\/\/infoecos.com.ar\/wp-content\/uploads\/2021\/01\/5.jpg","contentUrl":"https:\/\/infoecos.com.ar\/wp-content\/uploads\/2021\/01\/5.jpg","width":1029,"height":683},{"@type":"BreadcrumbList","@id":"https:\/\/infoecos.com.ar\/index.php\/89406\/#breadcrumb","itemListElement":[{"@type":"ListItem","position":1,"name":"Portada","item":"https:\/\/infoecos.com.ar\/"},{"@type":"ListItem","position":2,"name":"Torchio y la importancia de un senador m\u00e1s por la secci\u00f3n: \u201clogramos cumplir el objetivo que nos propuso el gobernador\u00bb"}]},{"@type":"WebSite","@id":"https:\/\/infoecos.com.ar\/#website","url":"https:\/\/infoecos.com.ar\/","name":"Infoecos","description":"Noticias de trenque lauquen y la zona","publisher":{"@id":"https:\/\/infoecos.com.ar\/#organization"},"alternateName":"Noticias","potentialAction":[{"@type":"SearchAction","target":{"@type":"EntryPoint","urlTemplate":"https:\/\/infoecos.com.ar\/?s={search_term_string}"},"query-input":{"@type":"PropertyValueSpecification","valueRequired":true,"valueName":"search_term_string"}}],"inLanguage":"es"},{"@type":"Organization","@id":"https:\/\/infoecos.com.ar\/#organization","name":"Infoecos","alternateName":"Noticias","url":"https:\/\/infoecos.com.ar\/","logo":{"@type":"ImageObject","inLanguage":"es","@id":"https:\/\/infoecos.com.ar\/#\/schema\/logo\/image\/","url":"https:\/\/infoecos.com.ar\/wp-content\/uploads\/2024\/03\/cropped-logo.png","contentUrl":"https:\/\/infoecos.com.ar\/wp-content\/uploads\/2024\/03\/cropped-logo.png","width":374,"height":90,"caption":"Infoecos"},"image":{"@id":"https:\/\/infoecos.com.ar\/#\/schema\/logo\/image\/"},"sameAs":["https:\/\/www.facebook.com\/profile.php?id=100063200290284","https:\/\/x.com\/infoecos"]},{"@type":"Person","@id":"https:\/\/infoecos.com.ar\/#\/schema\/person\/8f5ace5ce73b4b4aac4b7245aee6f191","name":"Jorge Matheus","url":"https:\/\/infoecos.com.ar\/index.php\/author\/jomatheus\/"}]}},"featured_image_urls":{"full":["https:\/\/infoecos.com.ar\/wp-content\/uploads\/2021\/01\/5.jpg",1029,683,false],"thumbnail":["https:\/\/infoecos.com.ar\/wp-content\/uploads\/2021\/01\/5-150x150.jpg",150,150,true],"medium":["https:\/\/infoecos.com.ar\/wp-content\/uploads\/2021\/01\/5-460x305.jpg",460,305,true],"medium_large":["https:\/\/infoecos.com.ar\/wp-content\/uploads\/2021\/01\/5-768x510.jpg",640,425,true],"large":["https:\/\/infoecos.com.ar\/wp-content\/uploads\/2021\/01\/5-920x611.jpg",640,425,true],"1536x1536":["https:\/\/infoecos.com.ar\/wp-content\/uploads\/2021\/01\/5.jpg",1029,683,false],"2048x2048":["https:\/\/infoecos.com.ar\/wp-content\/uploads\/2021\/01\/5.jpg",1029,683,false],"covernews-slider-full":["https:\/\/infoecos.com.ar\/wp-content\/uploads\/2021\/01\/5.jpg",1029,683,false],"covernews-slider-center":["https:\/\/infoecos.com.ar\/wp-content\/uploads\/2021\/01\/5-936x683.jpg",685,500,true],"covernews-featured":["https:\/\/infoecos.com.ar\/wp-content\/uploads\/2021\/01\/5-1024x680.jpg",1024,680,true],"covernews-medium":["https:\/\/infoecos.com.ar\/wp-content\/uploads\/2021\/01\/5-720x380.jpg",540,285,true],"covernews-medium-square":["https:\/\/infoecos.com.ar\/wp-content\/uploads\/2021\/01\/5-675x450.jpg",375,250,true]},"author_info":{"info":["Jorge Matheus"]},"category_info":"<a href=\"https:\/\/infoecos.com.ar\/index.php\/category\/noticia-principal\/\" rel=\"category tag\">Noticia Principal<\/a>","tag_info":"Noticia Principal","comment_count":"0","_links":{"self":[{"href":"https:\/\/infoecos.com.ar\/index.php\/wp-json\/wp\/v2\/posts\/89406"}],"collection":[{"href":"https:\/\/infoecos.com.ar\/index.php\/wp-json\/wp\/v2\/posts"}],"about":[{"href":"https:\/\/infoecos.com.ar\/index.php\/wp-json\/wp\/v2\/types\/post"}],"author":[{"embeddable":true,"href":"https:\/\/infoecos.com.ar\/index.php\/wp-json\/wp\/v2\/users\/2"}],"replies":[{"embeddable":true,"href":"https:\/\/infoecos.com.ar\/index.php\/wp-json\/wp\/v2\/comments?post=89406"}],"version-history":[{"count":2,"href":"https:\/\/infoecos.com.ar\/index.php\/wp-json\/wp\/v2\/posts\/89406\/revisions"}],"predecessor-version":[{"id":89409,"href":"https:\/\/infoecos.com.ar\/index.php\/wp-json\/wp\/v2\/posts\/89406\/revisions\/89409"}],"wp:featuredmedia":[{"embeddable":true,"href":"https:\/\/infoecos.com.ar\/index.php\/wp-json\/wp\/v2\/media\/72413"}],"wp:attachment":[{"href":"https:\/\/infoecos.com.ar\/index.php\/wp-json\/wp\/v2\/media?parent=89406"}],"wp:term":[{"taxonomy":"category","embeddable":true,"href":"https:\/\/infoecos.com.ar\/index.php\/wp-json\/wp\/v2\/categories?post=89406"},{"taxonomy":"post_tag","embeddable":true,"href":"https:\/\/infoecos.com.ar\/index.php\/wp-json\/wp\/v2\/tags?post=89406"}],"curies":[{"name":"wp","href":"https:\/\/api.w.org\/{rel}","templated":true}]}}