{"id":89414,"date":"2021-11-16T03:37:42","date_gmt":"2021-11-16T06:37:42","guid":{"rendered":"http:\/\/infoecos.com.ar\/?p=89414"},"modified":"2021-11-16T03:37:46","modified_gmt":"2021-11-16T06:37:46","slug":"aumento-por-conectividad-a-los-docentes","status":"publish","type":"post","link":"https:\/\/infoecos.com.ar\/index.php\/aumento-por-conectividad-a-los-docentes\/","title":{"rendered":"Aumento por conectividad a los docentes"},"content":{"rendered":"\n<p class=\"wp-block-paragraph\">El ministro de Educaci\u00f3n de la Naci\u00f3n, Jaime Perczyk, y su par de Trabajo, Claudio Moroni, mantuvieron un encuentro con los representantes de los cinco sindicatos docentes nacionales: CTERA, UDA, CEA, SADOP y AMET, conforme a lo indicado en el decreto N\u00b0457\/2007 que establece que las negociaciones anuales ser\u00e1n convocadas en noviembre.<\/p>\n\n\n\n<div class=\"wp-block-image is-style-default\"><figure class=\"aligncenter size-medium\"><img loading=\"lazy\" decoding=\"async\" width=\"460\" height=\"307\" src=\"http:\/\/infoecos.com.ar\/wp-content\/uploads\/2021\/11\/Moroni-460x307.jpeg\" alt=\"\" class=\"wp-image-89415\" srcset=\"https:\/\/infoecos.com.ar\/wp-content\/uploads\/2021\/11\/Moroni-460x307.jpeg 460w, https:\/\/infoecos.com.ar\/wp-content\/uploads\/2021\/11\/Moroni-920x615.jpeg 920w, https:\/\/infoecos.com.ar\/wp-content\/uploads\/2021\/11\/Moroni-768x513.jpeg 768w, https:\/\/infoecos.com.ar\/wp-content\/uploads\/2021\/11\/Moroni-1024x684.jpeg 1024w, https:\/\/infoecos.com.ar\/wp-content\/uploads\/2021\/11\/Moroni-675x450.jpeg 675w, https:\/\/infoecos.com.ar\/wp-content\/uploads\/2021\/11\/Moroni.jpeg 1280w\" sizes=\"auto, (max-width: 460px) 100vw, 460px\" \/><\/figure><\/div>\n\n\n\n<p class=\"wp-block-paragraph\">Entre los temas tratados, se acord\u00f3 que el adicional por conectividad ser\u00e1 de 2250 pesos a partir de diciembre, lo que significa un aumento del 125%. Tambi\u00e9n se dialog\u00f3 sobre formaci\u00f3n docente.<\/p>\n\n\n\n<p class=\"wp-block-paragraph\">En la reuni\u00f3n, el ministro Perczyk asegur\u00f3: \u201cEstamos trabajando para convocar a las y los docentes y comenzar una oferta amplia de capacitaci\u00f3n que nos permita, en este final de ciclo y el inicio del pr\u00f3ximo, tener una acci\u00f3n reparadora ante tanto dolor y sufrimiento que ha tenido el pueblo argentino, la escuela, los docentes y los chicos en este a\u00f1o y medio tan dif\u00edcil\u201d.<\/p>\n","protected":false},"excerpt":{"rendered":"<p>Se acord\u00f3 que el adicional ser\u00e1 de 2250 pesos a partir de diciembre, lo que significa un aumento del 125%.<\/p>\n","protected":false},"author":2,"featured_media":89415,"comment_status":"closed","ping_status":"open","sticky":false,"template":"","format":"standard","meta":{"footnotes":""},"categories":[25],"tags":[5631],"class_list":["post-89414","post","type-post","status-publish","format-standard","has-post-thumbnail","hentry","category-c3nota1","tag-reunion-con-todos-los-gremios"],"featured_image_urls":{"full":["https:\/\/infoecos.com.ar\/wp-content\/uploads\/2021\/11\/Moroni.jpeg",1280,855,false],"thumbnail":["https:\/\/infoecos.com.ar\/wp-content\/uploads\/2021\/11\/Moroni-150x150.jpeg",150,150,true],"medium":["https:\/\/infoecos.com.ar\/wp-content\/uploads\/2021\/11\/Moroni-460x307.jpeg",460,307,true],"medium_large":["https:\/\/infoecos.com.ar\/wp-content\/uploads\/2021\/11\/Moroni-768x513.jpeg",640,428,true],"large":["https:\/\/infoecos.com.ar\/wp-content\/uploads\/2021\/11\/Moroni-920x615.jpeg",640,428,true],"1536x1536":["https:\/\/infoecos.com.ar\/wp-content\/uploads\/2021\/11\/Moroni.jpeg",1280,855,false],"2048x2048":["https:\/\/infoecos.com.ar\/wp-content\/uploads\/2021\/11\/Moroni.jpeg",1280,855,false],"covernews-slider-full":["https:\/\/infoecos.com.ar\/wp-content\/uploads\/2021\/11\/Moroni.jpeg",1070,715,false],"covernews-slider-center":["https:\/\/infoecos.com.ar\/wp-content\/uploads\/2021\/11\/Moroni-936x855.jpeg",547,500,true],"covernews-featured":["https:\/\/infoecos.com.ar\/wp-content\/uploads\/2021\/11\/Moroni-1024x684.jpeg",1024,684,true],"covernews-medium":["https:\/\/infoecos.com.ar\/wp-content\/uploads\/2021\/11\/Moroni-720x380.jpeg",540,285,true],"covernews-medium-square":["https:\/\/infoecos.com.ar\/wp-content\/uploads\/2021\/11\/Moroni-675x450.jpeg",375,250,true]},"author_info":{"info":["Jorge Matheus"]},"category_info":"<a href=\"https:\/\/infoecos.com.ar\/index.php\/category\/c3nota1\/\" rel=\"category tag\">C3 N1<\/a>","tag_info":"C3 N1","comment_count":"0","_links":{"self":[{"href":"https:\/\/infoecos.com.ar\/index.php\/wp-json\/wp\/v2\/posts\/89414","targetHints":{"allow":["GET"]}}],"collection":[{"href":"https:\/\/infoecos.com.ar\/index.php\/wp-json\/wp\/v2\/posts"}],"about":[{"href":"https:\/\/infoecos.com.ar\/index.php\/wp-json\/wp\/v2\/types\/post"}],"author":[{"embeddable":true,"href":"https:\/\/infoecos.com.ar\/index.php\/wp-json\/wp\/v2\/users\/2"}],"replies":[{"embeddable":true,"href":"https:\/\/infoecos.com.ar\/index.php\/wp-json\/wp\/v2\/comments?post=89414"}],"version-history":[{"count":1,"href":"https:\/\/infoecos.com.ar\/index.php\/wp-json\/wp\/v2\/posts\/89414\/revisions"}],"predecessor-version":[{"id":89416,"href":"https:\/\/infoecos.com.ar\/index.php\/wp-json\/wp\/v2\/posts\/89414\/revisions\/89416"}],"wp:featuredmedia":[{"embeddable":true,"href":"https:\/\/infoecos.com.ar\/index.php\/wp-json\/wp\/v2\/media\/89415"}],"wp:attachment":[{"href":"https:\/\/infoecos.com.ar\/index.php\/wp-json\/wp\/v2\/media?parent=89414"}],"wp:term":[{"taxonomy":"category","embeddable":true,"href":"https:\/\/infoecos.com.ar\/index.php\/wp-json\/wp\/v2\/categories?post=89414"},{"taxonomy":"post_tag","embeddable":true,"href":"https:\/\/infoecos.com.ar\/index.php\/wp-json\/wp\/v2\/tags?post=89414"}],"curies":[{"name":"wp","href":"https:\/\/api.w.org\/{rel}","templated":true}]}}