{"id":89424,"date":"2021-11-16T17:08:35","date_gmt":"2021-11-16T20:08:35","guid":{"rendered":"http:\/\/infoecos.com.ar\/?p=89424"},"modified":"2021-11-16T17:08:36","modified_gmt":"2021-11-16T20:08:36","slug":"se-empezaron-a-arreglar-las-calles-en-general-villegas-y-este-martes-volvio-a-llover","status":"publish","type":"post","link":"https:\/\/infoecos.com.ar\/index.php\/se-empezaron-a-arreglar-las-calles-en-general-villegas-y-este-martes-volvio-a-llover\/","title":{"rendered":"Se empezaron a arreglar las calles en General Villegas y este martes volvi\u00f3 a llover"},"content":{"rendered":"\n<p class=\"wp-block-paragraph\">El municipio de  General Villegas inform\u00f3 este martes que equipos de Servicios Urbanos y la Direcci\u00f3n Vial est\u00e1n trabajando para resolver los problemas que surgieron a ra\u00edz de la lluvia ca\u00edda el s\u00e1bado anterior y que, en algunos casos, fue superior a los 100 mil\u00edmetros. <\/p>\n\n\n\n<div class=\"wp-block-image is-style-default\"><figure class=\"aligncenter size-medium\"><img loading=\"lazy\" decoding=\"async\" width=\"460\" height=\"345\" src=\"http:\/\/infoecos.com.ar\/wp-content\/uploads\/2021\/11\/WhatsApp-Image-2021-11-15-at-6.21.40-PM-460x345.jpeg\" alt=\"\" class=\"wp-image-89425\" srcset=\"https:\/\/infoecos.com.ar\/wp-content\/uploads\/2021\/11\/WhatsApp-Image-2021-11-15-at-6.21.40-PM-460x345.jpeg 460w, https:\/\/infoecos.com.ar\/wp-content\/uploads\/2021\/11\/WhatsApp-Image-2021-11-15-at-6.21.40-PM-920x690.jpeg 920w, https:\/\/infoecos.com.ar\/wp-content\/uploads\/2021\/11\/WhatsApp-Image-2021-11-15-at-6.21.40-PM-768x576.jpeg 768w, https:\/\/infoecos.com.ar\/wp-content\/uploads\/2021\/11\/WhatsApp-Image-2021-11-15-at-6.21.40-PM-1024x768.jpeg 1024w, https:\/\/infoecos.com.ar\/wp-content\/uploads\/2021\/11\/WhatsApp-Image-2021-11-15-at-6.21.40-PM.jpeg 1280w\" sizes=\"auto, (max-width: 460px) 100vw, 460px\" \/><\/figure><\/div>\n\n\n\n<p class=\"wp-block-paragraph\">Las calles anegadas por el agua escurrieron el lunes, y eso permiti\u00f3 las tareas con la maquinaria para elevar algunas calles agregando tosca para su mejorado.<\/p>\n\n\n\n<div class=\"wp-block-image is-style-default\"><figure class=\"aligncenter size-medium\"><img loading=\"lazy\" decoding=\"async\" width=\"460\" height=\"345\" src=\"http:\/\/infoecos.com.ar\/wp-content\/uploads\/2021\/11\/WhatsApp-Image-2021-11-15-at-6.21.39-PM-1-460x345.jpeg\" alt=\"\" class=\"wp-image-89426\" srcset=\"https:\/\/infoecos.com.ar\/wp-content\/uploads\/2021\/11\/WhatsApp-Image-2021-11-15-at-6.21.39-PM-1-460x345.jpeg 460w, https:\/\/infoecos.com.ar\/wp-content\/uploads\/2021\/11\/WhatsApp-Image-2021-11-15-at-6.21.39-PM-1-920x690.jpeg 920w, https:\/\/infoecos.com.ar\/wp-content\/uploads\/2021\/11\/WhatsApp-Image-2021-11-15-at-6.21.39-PM-1-768x576.jpeg 768w, https:\/\/infoecos.com.ar\/wp-content\/uploads\/2021\/11\/WhatsApp-Image-2021-11-15-at-6.21.39-PM-1-1024x768.jpeg 1024w, https:\/\/infoecos.com.ar\/wp-content\/uploads\/2021\/11\/WhatsApp-Image-2021-11-15-at-6.21.39-PM-1.jpeg 1280w\" sizes=\"auto, (max-width: 460px) 100vw, 460px\" \/><\/figure><\/div>\n\n\n\n<p class=\"wp-block-paragraph\">No se inform\u00f3 cu\u00e1l es la situaci\u00f3n el martes, habida cuenta que tambi\u00e9n llovi\u00f3 en horas de la ma\u00f1ana, alcanzando el mil\u00edmetraje a 16 mil\u00edmetros. <\/p>\n","protected":false},"excerpt":{"rendered":"<p>El municipio de General Villegas inform\u00f3 este martes que equipos de Servicios Urbanos y la&#8230;<\/p>\n","protected":false},"author":2,"featured_media":89427,"comment_status":"closed","ping_status":"open","sticky":false,"template":"","format":"standard","meta":{"footnotes":""},"categories":[29],"tags":[5634],"class_list":["post-89424","post","type-post","status-publish","format-standard","has-post-thumbnail","hentry","category-c2nota1","tag-el-sabado-mas-de-100-milimetros"],"featured_image_urls":{"full":["https:\/\/infoecos.com.ar\/wp-content\/uploads\/2021\/11\/WhatsApp-Image-2021-11-15-at-6.21.38-PM-1.jpeg",1280,960,false],"thumbnail":["https:\/\/infoecos.com.ar\/wp-content\/uploads\/2021\/11\/WhatsApp-Image-2021-11-15-at-6.21.38-PM-1-150x150.jpeg",150,150,true],"medium":["https:\/\/infoecos.com.ar\/wp-content\/uploads\/2021\/11\/WhatsApp-Image-2021-11-15-at-6.21.38-PM-1-460x345.jpeg",460,345,true],"medium_large":["https:\/\/infoecos.com.ar\/wp-content\/uploads\/2021\/11\/WhatsApp-Image-2021-11-15-at-6.21.38-PM-1-768x576.jpeg",640,480,true],"large":["https:\/\/infoecos.com.ar\/wp-content\/uploads\/2021\/11\/WhatsApp-Image-2021-11-15-at-6.21.38-PM-1-920x690.jpeg",640,480,true],"1536x1536":["https:\/\/infoecos.com.ar\/wp-content\/uploads\/2021\/11\/WhatsApp-Image-2021-11-15-at-6.21.38-PM-1.jpeg",1280,960,false],"2048x2048":["https:\/\/infoecos.com.ar\/wp-content\/uploads\/2021\/11\/WhatsApp-Image-2021-11-15-at-6.21.38-PM-1.jpeg",1280,960,false],"covernews-slider-full":["https:\/\/infoecos.com.ar\/wp-content\/uploads\/2021\/11\/WhatsApp-Image-2021-11-15-at-6.21.38-PM-1.jpeg",953,715,false],"covernews-slider-center":["https:\/\/infoecos.com.ar\/wp-content\/uploads\/2021\/11\/WhatsApp-Image-2021-11-15-at-6.21.38-PM-1-936x897.jpeg",522,500,true],"covernews-featured":["https:\/\/infoecos.com.ar\/wp-content\/uploads\/2021\/11\/WhatsApp-Image-2021-11-15-at-6.21.38-PM-1-1024x768.jpeg",1024,768,true],"covernews-medium":["https:\/\/infoecos.com.ar\/wp-content\/uploads\/2021\/11\/WhatsApp-Image-2021-11-15-at-6.21.38-PM-1-720x380.jpeg",540,285,true],"covernews-medium-square":["https:\/\/infoecos.com.ar\/wp-content\/uploads\/2021\/11\/WhatsApp-Image-2021-11-15-at-6.21.38-PM-1-675x450.jpeg",375,250,true]},"author_info":{"info":["Jorge Matheus"]},"category_info":"<a href=\"https:\/\/infoecos.com.ar\/index.php\/category\/c2nota1\/\" rel=\"category tag\">C2 nota 1<\/a>","tag_info":"C2 nota 1","comment_count":"0","_links":{"self":[{"href":"https:\/\/infoecos.com.ar\/index.php\/wp-json\/wp\/v2\/posts\/89424","targetHints":{"allow":["GET"]}}],"collection":[{"href":"https:\/\/infoecos.com.ar\/index.php\/wp-json\/wp\/v2\/posts"}],"about":[{"href":"https:\/\/infoecos.com.ar\/index.php\/wp-json\/wp\/v2\/types\/post"}],"author":[{"embeddable":true,"href":"https:\/\/infoecos.com.ar\/index.php\/wp-json\/wp\/v2\/users\/2"}],"replies":[{"embeddable":true,"href":"https:\/\/infoecos.com.ar\/index.php\/wp-json\/wp\/v2\/comments?post=89424"}],"version-history":[{"count":1,"href":"https:\/\/infoecos.com.ar\/index.php\/wp-json\/wp\/v2\/posts\/89424\/revisions"}],"predecessor-version":[{"id":89428,"href":"https:\/\/infoecos.com.ar\/index.php\/wp-json\/wp\/v2\/posts\/89424\/revisions\/89428"}],"wp:featuredmedia":[{"embeddable":true,"href":"https:\/\/infoecos.com.ar\/index.php\/wp-json\/wp\/v2\/media\/89427"}],"wp:attachment":[{"href":"https:\/\/infoecos.com.ar\/index.php\/wp-json\/wp\/v2\/media?parent=89424"}],"wp:term":[{"taxonomy":"category","embeddable":true,"href":"https:\/\/infoecos.com.ar\/index.php\/wp-json\/wp\/v2\/categories?post=89424"},{"taxonomy":"post_tag","embeddable":true,"href":"https:\/\/infoecos.com.ar\/index.php\/wp-json\/wp\/v2\/tags?post=89424"}],"curies":[{"name":"wp","href":"https:\/\/api.w.org\/{rel}","templated":true}]}}