{"id":89429,"date":"2021-11-16T17:50:16","date_gmt":"2021-11-16T20:50:16","guid":{"rendered":"http:\/\/infoecos.com.ar\/?p=89429"},"modified":"2021-11-16T17:50:47","modified_gmt":"2021-11-16T20:50:47","slug":"leticia-badino-no-dramatizo-el-resultado-electoral-para-el-frente-de-todos-en-trenque-lauquen","status":"publish","type":"post","link":"https:\/\/infoecos.com.ar\/index.php\/leticia-badino-no-dramatizo-el-resultado-electoral-para-el-frente-de-todos-en-trenque-lauquen\/","title":{"rendered":"Leticia Badino no dramatiz\u00f3 el resultado electoral del Frente de Todos en Trenque Lauquen"},"content":{"rendered":"\n<p>En declaraciones que formul\u00f3 a Canal 12 de Trenque Lauquen y al segmento radial del sitio Oesteba.com.ar, la cabeza de lista del Frente de Todos del distrito, Leticia Badino manifest\u00f3 que \u00abel resultado no es el que uno quiere, pero est\u00e1 bien y es producto de lo que pasa en el campo nacional y popular en el plano local, estamos en etapa de reorganizaci\u00f3n, redefinirnos en el territorio y eso se traduce para afuera\u00bb.<\/p>\n\n\n\n<div class=\"wp-block-image is-style-default\"><figure class=\"aligncenter size-medium\"><img loading=\"lazy\" decoding=\"async\" width=\"259\" height=\"460\" src=\"http:\/\/infoecos.com.ar\/wp-content\/uploads\/2021\/11\/255521033_10222225067188907_3915521407255282968_n-259x460.jpg\" alt=\"\" class=\"wp-image-89430\" srcset=\"https:\/\/infoecos.com.ar\/wp-content\/uploads\/2021\/11\/255521033_10222225067188907_3915521407255282968_n-259x460.jpg 259w, https:\/\/infoecos.com.ar\/wp-content\/uploads\/2021\/11\/255521033_10222225067188907_3915521407255282968_n-518x920.jpg 518w, https:\/\/infoecos.com.ar\/wp-content\/uploads\/2021\/11\/255521033_10222225067188907_3915521407255282968_n-768x1365.jpg 768w, https:\/\/infoecos.com.ar\/wp-content\/uploads\/2021\/11\/255521033_10222225067188907_3915521407255282968_n-864x1536.jpg 864w, https:\/\/infoecos.com.ar\/wp-content\/uploads\/2021\/11\/255521033_10222225067188907_3915521407255282968_n-1024x1820.jpg 1024w, https:\/\/infoecos.com.ar\/wp-content\/uploads\/2021\/11\/255521033_10222225067188907_3915521407255282968_n.jpg 1152w\" sizes=\"(max-width: 259px) 100vw, 259px\" \/><\/figure><\/div>\n\n\n\n<p>En lo que constituy\u00f3 la peor elecci\u00f3n legislativa que realiz\u00f3 el peronismo desde 1983, a\u00f1o en que se reinstaur\u00f3 la Democracia, hasta el presente, la m\u00e1xima responsable de la coalici\u00f3n indic\u00f3 que \u00abaspiramos a un proyecto conjunto con los concejales, tenemos que aunar criterios con el bloque, visualizar las problem\u00e1ticas de la comunidad y buscar soluciones. Las cosas dependen del esfuerzo y el trabajo de cada uno de nosotros y teniendo intenciones reales de construir un espacio renovado\u00bb.<\/p>\n\n\n\n<p>Leticia Badino manifest\u00f3 cierta sorpresa por la cantidad de votos que se perdieron en relaci\u00f3n a las PASO. Sumando las tres listas que se presentaron en esa oportunidad, el Frente de Todos super\u00f3 los 8.000 sufragios. En las definitivas, concretadas este domingo, lleg\u00f3 a sumar 6.881 votos, lo que se traduce en el 27 por ciento sobre el 69,21 por ciento que concurri\u00f3 a cumplir con su obligaci\u00f3n ciudadana.   <\/p>\n\n\n\n<div class=\"wp-block-image is-style-default\"><figure class=\"aligncenter size-medium\"><img loading=\"lazy\" decoding=\"async\" width=\"460\" height=\"339\" src=\"http:\/\/infoecos.com.ar\/wp-content\/uploads\/2021\/11\/257375166_2990748917835107_4703079188254680005_n-460x339.jpg\" alt=\"\" class=\"wp-image-89431\" srcset=\"https:\/\/infoecos.com.ar\/wp-content\/uploads\/2021\/11\/257375166_2990748917835107_4703079188254680005_n-460x339.jpg 460w, https:\/\/infoecos.com.ar\/wp-content\/uploads\/2021\/11\/257375166_2990748917835107_4703079188254680005_n-920x678.jpg 920w, https:\/\/infoecos.com.ar\/wp-content\/uploads\/2021\/11\/257375166_2990748917835107_4703079188254680005_n-768x566.jpg 768w, https:\/\/infoecos.com.ar\/wp-content\/uploads\/2021\/11\/257375166_2990748917835107_4703079188254680005_n.jpg 960w\" sizes=\"(max-width: 460px) 100vw, 460px\" \/><\/figure><\/div>\n\n\n\n<p>La dirigente que viene desempe\u00f1\u00e1ndose como responsable del ministerio de Desarrollo Social de la Naci\u00f3n en el distrito y coordinadora del Plan de Vacunaci\u00f3n contra el coronavirus, expuso tambi\u00e9n a los medios mencionados que \u00abnosotros siempre decimos que el voto de la gente es respetable y no se cuestiona, as\u00ed que tenemos que asumir estas cuestiones y respetarla\u00bb.\u00a0<\/p>\n\n\n\n<p>El Frente de Todos, merced al sistema electoral vigente donde se aplica el residual sobre el porcentaje total de ciudadanos que votaron, colocar\u00e1 en diciembre en el concejo deliberante a tres integrantes de la lista encabezada por Badino.  <\/p>\n\n\n\n<p>Los hist\u00f3ricos dirigentes del peronismo en Trenque Lauquen y sus aliados no han vertido opiniones desde el domingo hasta este martes. <\/p>\n","protected":false},"excerpt":{"rendered":"<p>En lo que constituy\u00f3 la peor elecci\u00f3n legislativa que realiz\u00f3 el peronismo desde 1983, a\u00f1o en que se reinstaur\u00f3 la Democracia, hasta el presente, la m\u00e1xima responsable de la coalici\u00f3n indic\u00f3 que \u00abaspiramos a un proyecto conjunto con los concejales, tenemos que aunar criterios con el bloque, visualizar las problem\u00e1ticas de la comunidad y buscar soluciones\u00bb<\/p>\n","protected":false},"author":2,"featured_media":89432,"comment_status":"closed","ping_status":"open","sticky":false,"template":"","format":"standard","meta":{"footnotes":""},"categories":[1612],"tags":[],"class_list":["post-89429","post","type-post","status-publish","format-standard","has-post-thumbnail","hentry","category-noticia-principal"],"yoast_head":"<!-- This site is optimized with the Yoast SEO plugin v23.4 - https:\/\/yoast.com\/wordpress\/plugins\/seo\/ -->\n<title>Leticia Badino no dramatiz\u00f3 el resultado electoral del Frente de Todos en Trenque Lauquen - Infoecos<\/title>\n<meta name=\"robots\" content=\"index, follow, max-snippet:-1, max-image-preview:large, max-video-preview:-1\" \/>\n<link rel=\"canonical\" href=\"https:\/\/infoecos.com.ar\/index.php\/leticia-badino-no-dramatizo-el-resultado-electoral-para-el-frente-de-todos-en-trenque-lauquen\/\" \/>\n<meta property=\"og:locale\" content=\"es_ES\" \/>\n<meta property=\"og:type\" content=\"article\" \/>\n<meta property=\"og:title\" content=\"Leticia Badino no dramatiz\u00f3 el resultado electoral del Frente de Todos en Trenque Lauquen - Infoecos\" \/>\n<meta property=\"og:description\" content=\"En lo que constituy\u00f3 la peor elecci\u00f3n legislativa que realiz\u00f3 el peronismo desde 1983, a\u00f1o en que se reinstaur\u00f3 la Democracia, hasta el presente, la m\u00e1xima responsable de la coalici\u00f3n indic\u00f3 que &quot;aspiramos a un proyecto conjunto con los concejales, tenemos que aunar criterios con el bloque, visualizar las problem\u00e1ticas de la comunidad y buscar soluciones&quot;\" \/>\n<meta property=\"og:url\" content=\"https:\/\/infoecos.com.ar\/index.php\/leticia-badino-no-dramatizo-el-resultado-electoral-para-el-frente-de-todos-en-trenque-lauquen\/\" \/>\n<meta property=\"og:site_name\" content=\"Infoecos\" \/>\n<meta property=\"article:publisher\" content=\"https:\/\/www.facebook.com\/profile.php?id=100063200290284\" \/>\n<meta property=\"article:published_time\" content=\"2021-11-16T20:50:16+00:00\" \/>\n<meta property=\"article:modified_time\" content=\"2021-11-16T20:50:47+00:00\" \/>\n<meta property=\"og:image\" content=\"https:\/\/infoecos.com.ar\/wp-content\/uploads\/2021\/11\/255521033_10222225067188907_3915521407255282968_n-1.jpg\" \/>\n\t<meta property=\"og:image:width\" content=\"1152\" \/>\n\t<meta property=\"og:image:height\" content=\"2048\" \/>\n\t<meta property=\"og:image:type\" content=\"image\/jpeg\" \/>\n<meta name=\"author\" content=\"Jorge Matheus\" \/>\n<meta name=\"twitter:card\" content=\"summary_large_image\" \/>\n<meta name=\"twitter:creator\" content=\"@infoecos\" \/>\n<meta name=\"twitter:site\" content=\"@infoecos\" \/>\n<meta name=\"twitter:label1\" content=\"Escrito por\" \/>\n\t<meta name=\"twitter:data1\" content=\"Jorge Matheus\" \/>\n\t<meta name=\"twitter:label2\" content=\"Tiempo de lectura\" \/>\n\t<meta name=\"twitter:data2\" content=\"2 minutos\" \/>\n<script type=\"application\/ld+json\" class=\"yoast-schema-graph\">{\"@context\":\"https:\/\/schema.org\",\"@graph\":[{\"@type\":\"Article\",\"@id\":\"https:\/\/infoecos.com.ar\/index.php\/leticia-badino-no-dramatizo-el-resultado-electoral-para-el-frente-de-todos-en-trenque-lauquen\/#article\",\"isPartOf\":{\"@id\":\"https:\/\/infoecos.com.ar\/index.php\/leticia-badino-no-dramatizo-el-resultado-electoral-para-el-frente-de-todos-en-trenque-lauquen\/\"},\"author\":{\"name\":\"Jorge Matheus\",\"@id\":\"https:\/\/infoecos.com.ar\/#\/schema\/person\/8f5ace5ce73b4b4aac4b7245aee6f191\"},\"headline\":\"Leticia Badino no dramatiz\u00f3 el resultado electoral del Frente de Todos en Trenque Lauquen\",\"datePublished\":\"2021-11-16T20:50:16+00:00\",\"dateModified\":\"2021-11-16T20:50:47+00:00\",\"mainEntityOfPage\":{\"@id\":\"https:\/\/infoecos.com.ar\/index.php\/leticia-badino-no-dramatizo-el-resultado-electoral-para-el-frente-de-todos-en-trenque-lauquen\/\"},\"wordCount\":361,\"publisher\":{\"@id\":\"https:\/\/infoecos.com.ar\/#organization\"},\"image\":{\"@id\":\"https:\/\/infoecos.com.ar\/index.php\/leticia-badino-no-dramatizo-el-resultado-electoral-para-el-frente-de-todos-en-trenque-lauquen\/#primaryimage\"},\"thumbnailUrl\":\"https:\/\/infoecos.com.ar\/wp-content\/uploads\/2021\/11\/255521033_10222225067188907_3915521407255282968_n-1.jpg\",\"articleSection\":[\"Noticia Principal\"],\"inLanguage\":\"es\"},{\"@type\":\"WebPage\",\"@id\":\"https:\/\/infoecos.com.ar\/index.php\/leticia-badino-no-dramatizo-el-resultado-electoral-para-el-frente-de-todos-en-trenque-lauquen\/\",\"url\":\"https:\/\/infoecos.com.ar\/index.php\/leticia-badino-no-dramatizo-el-resultado-electoral-para-el-frente-de-todos-en-trenque-lauquen\/\",\"name\":\"Leticia Badino no dramatiz\u00f3 el resultado electoral del Frente de Todos en Trenque Lauquen - Infoecos\",\"isPartOf\":{\"@id\":\"https:\/\/infoecos.com.ar\/#website\"},\"primaryImageOfPage\":{\"@id\":\"https:\/\/infoecos.com.ar\/index.php\/leticia-badino-no-dramatizo-el-resultado-electoral-para-el-frente-de-todos-en-trenque-lauquen\/#primaryimage\"},\"image\":{\"@id\":\"https:\/\/infoecos.com.ar\/index.php\/leticia-badino-no-dramatizo-el-resultado-electoral-para-el-frente-de-todos-en-trenque-lauquen\/#primaryimage\"},\"thumbnailUrl\":\"https:\/\/infoecos.com.ar\/wp-content\/uploads\/2021\/11\/255521033_10222225067188907_3915521407255282968_n-1.jpg\",\"datePublished\":\"2021-11-16T20:50:16+00:00\",\"dateModified\":\"2021-11-16T20:50:47+00:00\",\"breadcrumb\":{\"@id\":\"https:\/\/infoecos.com.ar\/index.php\/leticia-badino-no-dramatizo-el-resultado-electoral-para-el-frente-de-todos-en-trenque-lauquen\/#breadcrumb\"},\"inLanguage\":\"es\",\"potentialAction\":[{\"@type\":\"ReadAction\",\"target\":[\"https:\/\/infoecos.com.ar\/index.php\/leticia-badino-no-dramatizo-el-resultado-electoral-para-el-frente-de-todos-en-trenque-lauquen\/\"]}]},{\"@type\":\"ImageObject\",\"inLanguage\":\"es\",\"@id\":\"https:\/\/infoecos.com.ar\/index.php\/leticia-badino-no-dramatizo-el-resultado-electoral-para-el-frente-de-todos-en-trenque-lauquen\/#primaryimage\",\"url\":\"https:\/\/infoecos.com.ar\/wp-content\/uploads\/2021\/11\/255521033_10222225067188907_3915521407255282968_n-1.jpg\",\"contentUrl\":\"https:\/\/infoecos.com.ar\/wp-content\/uploads\/2021\/11\/255521033_10222225067188907_3915521407255282968_n-1.jpg\",\"width\":1152,\"height\":2048},{\"@type\":\"BreadcrumbList\",\"@id\":\"https:\/\/infoecos.com.ar\/index.php\/leticia-badino-no-dramatizo-el-resultado-electoral-para-el-frente-de-todos-en-trenque-lauquen\/#breadcrumb\",\"itemListElement\":[{\"@type\":\"ListItem\",\"position\":1,\"name\":\"Portada\",\"item\":\"https:\/\/infoecos.com.ar\/\"},{\"@type\":\"ListItem\",\"position\":2,\"name\":\"Leticia Badino no dramatiz\u00f3 el resultado electoral del Frente de Todos en Trenque Lauquen\"}]},{\"@type\":\"WebSite\",\"@id\":\"https:\/\/infoecos.com.ar\/#website\",\"url\":\"https:\/\/infoecos.com.ar\/\",\"name\":\"Infoecos\",\"description\":\"Noticias de trenque lauquen y la zona\",\"publisher\":{\"@id\":\"https:\/\/infoecos.com.ar\/#organization\"},\"alternateName\":\"Noticias\",\"potentialAction\":[{\"@type\":\"SearchAction\",\"target\":{\"@type\":\"EntryPoint\",\"urlTemplate\":\"https:\/\/infoecos.com.ar\/?s={search_term_string}\"},\"query-input\":{\"@type\":\"PropertyValueSpecification\",\"valueRequired\":true,\"valueName\":\"search_term_string\"}}],\"inLanguage\":\"es\"},{\"@type\":\"Organization\",\"@id\":\"https:\/\/infoecos.com.ar\/#organization\",\"name\":\"Infoecos\",\"alternateName\":\"Noticias\",\"url\":\"https:\/\/infoecos.com.ar\/\",\"logo\":{\"@type\":\"ImageObject\",\"inLanguage\":\"es\",\"@id\":\"https:\/\/infoecos.com.ar\/#\/schema\/logo\/image\/\",\"url\":\"https:\/\/infoecos.com.ar\/wp-content\/uploads\/2024\/03\/cropped-logo.png\",\"contentUrl\":\"https:\/\/infoecos.com.ar\/wp-content\/uploads\/2024\/03\/cropped-logo.png\",\"width\":374,\"height\":90,\"caption\":\"Infoecos\"},\"image\":{\"@id\":\"https:\/\/infoecos.com.ar\/#\/schema\/logo\/image\/\"},\"sameAs\":[\"https:\/\/www.facebook.com\/profile.php?id=100063200290284\",\"https:\/\/x.com\/infoecos\"]},{\"@type\":\"Person\",\"@id\":\"https:\/\/infoecos.com.ar\/#\/schema\/person\/8f5ace5ce73b4b4aac4b7245aee6f191\",\"name\":\"Jorge Matheus\",\"url\":\"https:\/\/infoecos.com.ar\/index.php\/author\/jomatheus\/\"}]}<\/script>\n<!-- \/ Yoast SEO plugin. -->","yoast_head_json":{"title":"Leticia Badino no dramatiz\u00f3 el resultado electoral del Frente de Todos en Trenque Lauquen - Infoecos","robots":{"index":"index","follow":"follow","max-snippet":"max-snippet:-1","max-image-preview":"max-image-preview:large","max-video-preview":"max-video-preview:-1"},"canonical":"https:\/\/infoecos.com.ar\/index.php\/leticia-badino-no-dramatizo-el-resultado-electoral-para-el-frente-de-todos-en-trenque-lauquen\/","og_locale":"es_ES","og_type":"article","og_title":"Leticia Badino no dramatiz\u00f3 el resultado electoral del Frente de Todos en Trenque Lauquen - Infoecos","og_description":"En lo que constituy\u00f3 la peor elecci\u00f3n legislativa que realiz\u00f3 el peronismo desde 1983, a\u00f1o en que se reinstaur\u00f3 la Democracia, hasta el presente, la m\u00e1xima responsable de la coalici\u00f3n indic\u00f3 que \"aspiramos a un proyecto conjunto con los concejales, tenemos que aunar criterios con el bloque, visualizar las problem\u00e1ticas de la comunidad y buscar soluciones\"","og_url":"https:\/\/infoecos.com.ar\/index.php\/leticia-badino-no-dramatizo-el-resultado-electoral-para-el-frente-de-todos-en-trenque-lauquen\/","og_site_name":"Infoecos","article_publisher":"https:\/\/www.facebook.com\/profile.php?id=100063200290284","article_published_time":"2021-11-16T20:50:16+00:00","article_modified_time":"2021-11-16T20:50:47+00:00","og_image":[{"width":1152,"height":2048,"url":"https:\/\/infoecos.com.ar\/wp-content\/uploads\/2021\/11\/255521033_10222225067188907_3915521407255282968_n-1.jpg","type":"image\/jpeg"}],"author":"Jorge Matheus","twitter_card":"summary_large_image","twitter_creator":"@infoecos","twitter_site":"@infoecos","twitter_misc":{"Escrito por":"Jorge Matheus","Tiempo de lectura":"2 minutos"},"schema":{"@context":"https:\/\/schema.org","@graph":[{"@type":"Article","@id":"https:\/\/infoecos.com.ar\/index.php\/leticia-badino-no-dramatizo-el-resultado-electoral-para-el-frente-de-todos-en-trenque-lauquen\/#article","isPartOf":{"@id":"https:\/\/infoecos.com.ar\/index.php\/leticia-badino-no-dramatizo-el-resultado-electoral-para-el-frente-de-todos-en-trenque-lauquen\/"},"author":{"name":"Jorge Matheus","@id":"https:\/\/infoecos.com.ar\/#\/schema\/person\/8f5ace5ce73b4b4aac4b7245aee6f191"},"headline":"Leticia Badino no dramatiz\u00f3 el resultado electoral del Frente de Todos en Trenque Lauquen","datePublished":"2021-11-16T20:50:16+00:00","dateModified":"2021-11-16T20:50:47+00:00","mainEntityOfPage":{"@id":"https:\/\/infoecos.com.ar\/index.php\/leticia-badino-no-dramatizo-el-resultado-electoral-para-el-frente-de-todos-en-trenque-lauquen\/"},"wordCount":361,"publisher":{"@id":"https:\/\/infoecos.com.ar\/#organization"},"image":{"@id":"https:\/\/infoecos.com.ar\/index.php\/leticia-badino-no-dramatizo-el-resultado-electoral-para-el-frente-de-todos-en-trenque-lauquen\/#primaryimage"},"thumbnailUrl":"https:\/\/infoecos.com.ar\/wp-content\/uploads\/2021\/11\/255521033_10222225067188907_3915521407255282968_n-1.jpg","articleSection":["Noticia Principal"],"inLanguage":"es"},{"@type":"WebPage","@id":"https:\/\/infoecos.com.ar\/index.php\/leticia-badino-no-dramatizo-el-resultado-electoral-para-el-frente-de-todos-en-trenque-lauquen\/","url":"https:\/\/infoecos.com.ar\/index.php\/leticia-badino-no-dramatizo-el-resultado-electoral-para-el-frente-de-todos-en-trenque-lauquen\/","name":"Leticia Badino no dramatiz\u00f3 el resultado electoral del Frente de Todos en Trenque Lauquen - Infoecos","isPartOf":{"@id":"https:\/\/infoecos.com.ar\/#website"},"primaryImageOfPage":{"@id":"https:\/\/infoecos.com.ar\/index.php\/leticia-badino-no-dramatizo-el-resultado-electoral-para-el-frente-de-todos-en-trenque-lauquen\/#primaryimage"},"image":{"@id":"https:\/\/infoecos.com.ar\/index.php\/leticia-badino-no-dramatizo-el-resultado-electoral-para-el-frente-de-todos-en-trenque-lauquen\/#primaryimage"},"thumbnailUrl":"https:\/\/infoecos.com.ar\/wp-content\/uploads\/2021\/11\/255521033_10222225067188907_3915521407255282968_n-1.jpg","datePublished":"2021-11-16T20:50:16+00:00","dateModified":"2021-11-16T20:50:47+00:00","breadcrumb":{"@id":"https:\/\/infoecos.com.ar\/index.php\/leticia-badino-no-dramatizo-el-resultado-electoral-para-el-frente-de-todos-en-trenque-lauquen\/#breadcrumb"},"inLanguage":"es","potentialAction":[{"@type":"ReadAction","target":["https:\/\/infoecos.com.ar\/index.php\/leticia-badino-no-dramatizo-el-resultado-electoral-para-el-frente-de-todos-en-trenque-lauquen\/"]}]},{"@type":"ImageObject","inLanguage":"es","@id":"https:\/\/infoecos.com.ar\/index.php\/leticia-badino-no-dramatizo-el-resultado-electoral-para-el-frente-de-todos-en-trenque-lauquen\/#primaryimage","url":"https:\/\/infoecos.com.ar\/wp-content\/uploads\/2021\/11\/255521033_10222225067188907_3915521407255282968_n-1.jpg","contentUrl":"https:\/\/infoecos.com.ar\/wp-content\/uploads\/2021\/11\/255521033_10222225067188907_3915521407255282968_n-1.jpg","width":1152,"height":2048},{"@type":"BreadcrumbList","@id":"https:\/\/infoecos.com.ar\/index.php\/leticia-badino-no-dramatizo-el-resultado-electoral-para-el-frente-de-todos-en-trenque-lauquen\/#breadcrumb","itemListElement":[{"@type":"ListItem","position":1,"name":"Portada","item":"https:\/\/infoecos.com.ar\/"},{"@type":"ListItem","position":2,"name":"Leticia Badino no dramatiz\u00f3 el resultado electoral del Frente de Todos en Trenque Lauquen"}]},{"@type":"WebSite","@id":"https:\/\/infoecos.com.ar\/#website","url":"https:\/\/infoecos.com.ar\/","name":"Infoecos","description":"Noticias de trenque lauquen y la zona","publisher":{"@id":"https:\/\/infoecos.com.ar\/#organization"},"alternateName":"Noticias","potentialAction":[{"@type":"SearchAction","target":{"@type":"EntryPoint","urlTemplate":"https:\/\/infoecos.com.ar\/?s={search_term_string}"},"query-input":{"@type":"PropertyValueSpecification","valueRequired":true,"valueName":"search_term_string"}}],"inLanguage":"es"},{"@type":"Organization","@id":"https:\/\/infoecos.com.ar\/#organization","name":"Infoecos","alternateName":"Noticias","url":"https:\/\/infoecos.com.ar\/","logo":{"@type":"ImageObject","inLanguage":"es","@id":"https:\/\/infoecos.com.ar\/#\/schema\/logo\/image\/","url":"https:\/\/infoecos.com.ar\/wp-content\/uploads\/2024\/03\/cropped-logo.png","contentUrl":"https:\/\/infoecos.com.ar\/wp-content\/uploads\/2024\/03\/cropped-logo.png","width":374,"height":90,"caption":"Infoecos"},"image":{"@id":"https:\/\/infoecos.com.ar\/#\/schema\/logo\/image\/"},"sameAs":["https:\/\/www.facebook.com\/profile.php?id=100063200290284","https:\/\/x.com\/infoecos"]},{"@type":"Person","@id":"https:\/\/infoecos.com.ar\/#\/schema\/person\/8f5ace5ce73b4b4aac4b7245aee6f191","name":"Jorge Matheus","url":"https:\/\/infoecos.com.ar\/index.php\/author\/jomatheus\/"}]}},"featured_image_urls":{"full":["https:\/\/infoecos.com.ar\/wp-content\/uploads\/2021\/11\/255521033_10222225067188907_3915521407255282968_n-1.jpg",1152,2048,false],"thumbnail":["https:\/\/infoecos.com.ar\/wp-content\/uploads\/2021\/11\/255521033_10222225067188907_3915521407255282968_n-1-150x150.jpg",150,150,true],"medium":["https:\/\/infoecos.com.ar\/wp-content\/uploads\/2021\/11\/255521033_10222225067188907_3915521407255282968_n-1-259x460.jpg",259,460,true],"medium_large":["https:\/\/infoecos.com.ar\/wp-content\/uploads\/2021\/11\/255521033_10222225067188907_3915521407255282968_n-1-768x1365.jpg",640,1138,true],"large":["https:\/\/infoecos.com.ar\/wp-content\/uploads\/2021\/11\/255521033_10222225067188907_3915521407255282968_n-1-518x920.jpg",518,920,true],"1536x1536":["https:\/\/infoecos.com.ar\/wp-content\/uploads\/2021\/11\/255521033_10222225067188907_3915521407255282968_n-1-864x1536.jpg",864,1536,true],"2048x2048":["https:\/\/infoecos.com.ar\/wp-content\/uploads\/2021\/11\/255521033_10222225067188907_3915521407255282968_n-1.jpg",1152,2048,false],"covernews-slider-full":["https:\/\/infoecos.com.ar\/wp-content\/uploads\/2021\/11\/255521033_10222225067188907_3915521407255282968_n-1-1152x1020.jpg",808,715,true],"covernews-slider-center":["https:\/\/infoecos.com.ar\/wp-content\/uploads\/2021\/11\/255521033_10222225067188907_3915521407255282968_n-1-936x897.jpg",522,500,true],"covernews-featured":["https:\/\/infoecos.com.ar\/wp-content\/uploads\/2021\/11\/255521033_10222225067188907_3915521407255282968_n-1-1024x1820.jpg",1024,1820,true],"covernews-medium":["https:\/\/infoecos.com.ar\/wp-content\/uploads\/2021\/11\/255521033_10222225067188907_3915521407255282968_n-1-720x380.jpg",540,285,true],"covernews-medium-square":["https:\/\/infoecos.com.ar\/wp-content\/uploads\/2021\/11\/255521033_10222225067188907_3915521407255282968_n-1-675x450.jpg",375,250,true]},"author_info":{"info":["Jorge Matheus"]},"category_info":"<a href=\"https:\/\/infoecos.com.ar\/index.php\/category\/noticia-principal\/\" rel=\"category tag\">Noticia Principal<\/a>","tag_info":"Noticia Principal","comment_count":"0","_links":{"self":[{"href":"https:\/\/infoecos.com.ar\/index.php\/wp-json\/wp\/v2\/posts\/89429"}],"collection":[{"href":"https:\/\/infoecos.com.ar\/index.php\/wp-json\/wp\/v2\/posts"}],"about":[{"href":"https:\/\/infoecos.com.ar\/index.php\/wp-json\/wp\/v2\/types\/post"}],"author":[{"embeddable":true,"href":"https:\/\/infoecos.com.ar\/index.php\/wp-json\/wp\/v2\/users\/2"}],"replies":[{"embeddable":true,"href":"https:\/\/infoecos.com.ar\/index.php\/wp-json\/wp\/v2\/comments?post=89429"}],"version-history":[{"count":2,"href":"https:\/\/infoecos.com.ar\/index.php\/wp-json\/wp\/v2\/posts\/89429\/revisions"}],"predecessor-version":[{"id":89434,"href":"https:\/\/infoecos.com.ar\/index.php\/wp-json\/wp\/v2\/posts\/89429\/revisions\/89434"}],"wp:featuredmedia":[{"embeddable":true,"href":"https:\/\/infoecos.com.ar\/index.php\/wp-json\/wp\/v2\/media\/89432"}],"wp:attachment":[{"href":"https:\/\/infoecos.com.ar\/index.php\/wp-json\/wp\/v2\/media?parent=89429"}],"wp:term":[{"taxonomy":"category","embeddable":true,"href":"https:\/\/infoecos.com.ar\/index.php\/wp-json\/wp\/v2\/categories?post=89429"},{"taxonomy":"post_tag","embeddable":true,"href":"https:\/\/infoecos.com.ar\/index.php\/wp-json\/wp\/v2\/tags?post=89429"}],"curies":[{"name":"wp","href":"https:\/\/api.w.org\/{rel}","templated":true}]}}