{"id":89443,"date":"2021-11-20T13:59:40","date_gmt":"2021-11-20T16:59:40","guid":{"rendered":"http:\/\/infoecos.com.ar\/?p=89443"},"modified":"2021-11-20T14:02:08","modified_gmt":"2021-11-20T17:02:08","slug":"se-mato-en-un-accidente-ocurrido-en-la-ruta-nacional-33-joven-ingeniero-agronomo-de-trenque-lauquen","status":"publish","type":"post","link":"https:\/\/infoecos.com.ar\/index.php\/se-mato-en-un-accidente-ocurrido-en-la-ruta-nacional-33-joven-ingeniero-agronomo-de-trenque-lauquen\/","title":{"rendered":"Se mat\u00f3 en un accidente, ocurrido en la Ruta Nacional 33, joven Ingeniero Agr\u00f3nomo de Trenque Lauquen"},"content":{"rendered":"\n<p>Grave accidente entre los kil\u00f3metros 292\/293 de la Ruta Nacional n\u00famero 33. <\/p>\n\n\n\n<div class=\"wp-block-image is-style-default\"><figure class=\"aligncenter size-medium\"><img loading=\"lazy\" decoding=\"async\" width=\"460\" height=\"345\" src=\"http:\/\/infoecos.com.ar\/wp-content\/uploads\/2021\/11\/329df670-3229-410b-bf27-87c83bf805b3-460x345.jpg\" alt=\"\" class=\"wp-image-89444\" srcset=\"https:\/\/infoecos.com.ar\/wp-content\/uploads\/2021\/11\/329df670-3229-410b-bf27-87c83bf805b3-460x345.jpg 460w, https:\/\/infoecos.com.ar\/wp-content\/uploads\/2021\/11\/329df670-3229-410b-bf27-87c83bf805b3-920x690.jpg 920w, https:\/\/infoecos.com.ar\/wp-content\/uploads\/2021\/11\/329df670-3229-410b-bf27-87c83bf805b3-768x576.jpg 768w, https:\/\/infoecos.com.ar\/wp-content\/uploads\/2021\/11\/329df670-3229-410b-bf27-87c83bf805b3-1536x1152.jpg 1536w, https:\/\/infoecos.com.ar\/wp-content\/uploads\/2021\/11\/329df670-3229-410b-bf27-87c83bf805b3-1024x768.jpg 1024w, https:\/\/infoecos.com.ar\/wp-content\/uploads\/2021\/11\/329df670-3229-410b-bf27-87c83bf805b3.jpg 1600w\" sizes=\"(max-width: 460px) 100vw, 460px\" \/><figcaption>Chevrolet Cruze propiedad del Ingeniero Agr\u00f3nomo Lucas Lanz<\/figcaption><\/figure><\/div>\n\n\n\n<p>Falleci\u00f3 un joven profesional de Trenque Lauquen. Se trata de Lucas Lanz, de 30 a\u00f1os. <\/p>\n\n\n\n<p>Las actuaciones fueron caratuladas: Averiguaci\u00f3n Causales de Muerte. Tom\u00f3 intervenci\u00f3n la UFI n\u00famero 4, cuyo titular es el doctor Walter Vicente.<\/p>\n\n\n\n<div class=\"wp-block-image is-style-default\"><figure class=\"aligncenter size-medium\"><img loading=\"lazy\" decoding=\"async\" width=\"345\" height=\"460\" src=\"http:\/\/infoecos.com.ar\/wp-content\/uploads\/2021\/11\/3c58745a-d7fb-47b1-9943-46a0dd16de8d-1-345x460.jpg\" alt=\"\" class=\"wp-image-89445\" srcset=\"https:\/\/infoecos.com.ar\/wp-content\/uploads\/2021\/11\/3c58745a-d7fb-47b1-9943-46a0dd16de8d-1-345x460.jpg 345w, https:\/\/infoecos.com.ar\/wp-content\/uploads\/2021\/11\/3c58745a-d7fb-47b1-9943-46a0dd16de8d-1-690x920.jpg 690w, https:\/\/infoecos.com.ar\/wp-content\/uploads\/2021\/11\/3c58745a-d7fb-47b1-9943-46a0dd16de8d-1-768x1024.jpg 768w, https:\/\/infoecos.com.ar\/wp-content\/uploads\/2021\/11\/3c58745a-d7fb-47b1-9943-46a0dd16de8d-1-1152x1536.jpg 1152w, https:\/\/infoecos.com.ar\/wp-content\/uploads\/2021\/11\/3c58745a-d7fb-47b1-9943-46a0dd16de8d-1-1024x1365.jpg 1024w, https:\/\/infoecos.com.ar\/wp-content\/uploads\/2021\/11\/3c58745a-d7fb-47b1-9943-46a0dd16de8d-1.jpg 1200w\" sizes=\"(max-width: 345px) 100vw, 345px\" \/><figcaption>Chevrolet Cruze propiedad del Ingeniero Agr\u00f3nomo Lucas Lanz<\/figcaption><\/figure><\/div>\n\n\n\n<p>La Comisar\u00eda 2da con asiento en 30 de Agosto trabaj\u00f3 en el lugar donde se produjo este doloroso suceso que conmueve a la comunidad de Trenque Lauquen.<\/p>\n","protected":false},"excerpt":{"rendered":"<p>La Comisar\u00eda 2da con asiento en 30 de Agosto trabaj\u00f3 en el lugar donde se produjo este doloroso suceso que conmueve a la comunidad<\/p>\n","protected":false},"author":2,"featured_media":89445,"comment_status":"closed","ping_status":"open","sticky":false,"template":"","format":"standard","meta":{"footnotes":""},"categories":[1612],"tags":[],"class_list":["post-89443","post","type-post","status-publish","format-standard","has-post-thumbnail","hentry","category-noticia-principal"],"yoast_head":"<!-- This site is optimized with the Yoast SEO plugin v23.4 - https:\/\/yoast.com\/wordpress\/plugins\/seo\/ -->\n<title>Se mat\u00f3 en un accidente, ocurrido en la Ruta Nacional 33, joven Ingeniero Agr\u00f3nomo de Trenque Lauquen - Infoecos<\/title>\n<meta name=\"robots\" content=\"index, follow, max-snippet:-1, max-image-preview:large, max-video-preview:-1\" \/>\n<link rel=\"canonical\" href=\"https:\/\/infoecos.com.ar\/index.php\/se-mato-en-un-accidente-ocurrido-en-la-ruta-nacional-33-joven-ingeniero-agronomo-de-trenque-lauquen\/\" \/>\n<meta property=\"og:locale\" content=\"es_ES\" \/>\n<meta property=\"og:type\" content=\"article\" \/>\n<meta property=\"og:title\" content=\"Se mat\u00f3 en un accidente, ocurrido en la Ruta Nacional 33, joven Ingeniero Agr\u00f3nomo de Trenque Lauquen - Infoecos\" \/>\n<meta property=\"og:description\" content=\"La Comisar\u00eda 2da con asiento en 30 de Agosto trabaj\u00f3 en el lugar donde se produjo este doloroso suceso que conmueve a la comunidad\" \/>\n<meta property=\"og:url\" content=\"https:\/\/infoecos.com.ar\/index.php\/se-mato-en-un-accidente-ocurrido-en-la-ruta-nacional-33-joven-ingeniero-agronomo-de-trenque-lauquen\/\" \/>\n<meta property=\"og:site_name\" content=\"Infoecos\" \/>\n<meta property=\"article:publisher\" content=\"https:\/\/www.facebook.com\/profile.php?id=100063200290284\" \/>\n<meta property=\"article:published_time\" content=\"2021-11-20T16:59:40+00:00\" \/>\n<meta property=\"article:modified_time\" content=\"2021-11-20T17:02:08+00:00\" \/>\n<meta property=\"og:image\" content=\"https:\/\/infoecos.com.ar\/wp-content\/uploads\/2021\/11\/3c58745a-d7fb-47b1-9943-46a0dd16de8d-1.jpg\" \/>\n\t<meta property=\"og:image:width\" content=\"1200\" \/>\n\t<meta property=\"og:image:height\" content=\"1600\" \/>\n\t<meta property=\"og:image:type\" content=\"image\/jpeg\" \/>\n<meta name=\"author\" content=\"Jorge Matheus\" \/>\n<meta name=\"twitter:card\" content=\"summary_large_image\" \/>\n<meta name=\"twitter:creator\" content=\"@infoecos\" \/>\n<meta name=\"twitter:site\" content=\"@infoecos\" \/>\n<meta name=\"twitter:label1\" content=\"Escrito por\" \/>\n\t<meta name=\"twitter:data1\" content=\"Jorge Matheus\" \/>\n<script type=\"application\/ld+json\" class=\"yoast-schema-graph\">{\"@context\":\"https:\/\/schema.org\",\"@graph\":[{\"@type\":\"Article\",\"@id\":\"https:\/\/infoecos.com.ar\/index.php\/se-mato-en-un-accidente-ocurrido-en-la-ruta-nacional-33-joven-ingeniero-agronomo-de-trenque-lauquen\/#article\",\"isPartOf\":{\"@id\":\"https:\/\/infoecos.com.ar\/index.php\/se-mato-en-un-accidente-ocurrido-en-la-ruta-nacional-33-joven-ingeniero-agronomo-de-trenque-lauquen\/\"},\"author\":{\"name\":\"Jorge Matheus\",\"@id\":\"https:\/\/infoecos.com.ar\/#\/schema\/person\/8f5ace5ce73b4b4aac4b7245aee6f191\"},\"headline\":\"Se mat\u00f3 en un accidente, ocurrido en la Ruta Nacional 33, joven Ingeniero Agr\u00f3nomo de Trenque Lauquen\",\"datePublished\":\"2021-11-20T16:59:40+00:00\",\"dateModified\":\"2021-11-20T17:02:08+00:00\",\"mainEntityOfPage\":{\"@id\":\"https:\/\/infoecos.com.ar\/index.php\/se-mato-en-un-accidente-ocurrido-en-la-ruta-nacional-33-joven-ingeniero-agronomo-de-trenque-lauquen\/\"},\"wordCount\":112,\"publisher\":{\"@id\":\"https:\/\/infoecos.com.ar\/#organization\"},\"image\":{\"@id\":\"https:\/\/infoecos.com.ar\/index.php\/se-mato-en-un-accidente-ocurrido-en-la-ruta-nacional-33-joven-ingeniero-agronomo-de-trenque-lauquen\/#primaryimage\"},\"thumbnailUrl\":\"https:\/\/infoecos.com.ar\/wp-content\/uploads\/2021\/11\/3c58745a-d7fb-47b1-9943-46a0dd16de8d-1.jpg\",\"articleSection\":[\"Noticia Principal\"],\"inLanguage\":\"es\"},{\"@type\":\"WebPage\",\"@id\":\"https:\/\/infoecos.com.ar\/index.php\/se-mato-en-un-accidente-ocurrido-en-la-ruta-nacional-33-joven-ingeniero-agronomo-de-trenque-lauquen\/\",\"url\":\"https:\/\/infoecos.com.ar\/index.php\/se-mato-en-un-accidente-ocurrido-en-la-ruta-nacional-33-joven-ingeniero-agronomo-de-trenque-lauquen\/\",\"name\":\"Se mat\u00f3 en un accidente, ocurrido en la Ruta Nacional 33, joven Ingeniero Agr\u00f3nomo de Trenque Lauquen - Infoecos\",\"isPartOf\":{\"@id\":\"https:\/\/infoecos.com.ar\/#website\"},\"primaryImageOfPage\":{\"@id\":\"https:\/\/infoecos.com.ar\/index.php\/se-mato-en-un-accidente-ocurrido-en-la-ruta-nacional-33-joven-ingeniero-agronomo-de-trenque-lauquen\/#primaryimage\"},\"image\":{\"@id\":\"https:\/\/infoecos.com.ar\/index.php\/se-mato-en-un-accidente-ocurrido-en-la-ruta-nacional-33-joven-ingeniero-agronomo-de-trenque-lauquen\/#primaryimage\"},\"thumbnailUrl\":\"https:\/\/infoecos.com.ar\/wp-content\/uploads\/2021\/11\/3c58745a-d7fb-47b1-9943-46a0dd16de8d-1.jpg\",\"datePublished\":\"2021-11-20T16:59:40+00:00\",\"dateModified\":\"2021-11-20T17:02:08+00:00\",\"breadcrumb\":{\"@id\":\"https:\/\/infoecos.com.ar\/index.php\/se-mato-en-un-accidente-ocurrido-en-la-ruta-nacional-33-joven-ingeniero-agronomo-de-trenque-lauquen\/#breadcrumb\"},\"inLanguage\":\"es\",\"potentialAction\":[{\"@type\":\"ReadAction\",\"target\":[\"https:\/\/infoecos.com.ar\/index.php\/se-mato-en-un-accidente-ocurrido-en-la-ruta-nacional-33-joven-ingeniero-agronomo-de-trenque-lauquen\/\"]}]},{\"@type\":\"ImageObject\",\"inLanguage\":\"es\",\"@id\":\"https:\/\/infoecos.com.ar\/index.php\/se-mato-en-un-accidente-ocurrido-en-la-ruta-nacional-33-joven-ingeniero-agronomo-de-trenque-lauquen\/#primaryimage\",\"url\":\"https:\/\/infoecos.com.ar\/wp-content\/uploads\/2021\/11\/3c58745a-d7fb-47b1-9943-46a0dd16de8d-1.jpg\",\"contentUrl\":\"https:\/\/infoecos.com.ar\/wp-content\/uploads\/2021\/11\/3c58745a-d7fb-47b1-9943-46a0dd16de8d-1.jpg\",\"width\":1200,\"height\":1600},{\"@type\":\"BreadcrumbList\",\"@id\":\"https:\/\/infoecos.com.ar\/index.php\/se-mato-en-un-accidente-ocurrido-en-la-ruta-nacional-33-joven-ingeniero-agronomo-de-trenque-lauquen\/#breadcrumb\",\"itemListElement\":[{\"@type\":\"ListItem\",\"position\":1,\"name\":\"Portada\",\"item\":\"https:\/\/infoecos.com.ar\/\"},{\"@type\":\"ListItem\",\"position\":2,\"name\":\"Se mat\u00f3 en un accidente, ocurrido en la Ruta Nacional 33, joven Ingeniero Agr\u00f3nomo de Trenque Lauquen\"}]},{\"@type\":\"WebSite\",\"@id\":\"https:\/\/infoecos.com.ar\/#website\",\"url\":\"https:\/\/infoecos.com.ar\/\",\"name\":\"Infoecos\",\"description\":\"Noticias de trenque lauquen y la zona\",\"publisher\":{\"@id\":\"https:\/\/infoecos.com.ar\/#organization\"},\"alternateName\":\"Noticias\",\"potentialAction\":[{\"@type\":\"SearchAction\",\"target\":{\"@type\":\"EntryPoint\",\"urlTemplate\":\"https:\/\/infoecos.com.ar\/?s={search_term_string}\"},\"query-input\":{\"@type\":\"PropertyValueSpecification\",\"valueRequired\":true,\"valueName\":\"search_term_string\"}}],\"inLanguage\":\"es\"},{\"@type\":\"Organization\",\"@id\":\"https:\/\/infoecos.com.ar\/#organization\",\"name\":\"Infoecos\",\"alternateName\":\"Noticias\",\"url\":\"https:\/\/infoecos.com.ar\/\",\"logo\":{\"@type\":\"ImageObject\",\"inLanguage\":\"es\",\"@id\":\"https:\/\/infoecos.com.ar\/#\/schema\/logo\/image\/\",\"url\":\"https:\/\/infoecos.com.ar\/wp-content\/uploads\/2024\/03\/cropped-logo.png\",\"contentUrl\":\"https:\/\/infoecos.com.ar\/wp-content\/uploads\/2024\/03\/cropped-logo.png\",\"width\":374,\"height\":90,\"caption\":\"Infoecos\"},\"image\":{\"@id\":\"https:\/\/infoecos.com.ar\/#\/schema\/logo\/image\/\"},\"sameAs\":[\"https:\/\/www.facebook.com\/profile.php?id=100063200290284\",\"https:\/\/x.com\/infoecos\"]},{\"@type\":\"Person\",\"@id\":\"https:\/\/infoecos.com.ar\/#\/schema\/person\/8f5ace5ce73b4b4aac4b7245aee6f191\",\"name\":\"Jorge Matheus\",\"url\":\"https:\/\/infoecos.com.ar\/index.php\/author\/jomatheus\/\"}]}<\/script>\n<!-- \/ Yoast SEO plugin. -->","yoast_head_json":{"title":"Se mat\u00f3 en un accidente, ocurrido en la Ruta Nacional 33, joven Ingeniero Agr\u00f3nomo de Trenque Lauquen - Infoecos","robots":{"index":"index","follow":"follow","max-snippet":"max-snippet:-1","max-image-preview":"max-image-preview:large","max-video-preview":"max-video-preview:-1"},"canonical":"https:\/\/infoecos.com.ar\/index.php\/se-mato-en-un-accidente-ocurrido-en-la-ruta-nacional-33-joven-ingeniero-agronomo-de-trenque-lauquen\/","og_locale":"es_ES","og_type":"article","og_title":"Se mat\u00f3 en un accidente, ocurrido en la Ruta Nacional 33, joven Ingeniero Agr\u00f3nomo de Trenque Lauquen - Infoecos","og_description":"La Comisar\u00eda 2da con asiento en 30 de Agosto trabaj\u00f3 en el lugar donde se produjo este doloroso suceso que conmueve a la comunidad","og_url":"https:\/\/infoecos.com.ar\/index.php\/se-mato-en-un-accidente-ocurrido-en-la-ruta-nacional-33-joven-ingeniero-agronomo-de-trenque-lauquen\/","og_site_name":"Infoecos","article_publisher":"https:\/\/www.facebook.com\/profile.php?id=100063200290284","article_published_time":"2021-11-20T16:59:40+00:00","article_modified_time":"2021-11-20T17:02:08+00:00","og_image":[{"width":1200,"height":1600,"url":"https:\/\/infoecos.com.ar\/wp-content\/uploads\/2021\/11\/3c58745a-d7fb-47b1-9943-46a0dd16de8d-1.jpg","type":"image\/jpeg"}],"author":"Jorge Matheus","twitter_card":"summary_large_image","twitter_creator":"@infoecos","twitter_site":"@infoecos","twitter_misc":{"Escrito por":"Jorge Matheus"},"schema":{"@context":"https:\/\/schema.org","@graph":[{"@type":"Article","@id":"https:\/\/infoecos.com.ar\/index.php\/se-mato-en-un-accidente-ocurrido-en-la-ruta-nacional-33-joven-ingeniero-agronomo-de-trenque-lauquen\/#article","isPartOf":{"@id":"https:\/\/infoecos.com.ar\/index.php\/se-mato-en-un-accidente-ocurrido-en-la-ruta-nacional-33-joven-ingeniero-agronomo-de-trenque-lauquen\/"},"author":{"name":"Jorge Matheus","@id":"https:\/\/infoecos.com.ar\/#\/schema\/person\/8f5ace5ce73b4b4aac4b7245aee6f191"},"headline":"Se mat\u00f3 en un accidente, ocurrido en la Ruta Nacional 33, joven Ingeniero Agr\u00f3nomo de Trenque Lauquen","datePublished":"2021-11-20T16:59:40+00:00","dateModified":"2021-11-20T17:02:08+00:00","mainEntityOfPage":{"@id":"https:\/\/infoecos.com.ar\/index.php\/se-mato-en-un-accidente-ocurrido-en-la-ruta-nacional-33-joven-ingeniero-agronomo-de-trenque-lauquen\/"},"wordCount":112,"publisher":{"@id":"https:\/\/infoecos.com.ar\/#organization"},"image":{"@id":"https:\/\/infoecos.com.ar\/index.php\/se-mato-en-un-accidente-ocurrido-en-la-ruta-nacional-33-joven-ingeniero-agronomo-de-trenque-lauquen\/#primaryimage"},"thumbnailUrl":"https:\/\/infoecos.com.ar\/wp-content\/uploads\/2021\/11\/3c58745a-d7fb-47b1-9943-46a0dd16de8d-1.jpg","articleSection":["Noticia Principal"],"inLanguage":"es"},{"@type":"WebPage","@id":"https:\/\/infoecos.com.ar\/index.php\/se-mato-en-un-accidente-ocurrido-en-la-ruta-nacional-33-joven-ingeniero-agronomo-de-trenque-lauquen\/","url":"https:\/\/infoecos.com.ar\/index.php\/se-mato-en-un-accidente-ocurrido-en-la-ruta-nacional-33-joven-ingeniero-agronomo-de-trenque-lauquen\/","name":"Se mat\u00f3 en un accidente, ocurrido en la Ruta Nacional 33, joven Ingeniero Agr\u00f3nomo de Trenque Lauquen - Infoecos","isPartOf":{"@id":"https:\/\/infoecos.com.ar\/#website"},"primaryImageOfPage":{"@id":"https:\/\/infoecos.com.ar\/index.php\/se-mato-en-un-accidente-ocurrido-en-la-ruta-nacional-33-joven-ingeniero-agronomo-de-trenque-lauquen\/#primaryimage"},"image":{"@id":"https:\/\/infoecos.com.ar\/index.php\/se-mato-en-un-accidente-ocurrido-en-la-ruta-nacional-33-joven-ingeniero-agronomo-de-trenque-lauquen\/#primaryimage"},"thumbnailUrl":"https:\/\/infoecos.com.ar\/wp-content\/uploads\/2021\/11\/3c58745a-d7fb-47b1-9943-46a0dd16de8d-1.jpg","datePublished":"2021-11-20T16:59:40+00:00","dateModified":"2021-11-20T17:02:08+00:00","breadcrumb":{"@id":"https:\/\/infoecos.com.ar\/index.php\/se-mato-en-un-accidente-ocurrido-en-la-ruta-nacional-33-joven-ingeniero-agronomo-de-trenque-lauquen\/#breadcrumb"},"inLanguage":"es","potentialAction":[{"@type":"ReadAction","target":["https:\/\/infoecos.com.ar\/index.php\/se-mato-en-un-accidente-ocurrido-en-la-ruta-nacional-33-joven-ingeniero-agronomo-de-trenque-lauquen\/"]}]},{"@type":"ImageObject","inLanguage":"es","@id":"https:\/\/infoecos.com.ar\/index.php\/se-mato-en-un-accidente-ocurrido-en-la-ruta-nacional-33-joven-ingeniero-agronomo-de-trenque-lauquen\/#primaryimage","url":"https:\/\/infoecos.com.ar\/wp-content\/uploads\/2021\/11\/3c58745a-d7fb-47b1-9943-46a0dd16de8d-1.jpg","contentUrl":"https:\/\/infoecos.com.ar\/wp-content\/uploads\/2021\/11\/3c58745a-d7fb-47b1-9943-46a0dd16de8d-1.jpg","width":1200,"height":1600},{"@type":"BreadcrumbList","@id":"https:\/\/infoecos.com.ar\/index.php\/se-mato-en-un-accidente-ocurrido-en-la-ruta-nacional-33-joven-ingeniero-agronomo-de-trenque-lauquen\/#breadcrumb","itemListElement":[{"@type":"ListItem","position":1,"name":"Portada","item":"https:\/\/infoecos.com.ar\/"},{"@type":"ListItem","position":2,"name":"Se mat\u00f3 en un accidente, ocurrido en la Ruta Nacional 33, joven Ingeniero Agr\u00f3nomo de Trenque Lauquen"}]},{"@type":"WebSite","@id":"https:\/\/infoecos.com.ar\/#website","url":"https:\/\/infoecos.com.ar\/","name":"Infoecos","description":"Noticias de trenque lauquen y la zona","publisher":{"@id":"https:\/\/infoecos.com.ar\/#organization"},"alternateName":"Noticias","potentialAction":[{"@type":"SearchAction","target":{"@type":"EntryPoint","urlTemplate":"https:\/\/infoecos.com.ar\/?s={search_term_string}"},"query-input":{"@type":"PropertyValueSpecification","valueRequired":true,"valueName":"search_term_string"}}],"inLanguage":"es"},{"@type":"Organization","@id":"https:\/\/infoecos.com.ar\/#organization","name":"Infoecos","alternateName":"Noticias","url":"https:\/\/infoecos.com.ar\/","logo":{"@type":"ImageObject","inLanguage":"es","@id":"https:\/\/infoecos.com.ar\/#\/schema\/logo\/image\/","url":"https:\/\/infoecos.com.ar\/wp-content\/uploads\/2024\/03\/cropped-logo.png","contentUrl":"https:\/\/infoecos.com.ar\/wp-content\/uploads\/2024\/03\/cropped-logo.png","width":374,"height":90,"caption":"Infoecos"},"image":{"@id":"https:\/\/infoecos.com.ar\/#\/schema\/logo\/image\/"},"sameAs":["https:\/\/www.facebook.com\/profile.php?id=100063200290284","https:\/\/x.com\/infoecos"]},{"@type":"Person","@id":"https:\/\/infoecos.com.ar\/#\/schema\/person\/8f5ace5ce73b4b4aac4b7245aee6f191","name":"Jorge Matheus","url":"https:\/\/infoecos.com.ar\/index.php\/author\/jomatheus\/"}]}},"featured_image_urls":{"full":["https:\/\/infoecos.com.ar\/wp-content\/uploads\/2021\/11\/3c58745a-d7fb-47b1-9943-46a0dd16de8d-1.jpg",1200,1600,false],"thumbnail":["https:\/\/infoecos.com.ar\/wp-content\/uploads\/2021\/11\/3c58745a-d7fb-47b1-9943-46a0dd16de8d-1-150x150.jpg",150,150,true],"medium":["https:\/\/infoecos.com.ar\/wp-content\/uploads\/2021\/11\/3c58745a-d7fb-47b1-9943-46a0dd16de8d-1-345x460.jpg",345,460,true],"medium_large":["https:\/\/infoecos.com.ar\/wp-content\/uploads\/2021\/11\/3c58745a-d7fb-47b1-9943-46a0dd16de8d-1-768x1024.jpg",640,853,true],"large":["https:\/\/infoecos.com.ar\/wp-content\/uploads\/2021\/11\/3c58745a-d7fb-47b1-9943-46a0dd16de8d-1-690x920.jpg",640,853,true],"1536x1536":["https:\/\/infoecos.com.ar\/wp-content\/uploads\/2021\/11\/3c58745a-d7fb-47b1-9943-46a0dd16de8d-1-1152x1536.jpg",1152,1536,true],"2048x2048":["https:\/\/infoecos.com.ar\/wp-content\/uploads\/2021\/11\/3c58745a-d7fb-47b1-9943-46a0dd16de8d-1.jpg",1200,1600,false],"covernews-slider-full":["https:\/\/infoecos.com.ar\/wp-content\/uploads\/2021\/11\/3c58745a-d7fb-47b1-9943-46a0dd16de8d-1-1200x1020.jpg",841,715,true],"covernews-slider-center":["https:\/\/infoecos.com.ar\/wp-content\/uploads\/2021\/11\/3c58745a-d7fb-47b1-9943-46a0dd16de8d-1-936x897.jpg",522,500,true],"covernews-featured":["https:\/\/infoecos.com.ar\/wp-content\/uploads\/2021\/11\/3c58745a-d7fb-47b1-9943-46a0dd16de8d-1-1024x1365.jpg",1024,1365,true],"covernews-medium":["https:\/\/infoecos.com.ar\/wp-content\/uploads\/2021\/11\/3c58745a-d7fb-47b1-9943-46a0dd16de8d-1-720x380.jpg",540,285,true],"covernews-medium-square":["https:\/\/infoecos.com.ar\/wp-content\/uploads\/2021\/11\/3c58745a-d7fb-47b1-9943-46a0dd16de8d-1-675x450.jpg",375,250,true]},"author_info":{"info":["Jorge Matheus"]},"category_info":"<a href=\"https:\/\/infoecos.com.ar\/index.php\/category\/noticia-principal\/\" rel=\"category tag\">Noticia Principal<\/a>","tag_info":"Noticia Principal","comment_count":"0","_links":{"self":[{"href":"https:\/\/infoecos.com.ar\/index.php\/wp-json\/wp\/v2\/posts\/89443"}],"collection":[{"href":"https:\/\/infoecos.com.ar\/index.php\/wp-json\/wp\/v2\/posts"}],"about":[{"href":"https:\/\/infoecos.com.ar\/index.php\/wp-json\/wp\/v2\/types\/post"}],"author":[{"embeddable":true,"href":"https:\/\/infoecos.com.ar\/index.php\/wp-json\/wp\/v2\/users\/2"}],"replies":[{"embeddable":true,"href":"https:\/\/infoecos.com.ar\/index.php\/wp-json\/wp\/v2\/comments?post=89443"}],"version-history":[{"count":2,"href":"https:\/\/infoecos.com.ar\/index.php\/wp-json\/wp\/v2\/posts\/89443\/revisions"}],"predecessor-version":[{"id":89448,"href":"https:\/\/infoecos.com.ar\/index.php\/wp-json\/wp\/v2\/posts\/89443\/revisions\/89448"}],"wp:featuredmedia":[{"embeddable":true,"href":"https:\/\/infoecos.com.ar\/index.php\/wp-json\/wp\/v2\/media\/89445"}],"wp:attachment":[{"href":"https:\/\/infoecos.com.ar\/index.php\/wp-json\/wp\/v2\/media?parent=89443"}],"wp:term":[{"taxonomy":"category","embeddable":true,"href":"https:\/\/infoecos.com.ar\/index.php\/wp-json\/wp\/v2\/categories?post=89443"},{"taxonomy":"post_tag","embeddable":true,"href":"https:\/\/infoecos.com.ar\/index.php\/wp-json\/wp\/v2\/tags?post=89443"}],"curies":[{"name":"wp","href":"https:\/\/api.w.org\/{rel}","templated":true}]}}