{"id":89455,"date":"2021-11-20T14:35:32","date_gmt":"2021-11-20T17:35:32","guid":{"rendered":"http:\/\/infoecos.com.ar\/?p=89455"},"modified":"2021-11-20T14:47:23","modified_gmt":"2021-11-20T17:47:23","slug":"figal-dejo-el-concejo-con-reconocimientos-a-sus-pares-y-a-ex-intendentes-de-t-lauquen","status":"publish","type":"post","link":"https:\/\/infoecos.com.ar\/index.php\/figal-dejo-el-concejo-con-reconocimientos-a-sus-pares-y-a-ex-intendentes-de-t-lauquen\/","title":{"rendered":"Figal dej\u00f3 el concejo con reconocimientos a sus pares y a ex intendentes de T.Lauquen"},"content":{"rendered":"\n<p>Claudio Figal que fuera presidente del concejo deliberante de Trenque Lauquen, integrante de la bancada del radicalismo y tambi\u00e9n mostrando algunas rebeld\u00edas de un propio bloque, destac\u00f3 al despedirse anoche de las funciones que \u201cson momentos que emocionan. Quiero agradecer a todas las personas que trabajan y trabajaron estos a\u00f1os en el Concejo, porque me ense\u00f1aron a ser uno m\u00e1s de ellos. Tambi\u00e9n el agradecimiento es para cada uno de mis pares, con ellos me pude enriquecer, tuvimos debates y di\u00e1logos, teniendo una muy buena relaci\u00f3n con cada uno de ellos m\u00e1s all\u00e1 de las diferencias\u00bb. <\/p>\n\n\n\n<div class=\"wp-block-image is-style-default\"><figure class=\"aligncenter size-medium\"><img loading=\"lazy\" decoding=\"async\" width=\"460\" height=\"345\" src=\"http:\/\/infoecos.com.ar\/wp-content\/uploads\/2021\/11\/figalclaudio-1-460x345.jpg\" alt=\"\" class=\"wp-image-89456\" srcset=\"https:\/\/infoecos.com.ar\/wp-content\/uploads\/2021\/11\/figalclaudio-1-460x345.jpg 460w, https:\/\/infoecos.com.ar\/wp-content\/uploads\/2021\/11\/figalclaudio-1-920x690.jpg 920w, https:\/\/infoecos.com.ar\/wp-content\/uploads\/2021\/11\/figalclaudio-1-768x576.jpg 768w, https:\/\/infoecos.com.ar\/wp-content\/uploads\/2021\/11\/figalclaudio-1-1024x768.jpg 1024w, https:\/\/infoecos.com.ar\/wp-content\/uploads\/2021\/11\/figalclaudio-1.jpg 1280w\" sizes=\"(max-width: 460px) 100vw, 460px\" \/><\/figure><\/div>\n\n\n\n<p>Figal agradeci\u00f3 a los dem\u00e1s ediles por \u00abhaberme dado la posibilidad de presidir este Cuerpo\u201d. Se refiri\u00f3 tambi\u00e9n a la Uni\u00f3n C\u00edvica Radical y reconoci\u00f3 la figura de los ex intendentes Horacio Arrast\u00faa, Jorge Barracchia y Juan Carlos Font. <\/p>\n\n\n\n<p>Ana M\u00f3nica Lamais\u00f3n, por su parte, que acompa\u00f1\u00f3 a Figal en sus confrontaciones con el radicalismo y tambi\u00e9n en el retorno al partido que les dio la posibilidad de alcanzar la legislatura trenquelauquense indic\u00f3 que  \u201cquiero agradecer a aquella gente que en 2014 me invit\u00f3 a transitar este camino, a mis compa\u00f1eros de recinto, que siempre con virtudes y defectos tratamos de buscar el consenso y hacer lo mejor posible para todos, y por supuesto a la gente que nos acompa\u00f1\u00f3 en las urnas en el 2017 y a todos los vecinos de 30 de Agosto\u201d.<\/p>\n\n\n\n<div class=\"wp-block-image is-style-default\"><figure class=\"aligncenter size-medium\"><img loading=\"lazy\" decoding=\"async\" width=\"460\" height=\"345\" src=\"http:\/\/infoecos.com.ar\/wp-content\/uploads\/2021\/11\/lamaison-460x345.jpg\" alt=\"\" class=\"wp-image-89463\" srcset=\"https:\/\/infoecos.com.ar\/wp-content\/uploads\/2021\/11\/lamaison-460x345.jpg 460w, https:\/\/infoecos.com.ar\/wp-content\/uploads\/2021\/11\/lamaison-920x690.jpg 920w, https:\/\/infoecos.com.ar\/wp-content\/uploads\/2021\/11\/lamaison-768x576.jpg 768w, https:\/\/infoecos.com.ar\/wp-content\/uploads\/2021\/11\/lamaison-1024x768.jpg 1024w, https:\/\/infoecos.com.ar\/wp-content\/uploads\/2021\/11\/lamaison.jpg 1280w\" sizes=\"(max-width: 460px) 100vw, 460px\" \/><\/figure><\/div>\n","protected":false},"excerpt":{"rendered":"<p>Claudio Figal que fuera presidente del concejo deliberante de Trenque Lauquen, integrante de la bancada&#8230;<\/p>\n","protected":false},"author":2,"featured_media":89456,"comment_status":"closed","ping_status":"open","sticky":false,"template":"","format":"standard","meta":{"footnotes":""},"categories":[28],"tags":[5636],"class_list":["post-89455","post","type-post","status-publish","format-standard","has-post-thumbnail","hentry","category-c1nota1","tag-fue-presidente-del-cuerpo"],"yoast_head":"<!-- This site is optimized with the Yoast SEO plugin v23.4 - https:\/\/yoast.com\/wordpress\/plugins\/seo\/ -->\n<title>Figal dej\u00f3 el concejo con reconocimientos a sus pares y a ex intendentes de T.Lauquen - Infoecos<\/title>\n<meta name=\"robots\" content=\"index, follow, max-snippet:-1, max-image-preview:large, max-video-preview:-1\" \/>\n<link rel=\"canonical\" href=\"https:\/\/infoecos.com.ar\/index.php\/figal-dejo-el-concejo-con-reconocimientos-a-sus-pares-y-a-ex-intendentes-de-t-lauquen\/\" \/>\n<meta property=\"og:locale\" content=\"es_ES\" \/>\n<meta property=\"og:type\" content=\"article\" \/>\n<meta property=\"og:title\" content=\"Figal dej\u00f3 el concejo con reconocimientos a sus pares y a ex intendentes de T.Lauquen - Infoecos\" \/>\n<meta property=\"og:description\" content=\"Claudio Figal que fuera presidente del concejo deliberante de Trenque Lauquen, integrante de la bancada...\" \/>\n<meta property=\"og:url\" content=\"https:\/\/infoecos.com.ar\/index.php\/figal-dejo-el-concejo-con-reconocimientos-a-sus-pares-y-a-ex-intendentes-de-t-lauquen\/\" \/>\n<meta property=\"og:site_name\" content=\"Infoecos\" \/>\n<meta property=\"article:publisher\" content=\"https:\/\/www.facebook.com\/profile.php?id=100063200290284\" \/>\n<meta property=\"article:published_time\" content=\"2021-11-20T17:35:32+00:00\" \/>\n<meta property=\"article:modified_time\" content=\"2021-11-20T17:47:23+00:00\" \/>\n<meta property=\"og:image\" content=\"https:\/\/infoecos.com.ar\/wp-content\/uploads\/2021\/11\/figalclaudio-1.jpg\" \/>\n\t<meta property=\"og:image:width\" content=\"1280\" \/>\n\t<meta property=\"og:image:height\" content=\"960\" \/>\n\t<meta property=\"og:image:type\" content=\"image\/jpeg\" \/>\n<meta name=\"author\" content=\"Jorge Matheus\" \/>\n<meta name=\"twitter:card\" content=\"summary_large_image\" \/>\n<meta name=\"twitter:creator\" content=\"@infoecos\" \/>\n<meta name=\"twitter:site\" content=\"@infoecos\" \/>\n<meta name=\"twitter:label1\" content=\"Escrito por\" \/>\n\t<meta name=\"twitter:data1\" content=\"Jorge Matheus\" \/>\n\t<meta name=\"twitter:label2\" content=\"Tiempo de lectura\" \/>\n\t<meta name=\"twitter:data2\" content=\"1 minuto\" \/>\n<script type=\"application\/ld+json\" class=\"yoast-schema-graph\">{\"@context\":\"https:\/\/schema.org\",\"@graph\":[{\"@type\":\"Article\",\"@id\":\"https:\/\/infoecos.com.ar\/index.php\/figal-dejo-el-concejo-con-reconocimientos-a-sus-pares-y-a-ex-intendentes-de-t-lauquen\/#article\",\"isPartOf\":{\"@id\":\"https:\/\/infoecos.com.ar\/index.php\/figal-dejo-el-concejo-con-reconocimientos-a-sus-pares-y-a-ex-intendentes-de-t-lauquen\/\"},\"author\":{\"name\":\"Jorge Matheus\",\"@id\":\"https:\/\/infoecos.com.ar\/#\/schema\/person\/8f5ace5ce73b4b4aac4b7245aee6f191\"},\"headline\":\"Figal dej\u00f3 el concejo con reconocimientos a sus pares y a ex intendentes de T.Lauquen\",\"datePublished\":\"2021-11-20T17:35:32+00:00\",\"dateModified\":\"2021-11-20T17:47:23+00:00\",\"mainEntityOfPage\":{\"@id\":\"https:\/\/infoecos.com.ar\/index.php\/figal-dejo-el-concejo-con-reconocimientos-a-sus-pares-y-a-ex-intendentes-de-t-lauquen\/\"},\"wordCount\":262,\"publisher\":{\"@id\":\"https:\/\/infoecos.com.ar\/#organization\"},\"image\":{\"@id\":\"https:\/\/infoecos.com.ar\/index.php\/figal-dejo-el-concejo-con-reconocimientos-a-sus-pares-y-a-ex-intendentes-de-t-lauquen\/#primaryimage\"},\"thumbnailUrl\":\"https:\/\/infoecos.com.ar\/wp-content\/uploads\/2021\/11\/figalclaudio-1.jpg\",\"keywords\":[\"fue presidente del cuerpo\"],\"articleSection\":[\"C1 N1\"],\"inLanguage\":\"es\"},{\"@type\":\"WebPage\",\"@id\":\"https:\/\/infoecos.com.ar\/index.php\/figal-dejo-el-concejo-con-reconocimientos-a-sus-pares-y-a-ex-intendentes-de-t-lauquen\/\",\"url\":\"https:\/\/infoecos.com.ar\/index.php\/figal-dejo-el-concejo-con-reconocimientos-a-sus-pares-y-a-ex-intendentes-de-t-lauquen\/\",\"name\":\"Figal dej\u00f3 el concejo con reconocimientos a sus pares y a ex intendentes de T.Lauquen - Infoecos\",\"isPartOf\":{\"@id\":\"https:\/\/infoecos.com.ar\/#website\"},\"primaryImageOfPage\":{\"@id\":\"https:\/\/infoecos.com.ar\/index.php\/figal-dejo-el-concejo-con-reconocimientos-a-sus-pares-y-a-ex-intendentes-de-t-lauquen\/#primaryimage\"},\"image\":{\"@id\":\"https:\/\/infoecos.com.ar\/index.php\/figal-dejo-el-concejo-con-reconocimientos-a-sus-pares-y-a-ex-intendentes-de-t-lauquen\/#primaryimage\"},\"thumbnailUrl\":\"https:\/\/infoecos.com.ar\/wp-content\/uploads\/2021\/11\/figalclaudio-1.jpg\",\"datePublished\":\"2021-11-20T17:35:32+00:00\",\"dateModified\":\"2021-11-20T17:47:23+00:00\",\"breadcrumb\":{\"@id\":\"https:\/\/infoecos.com.ar\/index.php\/figal-dejo-el-concejo-con-reconocimientos-a-sus-pares-y-a-ex-intendentes-de-t-lauquen\/#breadcrumb\"},\"inLanguage\":\"es\",\"potentialAction\":[{\"@type\":\"ReadAction\",\"target\":[\"https:\/\/infoecos.com.ar\/index.php\/figal-dejo-el-concejo-con-reconocimientos-a-sus-pares-y-a-ex-intendentes-de-t-lauquen\/\"]}]},{\"@type\":\"ImageObject\",\"inLanguage\":\"es\",\"@id\":\"https:\/\/infoecos.com.ar\/index.php\/figal-dejo-el-concejo-con-reconocimientos-a-sus-pares-y-a-ex-intendentes-de-t-lauquen\/#primaryimage\",\"url\":\"https:\/\/infoecos.com.ar\/wp-content\/uploads\/2021\/11\/figalclaudio-1.jpg\",\"contentUrl\":\"https:\/\/infoecos.com.ar\/wp-content\/uploads\/2021\/11\/figalclaudio-1.jpg\",\"width\":1280,\"height\":960},{\"@type\":\"BreadcrumbList\",\"@id\":\"https:\/\/infoecos.com.ar\/index.php\/figal-dejo-el-concejo-con-reconocimientos-a-sus-pares-y-a-ex-intendentes-de-t-lauquen\/#breadcrumb\",\"itemListElement\":[{\"@type\":\"ListItem\",\"position\":1,\"name\":\"Portada\",\"item\":\"https:\/\/infoecos.com.ar\/\"},{\"@type\":\"ListItem\",\"position\":2,\"name\":\"Figal dej\u00f3 el concejo con reconocimientos a sus pares y a ex intendentes de T.Lauquen\"}]},{\"@type\":\"WebSite\",\"@id\":\"https:\/\/infoecos.com.ar\/#website\",\"url\":\"https:\/\/infoecos.com.ar\/\",\"name\":\"Infoecos\",\"description\":\"Noticias de trenque lauquen y la zona\",\"publisher\":{\"@id\":\"https:\/\/infoecos.com.ar\/#organization\"},\"alternateName\":\"Noticias\",\"potentialAction\":[{\"@type\":\"SearchAction\",\"target\":{\"@type\":\"EntryPoint\",\"urlTemplate\":\"https:\/\/infoecos.com.ar\/?s={search_term_string}\"},\"query-input\":{\"@type\":\"PropertyValueSpecification\",\"valueRequired\":true,\"valueName\":\"search_term_string\"}}],\"inLanguage\":\"es\"},{\"@type\":\"Organization\",\"@id\":\"https:\/\/infoecos.com.ar\/#organization\",\"name\":\"Infoecos\",\"alternateName\":\"Noticias\",\"url\":\"https:\/\/infoecos.com.ar\/\",\"logo\":{\"@type\":\"ImageObject\",\"inLanguage\":\"es\",\"@id\":\"https:\/\/infoecos.com.ar\/#\/schema\/logo\/image\/\",\"url\":\"https:\/\/infoecos.com.ar\/wp-content\/uploads\/2024\/03\/cropped-logo.png\",\"contentUrl\":\"https:\/\/infoecos.com.ar\/wp-content\/uploads\/2024\/03\/cropped-logo.png\",\"width\":374,\"height\":90,\"caption\":\"Infoecos\"},\"image\":{\"@id\":\"https:\/\/infoecos.com.ar\/#\/schema\/logo\/image\/\"},\"sameAs\":[\"https:\/\/www.facebook.com\/profile.php?id=100063200290284\",\"https:\/\/x.com\/infoecos\"]},{\"@type\":\"Person\",\"@id\":\"https:\/\/infoecos.com.ar\/#\/schema\/person\/8f5ace5ce73b4b4aac4b7245aee6f191\",\"name\":\"Jorge Matheus\",\"url\":\"https:\/\/infoecos.com.ar\/index.php\/author\/jomatheus\/\"}]}<\/script>\n<!-- \/ Yoast SEO plugin. -->","yoast_head_json":{"title":"Figal dej\u00f3 el concejo con reconocimientos a sus pares y a ex intendentes de T.Lauquen - Infoecos","robots":{"index":"index","follow":"follow","max-snippet":"max-snippet:-1","max-image-preview":"max-image-preview:large","max-video-preview":"max-video-preview:-1"},"canonical":"https:\/\/infoecos.com.ar\/index.php\/figal-dejo-el-concejo-con-reconocimientos-a-sus-pares-y-a-ex-intendentes-de-t-lauquen\/","og_locale":"es_ES","og_type":"article","og_title":"Figal dej\u00f3 el concejo con reconocimientos a sus pares y a ex intendentes de T.Lauquen - Infoecos","og_description":"Claudio Figal que fuera presidente del concejo deliberante de Trenque Lauquen, integrante de la bancada...","og_url":"https:\/\/infoecos.com.ar\/index.php\/figal-dejo-el-concejo-con-reconocimientos-a-sus-pares-y-a-ex-intendentes-de-t-lauquen\/","og_site_name":"Infoecos","article_publisher":"https:\/\/www.facebook.com\/profile.php?id=100063200290284","article_published_time":"2021-11-20T17:35:32+00:00","article_modified_time":"2021-11-20T17:47:23+00:00","og_image":[{"width":1280,"height":960,"url":"https:\/\/infoecos.com.ar\/wp-content\/uploads\/2021\/11\/figalclaudio-1.jpg","type":"image\/jpeg"}],"author":"Jorge Matheus","twitter_card":"summary_large_image","twitter_creator":"@infoecos","twitter_site":"@infoecos","twitter_misc":{"Escrito por":"Jorge Matheus","Tiempo de lectura":"1 minuto"},"schema":{"@context":"https:\/\/schema.org","@graph":[{"@type":"Article","@id":"https:\/\/infoecos.com.ar\/index.php\/figal-dejo-el-concejo-con-reconocimientos-a-sus-pares-y-a-ex-intendentes-de-t-lauquen\/#article","isPartOf":{"@id":"https:\/\/infoecos.com.ar\/index.php\/figal-dejo-el-concejo-con-reconocimientos-a-sus-pares-y-a-ex-intendentes-de-t-lauquen\/"},"author":{"name":"Jorge Matheus","@id":"https:\/\/infoecos.com.ar\/#\/schema\/person\/8f5ace5ce73b4b4aac4b7245aee6f191"},"headline":"Figal dej\u00f3 el concejo con reconocimientos a sus pares y a ex intendentes de T.Lauquen","datePublished":"2021-11-20T17:35:32+00:00","dateModified":"2021-11-20T17:47:23+00:00","mainEntityOfPage":{"@id":"https:\/\/infoecos.com.ar\/index.php\/figal-dejo-el-concejo-con-reconocimientos-a-sus-pares-y-a-ex-intendentes-de-t-lauquen\/"},"wordCount":262,"publisher":{"@id":"https:\/\/infoecos.com.ar\/#organization"},"image":{"@id":"https:\/\/infoecos.com.ar\/index.php\/figal-dejo-el-concejo-con-reconocimientos-a-sus-pares-y-a-ex-intendentes-de-t-lauquen\/#primaryimage"},"thumbnailUrl":"https:\/\/infoecos.com.ar\/wp-content\/uploads\/2021\/11\/figalclaudio-1.jpg","keywords":["fue presidente del cuerpo"],"articleSection":["C1 N1"],"inLanguage":"es"},{"@type":"WebPage","@id":"https:\/\/infoecos.com.ar\/index.php\/figal-dejo-el-concejo-con-reconocimientos-a-sus-pares-y-a-ex-intendentes-de-t-lauquen\/","url":"https:\/\/infoecos.com.ar\/index.php\/figal-dejo-el-concejo-con-reconocimientos-a-sus-pares-y-a-ex-intendentes-de-t-lauquen\/","name":"Figal dej\u00f3 el concejo con reconocimientos a sus pares y a ex intendentes de T.Lauquen - Infoecos","isPartOf":{"@id":"https:\/\/infoecos.com.ar\/#website"},"primaryImageOfPage":{"@id":"https:\/\/infoecos.com.ar\/index.php\/figal-dejo-el-concejo-con-reconocimientos-a-sus-pares-y-a-ex-intendentes-de-t-lauquen\/#primaryimage"},"image":{"@id":"https:\/\/infoecos.com.ar\/index.php\/figal-dejo-el-concejo-con-reconocimientos-a-sus-pares-y-a-ex-intendentes-de-t-lauquen\/#primaryimage"},"thumbnailUrl":"https:\/\/infoecos.com.ar\/wp-content\/uploads\/2021\/11\/figalclaudio-1.jpg","datePublished":"2021-11-20T17:35:32+00:00","dateModified":"2021-11-20T17:47:23+00:00","breadcrumb":{"@id":"https:\/\/infoecos.com.ar\/index.php\/figal-dejo-el-concejo-con-reconocimientos-a-sus-pares-y-a-ex-intendentes-de-t-lauquen\/#breadcrumb"},"inLanguage":"es","potentialAction":[{"@type":"ReadAction","target":["https:\/\/infoecos.com.ar\/index.php\/figal-dejo-el-concejo-con-reconocimientos-a-sus-pares-y-a-ex-intendentes-de-t-lauquen\/"]}]},{"@type":"ImageObject","inLanguage":"es","@id":"https:\/\/infoecos.com.ar\/index.php\/figal-dejo-el-concejo-con-reconocimientos-a-sus-pares-y-a-ex-intendentes-de-t-lauquen\/#primaryimage","url":"https:\/\/infoecos.com.ar\/wp-content\/uploads\/2021\/11\/figalclaudio-1.jpg","contentUrl":"https:\/\/infoecos.com.ar\/wp-content\/uploads\/2021\/11\/figalclaudio-1.jpg","width":1280,"height":960},{"@type":"BreadcrumbList","@id":"https:\/\/infoecos.com.ar\/index.php\/figal-dejo-el-concejo-con-reconocimientos-a-sus-pares-y-a-ex-intendentes-de-t-lauquen\/#breadcrumb","itemListElement":[{"@type":"ListItem","position":1,"name":"Portada","item":"https:\/\/infoecos.com.ar\/"},{"@type":"ListItem","position":2,"name":"Figal dej\u00f3 el concejo con reconocimientos a sus pares y a ex intendentes de T.Lauquen"}]},{"@type":"WebSite","@id":"https:\/\/infoecos.com.ar\/#website","url":"https:\/\/infoecos.com.ar\/","name":"Infoecos","description":"Noticias de trenque lauquen y la zona","publisher":{"@id":"https:\/\/infoecos.com.ar\/#organization"},"alternateName":"Noticias","potentialAction":[{"@type":"SearchAction","target":{"@type":"EntryPoint","urlTemplate":"https:\/\/infoecos.com.ar\/?s={search_term_string}"},"query-input":{"@type":"PropertyValueSpecification","valueRequired":true,"valueName":"search_term_string"}}],"inLanguage":"es"},{"@type":"Organization","@id":"https:\/\/infoecos.com.ar\/#organization","name":"Infoecos","alternateName":"Noticias","url":"https:\/\/infoecos.com.ar\/","logo":{"@type":"ImageObject","inLanguage":"es","@id":"https:\/\/infoecos.com.ar\/#\/schema\/logo\/image\/","url":"https:\/\/infoecos.com.ar\/wp-content\/uploads\/2024\/03\/cropped-logo.png","contentUrl":"https:\/\/infoecos.com.ar\/wp-content\/uploads\/2024\/03\/cropped-logo.png","width":374,"height":90,"caption":"Infoecos"},"image":{"@id":"https:\/\/infoecos.com.ar\/#\/schema\/logo\/image\/"},"sameAs":["https:\/\/www.facebook.com\/profile.php?id=100063200290284","https:\/\/x.com\/infoecos"]},{"@type":"Person","@id":"https:\/\/infoecos.com.ar\/#\/schema\/person\/8f5ace5ce73b4b4aac4b7245aee6f191","name":"Jorge Matheus","url":"https:\/\/infoecos.com.ar\/index.php\/author\/jomatheus\/"}]}},"featured_image_urls":{"full":["https:\/\/infoecos.com.ar\/wp-content\/uploads\/2021\/11\/figalclaudio-1.jpg",1280,960,false],"thumbnail":["https:\/\/infoecos.com.ar\/wp-content\/uploads\/2021\/11\/figalclaudio-1-150x150.jpg",150,150,true],"medium":["https:\/\/infoecos.com.ar\/wp-content\/uploads\/2021\/11\/figalclaudio-1-460x345.jpg",460,345,true],"medium_large":["https:\/\/infoecos.com.ar\/wp-content\/uploads\/2021\/11\/figalclaudio-1-768x576.jpg",640,480,true],"large":["https:\/\/infoecos.com.ar\/wp-content\/uploads\/2021\/11\/figalclaudio-1-920x690.jpg",640,480,true],"1536x1536":["https:\/\/infoecos.com.ar\/wp-content\/uploads\/2021\/11\/figalclaudio-1.jpg",1280,960,false],"2048x2048":["https:\/\/infoecos.com.ar\/wp-content\/uploads\/2021\/11\/figalclaudio-1.jpg",1280,960,false],"covernews-slider-full":["https:\/\/infoecos.com.ar\/wp-content\/uploads\/2021\/11\/figalclaudio-1.jpg",953,715,false],"covernews-slider-center":["https:\/\/infoecos.com.ar\/wp-content\/uploads\/2021\/11\/figalclaudio-1-936x897.jpg",522,500,true],"covernews-featured":["https:\/\/infoecos.com.ar\/wp-content\/uploads\/2021\/11\/figalclaudio-1-1024x768.jpg",1024,768,true],"covernews-medium":["https:\/\/infoecos.com.ar\/wp-content\/uploads\/2021\/11\/figalclaudio-1-720x380.jpg",540,285,true],"covernews-medium-square":["https:\/\/infoecos.com.ar\/wp-content\/uploads\/2021\/11\/figalclaudio-1-675x450.jpg",375,250,true]},"author_info":{"info":["Jorge Matheus"]},"category_info":"<a href=\"https:\/\/infoecos.com.ar\/index.php\/category\/c1nota1\/\" rel=\"category tag\">C1 N1<\/a>","tag_info":"C1 N1","comment_count":"0","_links":{"self":[{"href":"https:\/\/infoecos.com.ar\/index.php\/wp-json\/wp\/v2\/posts\/89455"}],"collection":[{"href":"https:\/\/infoecos.com.ar\/index.php\/wp-json\/wp\/v2\/posts"}],"about":[{"href":"https:\/\/infoecos.com.ar\/index.php\/wp-json\/wp\/v2\/types\/post"}],"author":[{"embeddable":true,"href":"https:\/\/infoecos.com.ar\/index.php\/wp-json\/wp\/v2\/users\/2"}],"replies":[{"embeddable":true,"href":"https:\/\/infoecos.com.ar\/index.php\/wp-json\/wp\/v2\/comments?post=89455"}],"version-history":[{"count":2,"href":"https:\/\/infoecos.com.ar\/index.php\/wp-json\/wp\/v2\/posts\/89455\/revisions"}],"predecessor-version":[{"id":89464,"href":"https:\/\/infoecos.com.ar\/index.php\/wp-json\/wp\/v2\/posts\/89455\/revisions\/89464"}],"wp:featuredmedia":[{"embeddable":true,"href":"https:\/\/infoecos.com.ar\/index.php\/wp-json\/wp\/v2\/media\/89456"}],"wp:attachment":[{"href":"https:\/\/infoecos.com.ar\/index.php\/wp-json\/wp\/v2\/media?parent=89455"}],"wp:term":[{"taxonomy":"category","embeddable":true,"href":"https:\/\/infoecos.com.ar\/index.php\/wp-json\/wp\/v2\/categories?post=89455"},{"taxonomy":"post_tag","embeddable":true,"href":"https:\/\/infoecos.com.ar\/index.php\/wp-json\/wp\/v2\/tags?post=89455"}],"curies":[{"name":"wp","href":"https:\/\/api.w.org\/{rel}","templated":true}]}}