{"id":89465,"date":"2021-11-20T14:59:14","date_gmt":"2021-11-20T17:59:14","guid":{"rendered":"http:\/\/infoecos.com.ar\/?p=89465"},"modified":"2021-11-24T14:12:22","modified_gmt":"2021-11-24T17:12:22","slug":"dos-importantes-dirigentes-del-justicialismo-dejan-sus-bancas-sotullo-lanz-y-monica-estevez","status":"publish","type":"post","link":"https:\/\/infoecos.com.ar\/index.php\/dos-importantes-dirigentes-del-justicialismo-dejan-sus-bancas-sotullo-lanz-y-monica-estevez\/","title":{"rendered":"Dos importantes dirigentes del Justicialismo terminaron sus mandatos: Sotullo Lanz y M\u00f3nica Est\u00e9vez"},"content":{"rendered":"\n<p class=\"wp-block-paragraph\">Mart\u00edn Sotullo Lanz y M\u00f3nica Est\u00e9vez, dos concejales que ingresaron por el Justicialismo en el distrito de Trenque Lauquen que sigue sin encontrar el camino de una victoria propia, a ra\u00edz de acentuadas diferencias que inclusive sin hacerse p\u00fablicas se tradujeron en las PASO y en las elecciones generales de este 2021, se despidieron tambi\u00e9n este viernes del cuerpo legislativo.<\/p>\n\n\n\n<div class=\"wp-block-image is-style-default\"><figure class=\"aligncenter size-medium\"><img loading=\"lazy\" decoding=\"async\" width=\"460\" height=\"345\" src=\"http:\/\/infoecos.com.ar\/wp-content\/uploads\/2021\/11\/sotullomartin-1-460x345.jpg\" alt=\"\" class=\"wp-image-89466\" srcset=\"https:\/\/infoecos.com.ar\/wp-content\/uploads\/2021\/11\/sotullomartin-1-460x345.jpg 460w, https:\/\/infoecos.com.ar\/wp-content\/uploads\/2021\/11\/sotullomartin-1-920x690.jpg 920w, https:\/\/infoecos.com.ar\/wp-content\/uploads\/2021\/11\/sotullomartin-1-768x576.jpg 768w, https:\/\/infoecos.com.ar\/wp-content\/uploads\/2021\/11\/sotullomartin-1-1024x768.jpg 1024w, https:\/\/infoecos.com.ar\/wp-content\/uploads\/2021\/11\/sotullomartin-1.jpg 1280w\" sizes=\"auto, (max-width: 460px) 100vw, 460px\" \/><\/figure><\/div>\n\n\n\n<p class=\"wp-block-paragraph\">La informaci\u00f3n oficial da cuenta de algunas de las expresiones vertidas por Mart\u00edn Sotullo Lanz. Qui\u00e9n en el 2019 fue candidato a intendente por el Frente de Todos, logrando cerca de 12 mil sufragios, se\u00f1al\u00f3 que \u201cdetr\u00e1s de nuestra tarea legislativa hay personas, por ello quiero mencionar a las personas que trabajaron y trabajan en el Concejo y a mis pares. Reivindico a la gente que se compromete y que exponen en el HCD, o en una instituci\u00f3n, porque a veces son m\u00e1s las insatisfacciones y los sinsabores\u201d<\/p>\n\n\n\n<div class=\"wp-block-image is-style-default\"><figure class=\"aligncenter size-medium\"><img loading=\"lazy\" decoding=\"async\" width=\"460\" height=\"345\" src=\"http:\/\/infoecos.com.ar\/wp-content\/uploads\/2021\/11\/rodriguezmeramonica-460x345.jpg\" alt=\"\" class=\"wp-image-89467\" srcset=\"https:\/\/infoecos.com.ar\/wp-content\/uploads\/2021\/11\/rodriguezmeramonica-460x345.jpg 460w, https:\/\/infoecos.com.ar\/wp-content\/uploads\/2021\/11\/rodriguezmeramonica-920x690.jpg 920w, https:\/\/infoecos.com.ar\/wp-content\/uploads\/2021\/11\/rodriguezmeramonica-768x576.jpg 768w, https:\/\/infoecos.com.ar\/wp-content\/uploads\/2021\/11\/rodriguezmeramonica-1024x768.jpg 1024w, https:\/\/infoecos.com.ar\/wp-content\/uploads\/2021\/11\/rodriguezmeramonica.jpg 1280w\" sizes=\"auto, (max-width: 460px) 100vw, 460px\" \/><\/figure><\/div>\n\n\n\n<p class=\"wp-block-paragraph\">Por su parte, la experimentada dirigente pol\u00edtica y quiz\u00e1 la que m\u00e1s pergaminos institucionales registra en el peronismo de Trenque Lauquen, M\u00f3nica Est\u00e9vez, expuso que \u201cfueron cuatro a\u00f1os muy marcados y con much\u00edsimos debates. Siento que hicimos lo que correspond\u00eda, sobre todo en estos \u00faltimos dos a\u00f1os, ponernos a trabajar juntos codo a codo por un bien com\u00fan que era la Salud. No me voy a ning\u00fan lado. El cargo que me ha dado la gente es ser militante, esta es una etapa que termina y a partir del 10 de diciembre, quiero que me enamore la pr\u00f3xima etapa\u201d.<\/p>\n","protected":false},"excerpt":{"rendered":"<p>\u201cFueron cuatro a\u00f1os muy marcados y con much\u00edsimos debates. Siento que hicimos lo que correspond\u00eda, sobre todo en estos \u00faltimos dos a\u00f1os\u00bb, se\u00f1al\u00f3 M\u00f3nica Est\u00e9vez<\/p>\n","protected":false},"author":2,"featured_media":89466,"comment_status":"closed","ping_status":"open","sticky":false,"template":"","format":"standard","meta":{"footnotes":""},"categories":[1325],"tags":[5637],"class_list":["post-89465","post","type-post","status-publish","format-standard","has-post-thumbnail","hentry","category-c1nota6","tag-sotullo-lanz-fue-candidato-a-intendente-en-el-2019"],"featured_image_urls":{"full":["https:\/\/infoecos.com.ar\/wp-content\/uploads\/2021\/11\/sotullomartin-1.jpg",1280,960,false],"thumbnail":["https:\/\/infoecos.com.ar\/wp-content\/uploads\/2021\/11\/sotullomartin-1-150x150.jpg",150,150,true],"medium":["https:\/\/infoecos.com.ar\/wp-content\/uploads\/2021\/11\/sotullomartin-1-460x345.jpg",460,345,true],"medium_large":["https:\/\/infoecos.com.ar\/wp-content\/uploads\/2021\/11\/sotullomartin-1-768x576.jpg",640,480,true],"large":["https:\/\/infoecos.com.ar\/wp-content\/uploads\/2021\/11\/sotullomartin-1-920x690.jpg",640,480,true],"1536x1536":["https:\/\/infoecos.com.ar\/wp-content\/uploads\/2021\/11\/sotullomartin-1.jpg",1280,960,false],"2048x2048":["https:\/\/infoecos.com.ar\/wp-content\/uploads\/2021\/11\/sotullomartin-1.jpg",1280,960,false],"covernews-slider-full":["https:\/\/infoecos.com.ar\/wp-content\/uploads\/2021\/11\/sotullomartin-1.jpg",953,715,false],"covernews-slider-center":["https:\/\/infoecos.com.ar\/wp-content\/uploads\/2021\/11\/sotullomartin-1-936x897.jpg",522,500,true],"covernews-featured":["https:\/\/infoecos.com.ar\/wp-content\/uploads\/2021\/11\/sotullomartin-1-1024x768.jpg",1024,768,true],"covernews-medium":["https:\/\/infoecos.com.ar\/wp-content\/uploads\/2021\/11\/sotullomartin-1-720x380.jpg",540,285,true],"covernews-medium-square":["https:\/\/infoecos.com.ar\/wp-content\/uploads\/2021\/11\/sotullomartin-1-675x450.jpg",375,250,true]},"author_info":{"info":["Jorge Matheus"]},"category_info":"<a href=\"https:\/\/infoecos.com.ar\/index.php\/category\/c1nota6\/\" rel=\"category tag\">C1 nota 6<\/a>","tag_info":"C1 nota 6","comment_count":"0","_links":{"self":[{"href":"https:\/\/infoecos.com.ar\/index.php\/wp-json\/wp\/v2\/posts\/89465","targetHints":{"allow":["GET"]}}],"collection":[{"href":"https:\/\/infoecos.com.ar\/index.php\/wp-json\/wp\/v2\/posts"}],"about":[{"href":"https:\/\/infoecos.com.ar\/index.php\/wp-json\/wp\/v2\/types\/post"}],"author":[{"embeddable":true,"href":"https:\/\/infoecos.com.ar\/index.php\/wp-json\/wp\/v2\/users\/2"}],"replies":[{"embeddable":true,"href":"https:\/\/infoecos.com.ar\/index.php\/wp-json\/wp\/v2\/comments?post=89465"}],"version-history":[{"count":2,"href":"https:\/\/infoecos.com.ar\/index.php\/wp-json\/wp\/v2\/posts\/89465\/revisions"}],"predecessor-version":[{"id":89469,"href":"https:\/\/infoecos.com.ar\/index.php\/wp-json\/wp\/v2\/posts\/89465\/revisions\/89469"}],"wp:featuredmedia":[{"embeddable":true,"href":"https:\/\/infoecos.com.ar\/index.php\/wp-json\/wp\/v2\/media\/89466"}],"wp:attachment":[{"href":"https:\/\/infoecos.com.ar\/index.php\/wp-json\/wp\/v2\/media?parent=89465"}],"wp:term":[{"taxonomy":"category","embeddable":true,"href":"https:\/\/infoecos.com.ar\/index.php\/wp-json\/wp\/v2\/categories?post=89465"},{"taxonomy":"post_tag","embeddable":true,"href":"https:\/\/infoecos.com.ar\/index.php\/wp-json\/wp\/v2\/tags?post=89465"}],"curies":[{"name":"wp","href":"https:\/\/api.w.org\/{rel}","templated":true}]}}