{"id":89470,"date":"2021-11-20T15:46:49","date_gmt":"2021-11-20T18:46:49","guid":{"rendered":"http:\/\/infoecos.com.ar\/?p=89470"},"modified":"2021-11-20T15:47:41","modified_gmt":"2021-11-20T18:47:41","slug":"diputados-de-la-nacion-avanzo-con-el-proyecto-que-regula-la-produccion-de-cannabis-medicinal","status":"publish","type":"post","link":"https:\/\/infoecos.com.ar\/index.php\/diputados-de-la-nacion-avanzo-con-el-proyecto-que-regula-la-produccion-de-cannabis-medicinal\/","title":{"rendered":"Diputados de la Naci\u00f3n avanz\u00f3 con el proyecto que regula la producci\u00f3n de Cannabis Medicinal"},"content":{"rendered":"\n<p class=\"wp-block-paragraph\">La Comisi\u00f3n de Agricultura y Ganader\u00eda de la C\u00e1mara de Diputados, que preside el diputado Jos\u00e9 Ruiz Arag\u00f3n (FdT), dio dictamen favorable al proyecto que propone un marco regulatorio para el desarrollo del Cannabis medicinal y el c\u00e1\u00f1amo industrial. El Ministro de Desarrollo Productivo de la Naci\u00f3n, Mat\u00edas Kulfas disert\u00f3 sobre la ley.<\/p>\n\n\n\n<div class=\"wp-block-image is-style-default\"><figure class=\"aligncenter size-medium\"><img loading=\"lazy\" decoding=\"async\" width=\"460\" height=\"307\" src=\"http:\/\/infoecos.com.ar\/wp-content\/uploads\/2021\/11\/kulfas-460x307.jpg\" alt=\"\" class=\"wp-image-89472\" srcset=\"https:\/\/infoecos.com.ar\/wp-content\/uploads\/2021\/11\/kulfas-460x307.jpg 460w, https:\/\/infoecos.com.ar\/wp-content\/uploads\/2021\/11\/kulfas-920x613.jpg 920w, https:\/\/infoecos.com.ar\/wp-content\/uploads\/2021\/11\/kulfas-768x512.jpg 768w, https:\/\/infoecos.com.ar\/wp-content\/uploads\/2021\/11\/kulfas-1024x683.jpg 1024w, https:\/\/infoecos.com.ar\/wp-content\/uploads\/2021\/11\/kulfas-675x450.jpg 675w, https:\/\/infoecos.com.ar\/wp-content\/uploads\/2021\/11\/kulfas.jpg 1500w\" sizes=\"auto, (max-width: 460px) 100vw, 460px\" \/><\/figure><\/div>\n\n\n\n<p class=\"wp-block-paragraph\">Seg\u00fan detalla la misma, uno de los objetivos es \u00abestablecer un marco legal que autorice, -a trav\u00e9s de un fuerte esquema regulatorio-, las etapas de siembra, cultivo, cosecha, producci\u00f3n, almacenamiento, transporte, comercializaci\u00f3n, importaci\u00f3n, exportaci\u00f3n y posesi\u00f3n de semillas de cannabis, de la planta de cannabis, y de sus derivados, con fines de aplicaci\u00f3n medicinal, terap\u00e9utica, paliativa o de investigaci\u00f3n cient\u00edfica\u00bb. Otra meta que propone la iniciativa, consiste en \u201clegalizar los diferentes eslabones productivos y de comercializaci\u00f3n del c\u00e1\u00f1amo o c\u00e1\u00f1amo industrial y sus subproductos\u00bb.<\/p>\n\n\n\n<p class=\"wp-block-paragraph\">Adem\u00e1s, contempla la creaci\u00f3n de la Agencia Regulatoria de la Industria del C\u00e1\u00f1amo y del Cannabis Medicinal (ARICCAME)., que oficiar\u00e1 como \u00f3rgano rector y articulador de la cadena productiva del cannabis y tendr\u00e1 a su cargo las instancias de regulaci\u00f3n involucradas: Esa entidad tendr\u00e1 autarqu\u00eda t\u00e9cnica, funcional y financiera y orbitar\u00e1 en el \u00e1mbito Ministerio de Desarrollo Productivo.<\/p>\n\n\n\n<p class=\"wp-block-paragraph\">En ese sentido, el ministro de Desarrollo Productivo de la Naci\u00f3n, Mat\u00edas Kulfas, invitado a la Comisi\u00f3n, destac\u00f3 la gran cantidad de actores que particip\u00f3 de esta iniciativa \u201cTrabajamos durante m\u00e1s de un a\u00f1o y llegamos a un texto de un proyecto de ley entendemos que satisface las necesidades que tiene este sector para empezar a nacer y crecer en Argentina\u201d, dijo.<\/p>\n\n\n\n<figure class=\"wp-block-video\"><video height=\"720\" style=\"aspect-ratio: 1280 \/ 720;\" width=\"1280\" controls src=\"http:\/\/infoecos.com.ar\/wp-content\/uploads\/2021\/11\/WhatsApp-Video-2021-11-19-at-10.36.22.mp4\"><\/video><\/figure>\n\n\n\n<p class=\"wp-block-paragraph\">En tanto, explic\u00f3 que \u201ces un mercado global emergente y es una oportunidad para que la Argentina se desarrolle en esta actividad\u201d. \u201cM\u00e1s de 50 pa\u00edses del mundo han avanzado con esta legislaci\u00f3n\u201d, fundament\u00f3.<\/p>\n\n\n\n<p class=\"wp-block-paragraph\">Como expectativa, el Ministro expres\u00f3 que generar\u00e1 \u201cempleos de calidad, 10.000 puestos de trabajo y nueva actividad econ\u00f3mica de exportaci\u00f3n, y con ello va a arrancar un sector con presencia federal en la actividad primaria, en ciencia y tecnolog\u00eda, en la actividad industrial y un incipiente desarrollo en varias provincias de la Argentina\u00bb.<\/p>\n\n\n\n<p class=\"wp-block-paragraph\">\u201cEs una actividad que genera gran cantidad de eslabonamientos, tanto hacia atr\u00e1s como hacia adelante de la cadena productiva, lo que implica que haya m\u00e1s de 200 productos o subproductos vinculados al cultivo del cannabis\u00bb.<\/p>\n\n\n\n<p class=\"wp-block-paragraph\">Adem\u00e1s, destac\u00f3 la existencia de redes de investigaci\u00f3n, \u00abiniciativas provinciales y municipales\u00bb as\u00ed como emprendimientos privados exitosos\u201d.<\/p>\n","protected":false},"excerpt":{"rendered":"<p>El ministro de Desarrollo Productivo de la Naci\u00f3n, Mat\u00edas Kulfas, invitado a la Comisi\u00f3n, destac\u00f3 la gran cantidad de actores que particip\u00f3 de esta iniciativa<\/p>\n","protected":false},"author":2,"featured_media":89472,"comment_status":"closed","ping_status":"open","sticky":false,"template":"","format":"standard","meta":{"footnotes":""},"categories":[1327,45,1328],"tags":[5639],"class_list":["post-89470","post","type-post","status-publish","format-standard","has-post-thumbnail","hentry","category-audio","category-c1nota2","category-video","tag-comision-de-agricultura-y-ganaderia"],"featured_image_urls":{"full":["https:\/\/infoecos.com.ar\/wp-content\/uploads\/2021\/11\/kulfas.jpg",1500,1000,false],"thumbnail":["https:\/\/infoecos.com.ar\/wp-content\/uploads\/2021\/11\/kulfas-150x150.jpg",150,150,true],"medium":["https:\/\/infoecos.com.ar\/wp-content\/uploads\/2021\/11\/kulfas-460x307.jpg",460,307,true],"medium_large":["https:\/\/infoecos.com.ar\/wp-content\/uploads\/2021\/11\/kulfas-768x512.jpg",640,427,true],"large":["https:\/\/infoecos.com.ar\/wp-content\/uploads\/2021\/11\/kulfas-920x613.jpg",640,426,true],"1536x1536":["https:\/\/infoecos.com.ar\/wp-content\/uploads\/2021\/11\/kulfas.jpg",1500,1000,false],"2048x2048":["https:\/\/infoecos.com.ar\/wp-content\/uploads\/2021\/11\/kulfas.jpg",1500,1000,false],"covernews-slider-full":["https:\/\/infoecos.com.ar\/wp-content\/uploads\/2021\/11\/kulfas.jpg",1073,715,false],"covernews-slider-center":["https:\/\/infoecos.com.ar\/wp-content\/uploads\/2021\/11\/kulfas-936x897.jpg",522,500,true],"covernews-featured":["https:\/\/infoecos.com.ar\/wp-content\/uploads\/2021\/11\/kulfas-1024x683.jpg",1024,683,true],"covernews-medium":["https:\/\/infoecos.com.ar\/wp-content\/uploads\/2021\/11\/kulfas-720x380.jpg",540,285,true],"covernews-medium-square":["https:\/\/infoecos.com.ar\/wp-content\/uploads\/2021\/11\/kulfas-675x450.jpg",375,250,true]},"author_info":{"info":["Jorge Matheus"]},"category_info":"<a href=\"https:\/\/infoecos.com.ar\/index.php\/category\/audio\/\" rel=\"category tag\">Audio<\/a> <a href=\"https:\/\/infoecos.com.ar\/index.php\/category\/c1nota2\/\" rel=\"category tag\">C1 N2<\/a> <a href=\"https:\/\/infoecos.com.ar\/index.php\/category\/video\/\" rel=\"category tag\">Video<\/a>","tag_info":"Video","comment_count":"0","_links":{"self":[{"href":"https:\/\/infoecos.com.ar\/index.php\/wp-json\/wp\/v2\/posts\/89470","targetHints":{"allow":["GET"]}}],"collection":[{"href":"https:\/\/infoecos.com.ar\/index.php\/wp-json\/wp\/v2\/posts"}],"about":[{"href":"https:\/\/infoecos.com.ar\/index.php\/wp-json\/wp\/v2\/types\/post"}],"author":[{"embeddable":true,"href":"https:\/\/infoecos.com.ar\/index.php\/wp-json\/wp\/v2\/users\/2"}],"replies":[{"embeddable":true,"href":"https:\/\/infoecos.com.ar\/index.php\/wp-json\/wp\/v2\/comments?post=89470"}],"version-history":[{"count":1,"href":"https:\/\/infoecos.com.ar\/index.php\/wp-json\/wp\/v2\/posts\/89470\/revisions"}],"predecessor-version":[{"id":89473,"href":"https:\/\/infoecos.com.ar\/index.php\/wp-json\/wp\/v2\/posts\/89470\/revisions\/89473"}],"wp:featuredmedia":[{"embeddable":true,"href":"https:\/\/infoecos.com.ar\/index.php\/wp-json\/wp\/v2\/media\/89472"}],"wp:attachment":[{"href":"https:\/\/infoecos.com.ar\/index.php\/wp-json\/wp\/v2\/media?parent=89470"}],"wp:term":[{"taxonomy":"category","embeddable":true,"href":"https:\/\/infoecos.com.ar\/index.php\/wp-json\/wp\/v2\/categories?post=89470"},{"taxonomy":"post_tag","embeddable":true,"href":"https:\/\/infoecos.com.ar\/index.php\/wp-json\/wp\/v2\/tags?post=89470"}],"curies":[{"name":"wp","href":"https:\/\/api.w.org\/{rel}","templated":true}]}}