{"id":89545,"date":"2021-11-23T18:02:57","date_gmt":"2021-11-23T21:02:57","guid":{"rendered":"http:\/\/infoecos.com.ar\/?p=89545"},"modified":"2021-11-24T14:11:32","modified_gmt":"2021-11-24T17:11:32","slug":"la-camara-de-panaderos-de-la-pampa-pidio-que-el-kilo-de-pan-se-venda-a-170-pesos","status":"publish","type":"post","link":"https:\/\/infoecos.com.ar\/index.php\/la-camara-de-panaderos-de-la-pampa-pidio-que-el-kilo-de-pan-se-venda-a-170-pesos\/","title":{"rendered":"La C\u00e1mara de Panaderos de La Pampa pidi\u00f3 que el kilo de pan se venda a 170 pesos"},"content":{"rendered":"\n<p class=\"wp-block-paragraph\">La C\u00e1mara de Panaderos de La Pampa pidi\u00f3 que las panader\u00edas de la provincia vendan el kilo de pan a 170 pesos, una suba de 10 pesos en el precio sugerido.<\/p>\n\n\n\n<p class=\"wp-block-paragraph\">\u00abEn nuestra provincia sugerimos un precio de 170 pesos, que si bien no les va a solucionar el problema, por lo menos va a poder seguir funcionando el industrial panadero\u00bb, explic\u00f3 el presidente de la C\u00e1mara de Panaderos, Eduardo Duscher.<\/p>\n\n\n\n<div class=\"wp-block-image is-style-default\"><figure class=\"aligncenter size-medium\"><img loading=\"lazy\" decoding=\"async\" width=\"460\" height=\"307\" src=\"http:\/\/infoecos.com.ar\/wp-content\/uploads\/2021\/11\/pan-460x307.jpg\" alt=\"\" class=\"wp-image-89546\" srcset=\"https:\/\/infoecos.com.ar\/wp-content\/uploads\/2021\/11\/pan-460x307.jpg 460w, https:\/\/infoecos.com.ar\/wp-content\/uploads\/2021\/11\/pan.jpg 612w\" sizes=\"auto, (max-width: 460px) 100vw, 460px\" \/><figcaption>heap of various bread on wooden background<\/figcaption><\/figure><\/div>\n\n\n\n<p class=\"wp-block-paragraph\">Adem\u00e1s, aclar\u00f3 que hay variaciones en el precio del kilo de pan y que depende de la estructura que tenga la panader\u00eda. Dijo que la gran mayor\u00eda de las panader\u00edas de la provincia son empresas familiares y se va poniendo cada vez m\u00e1s dif\u00edcil \u00abpor la inflaci\u00f3n y las ventas clandestinas\u00bb.&nbsp;<\/p>\n\n\n\n<p class=\"wp-block-paragraph\">Duscher coment\u00f3 que el ajuste, antes el precio sugerido era 150 pesos el kilo, se debe al aumento sostenido de los insumos de la industria.<\/p>\n\n\n\n<p class=\"wp-block-paragraph\"><strong>Fuente textual: eldiariodelapampa.com.ar<\/strong><\/p>\n","protected":false},"excerpt":{"rendered":"<p>El presidente de la C\u00e1mara de Panaderos dijo que \u00abse debe al aumento sostenido de los insumos de la industria\u00bb<\/p>\n","protected":false},"author":2,"featured_media":89546,"comment_status":"closed","ping_status":"open","sticky":false,"template":"","format":"standard","meta":{"footnotes":""},"categories":[198],"tags":[5642],"class_list":["post-89545","post","type-post","status-publish","format-standard","has-post-thumbnail","hentry","category-c1nota5","tag-se-sugeria-un-precio-de-150-pesos"],"featured_image_urls":{"full":["https:\/\/infoecos.com.ar\/wp-content\/uploads\/2021\/11\/pan.jpg",612,408,false],"thumbnail":["https:\/\/infoecos.com.ar\/wp-content\/uploads\/2021\/11\/pan-150x150.jpg",150,150,true],"medium":["https:\/\/infoecos.com.ar\/wp-content\/uploads\/2021\/11\/pan-460x307.jpg",460,307,true],"medium_large":["https:\/\/infoecos.com.ar\/wp-content\/uploads\/2021\/11\/pan.jpg",612,408,false],"large":["https:\/\/infoecos.com.ar\/wp-content\/uploads\/2021\/11\/pan.jpg",612,408,false],"1536x1536":["https:\/\/infoecos.com.ar\/wp-content\/uploads\/2021\/11\/pan.jpg",612,408,false],"2048x2048":["https:\/\/infoecos.com.ar\/wp-content\/uploads\/2021\/11\/pan.jpg",612,408,false],"covernews-slider-full":["https:\/\/infoecos.com.ar\/wp-content\/uploads\/2021\/11\/pan.jpg",612,408,false],"covernews-slider-center":["https:\/\/infoecos.com.ar\/wp-content\/uploads\/2021\/11\/pan.jpg",612,408,false],"covernews-featured":["https:\/\/infoecos.com.ar\/wp-content\/uploads\/2021\/11\/pan.jpg",612,408,false],"covernews-medium":["https:\/\/infoecos.com.ar\/wp-content\/uploads\/2021\/11\/pan-612x380.jpg",540,335,true],"covernews-medium-square":["https:\/\/infoecos.com.ar\/wp-content\/uploads\/2021\/11\/pan.jpg",375,250,false]},"author_info":{"info":["Jorge Matheus"]},"category_info":"<a href=\"https:\/\/infoecos.com.ar\/index.php\/category\/c1nota5\/\" rel=\"category tag\">C1 nota 5<\/a>","tag_info":"C1 nota 5","comment_count":"0","_links":{"self":[{"href":"https:\/\/infoecos.com.ar\/index.php\/wp-json\/wp\/v2\/posts\/89545","targetHints":{"allow":["GET"]}}],"collection":[{"href":"https:\/\/infoecos.com.ar\/index.php\/wp-json\/wp\/v2\/posts"}],"about":[{"href":"https:\/\/infoecos.com.ar\/index.php\/wp-json\/wp\/v2\/types\/post"}],"author":[{"embeddable":true,"href":"https:\/\/infoecos.com.ar\/index.php\/wp-json\/wp\/v2\/users\/2"}],"replies":[{"embeddable":true,"href":"https:\/\/infoecos.com.ar\/index.php\/wp-json\/wp\/v2\/comments?post=89545"}],"version-history":[{"count":2,"href":"https:\/\/infoecos.com.ar\/index.php\/wp-json\/wp\/v2\/posts\/89545\/revisions"}],"predecessor-version":[{"id":89562,"href":"https:\/\/infoecos.com.ar\/index.php\/wp-json\/wp\/v2\/posts\/89545\/revisions\/89562"}],"wp:featuredmedia":[{"embeddable":true,"href":"https:\/\/infoecos.com.ar\/index.php\/wp-json\/wp\/v2\/media\/89546"}],"wp:attachment":[{"href":"https:\/\/infoecos.com.ar\/index.php\/wp-json\/wp\/v2\/media?parent=89545"}],"wp:term":[{"taxonomy":"category","embeddable":true,"href":"https:\/\/infoecos.com.ar\/index.php\/wp-json\/wp\/v2\/categories?post=89545"},{"taxonomy":"post_tag","embeddable":true,"href":"https:\/\/infoecos.com.ar\/index.php\/wp-json\/wp\/v2\/tags?post=89545"}],"curies":[{"name":"wp","href":"https:\/\/api.w.org\/{rel}","templated":true}]}}