{"id":89563,"date":"2021-11-24T14:26:56","date_gmt":"2021-11-24T17:26:56","guid":{"rendered":"http:\/\/infoecos.com.ar\/?p=89563"},"modified":"2021-11-24T14:26:57","modified_gmt":"2021-11-24T17:26:57","slug":"se-celebra-hoy-el-dia-del-vino-argentino-como-bebida-nacional","status":"publish","type":"post","link":"https:\/\/infoecos.com.ar\/index.php\/se-celebra-hoy-el-dia-del-vino-argentino-como-bebida-nacional\/","title":{"rendered":"Se celebra hoy el D\u00eda del Vino Argentino como bebida nacional"},"content":{"rendered":"\n<p class=\"wp-block-paragraph\">Este 24 de noviembre, el pa\u00eds celebra el D\u00eda del Vino Argentino como bebida nacional. <\/p>\n\n\n\n<p class=\"wp-block-paragraph\">En 2013 se sancion\u00f3 la Ley N.\u00ba 26.870 que declar\u00f3 al Vino Argentino Bebida Nacional. <\/p>\n\n\n\n<div class=\"wp-block-image is-style-default\"><figure class=\"aligncenter size-medium\"><img loading=\"lazy\" decoding=\"async\" width=\"460\" height=\"307\" src=\"http:\/\/infoecos.com.ar\/wp-content\/uploads\/2021\/11\/vino-460x307.jpg\" alt=\"\" class=\"wp-image-89564\" srcset=\"https:\/\/infoecos.com.ar\/wp-content\/uploads\/2021\/11\/vino-460x307.jpg 460w, https:\/\/infoecos.com.ar\/wp-content\/uploads\/2021\/11\/vino-920x614.jpg 920w, https:\/\/infoecos.com.ar\/wp-content\/uploads\/2021\/11\/vino-768x513.jpg 768w, https:\/\/infoecos.com.ar\/wp-content\/uploads\/2021\/11\/vino-1536x1025.jpg 1536w, https:\/\/infoecos.com.ar\/wp-content\/uploads\/2021\/11\/vino-2048x1367.jpg 2048w, https:\/\/infoecos.com.ar\/wp-content\/uploads\/2021\/11\/vino-1024x684.jpg 1024w, https:\/\/infoecos.com.ar\/wp-content\/uploads\/2021\/11\/vino-675x450.jpg 675w\" sizes=\"auto, (max-width: 460px) 100vw, 460px\" \/><\/figure><\/div>\n\n\n\n<p class=\"wp-block-paragraph\">\u201cA trav\u00e9s de ella se busca difundir las caracter\u00edsticas culturales que implica la producci\u00f3n, elaboraci\u00f3n y consumo del vino y sus tradiciones\u201d, se\u00f1alaron desde el Ejecutivo.<\/p>\n\n\n\n<p class=\"wp-block-paragraph\">Argentina es el \u00fanico pa\u00eds vitivin\u00edcola en el mundo que declar\u00f3 a su vino como bebida nacional.<\/p>\n\n\n\n<p class=\"wp-block-paragraph\">\u00a0\u201cLa Malbec es la cepa m\u00e1s representativa del pa\u00eds ya que encabeza la cantidad de hect\u00e1reas plantadas con esa variedad: m\u00e1s de 43 mil.\u00a0<\/p>\n","protected":false},"excerpt":{"rendered":"<p>Argentina es el \u00fanico pa\u00eds vitivin\u00edcola en el mundo que declar\u00f3 a su vino como bebida nacional<\/p>\n","protected":false},"author":2,"featured_media":89565,"comment_status":"closed","ping_status":"open","sticky":false,"template":"","format":"standard","meta":{"footnotes":""},"categories":[25],"tags":[5644],"class_list":["post-89563","post","type-post","status-publish","format-standard","has-post-thumbnail","hentry","category-c3nota1","tag-declarado-por-ley-en-el-2013"],"featured_image_urls":{"full":["https:\/\/infoecos.com.ar\/wp-content\/uploads\/2021\/11\/vino4.jpg",1170,780,false],"thumbnail":["https:\/\/infoecos.com.ar\/wp-content\/uploads\/2021\/11\/vino4-150x150.jpg",150,150,true],"medium":["https:\/\/infoecos.com.ar\/wp-content\/uploads\/2021\/11\/vino4-460x307.jpg",460,307,true],"medium_large":["https:\/\/infoecos.com.ar\/wp-content\/uploads\/2021\/11\/vino4-768x512.jpg",640,427,true],"large":["https:\/\/infoecos.com.ar\/wp-content\/uploads\/2021\/11\/vino4-920x613.jpg",640,426,true],"1536x1536":["https:\/\/infoecos.com.ar\/wp-content\/uploads\/2021\/11\/vino4.jpg",1170,780,false],"2048x2048":["https:\/\/infoecos.com.ar\/wp-content\/uploads\/2021\/11\/vino4.jpg",1170,780,false],"covernews-slider-full":["https:\/\/infoecos.com.ar\/wp-content\/uploads\/2021\/11\/vino4.jpg",1073,715,false],"covernews-slider-center":["https:\/\/infoecos.com.ar\/wp-content\/uploads\/2021\/11\/vino4-936x780.jpg",600,500,true],"covernews-featured":["https:\/\/infoecos.com.ar\/wp-content\/uploads\/2021\/11\/vino4-1024x683.jpg",1024,683,true],"covernews-medium":["https:\/\/infoecos.com.ar\/wp-content\/uploads\/2021\/11\/vino4-720x380.jpg",540,285,true],"covernews-medium-square":["https:\/\/infoecos.com.ar\/wp-content\/uploads\/2021\/11\/vino4-675x450.jpg",375,250,true]},"author_info":{"info":["Jorge Matheus"]},"category_info":"<a href=\"https:\/\/infoecos.com.ar\/index.php\/category\/c3nota1\/\" rel=\"category tag\">C3 N1<\/a>","tag_info":"C3 N1","comment_count":"0","_links":{"self":[{"href":"https:\/\/infoecos.com.ar\/index.php\/wp-json\/wp\/v2\/posts\/89563","targetHints":{"allow":["GET"]}}],"collection":[{"href":"https:\/\/infoecos.com.ar\/index.php\/wp-json\/wp\/v2\/posts"}],"about":[{"href":"https:\/\/infoecos.com.ar\/index.php\/wp-json\/wp\/v2\/types\/post"}],"author":[{"embeddable":true,"href":"https:\/\/infoecos.com.ar\/index.php\/wp-json\/wp\/v2\/users\/2"}],"replies":[{"embeddable":true,"href":"https:\/\/infoecos.com.ar\/index.php\/wp-json\/wp\/v2\/comments?post=89563"}],"version-history":[{"count":1,"href":"https:\/\/infoecos.com.ar\/index.php\/wp-json\/wp\/v2\/posts\/89563\/revisions"}],"predecessor-version":[{"id":89566,"href":"https:\/\/infoecos.com.ar\/index.php\/wp-json\/wp\/v2\/posts\/89563\/revisions\/89566"}],"wp:featuredmedia":[{"embeddable":true,"href":"https:\/\/infoecos.com.ar\/index.php\/wp-json\/wp\/v2\/media\/89565"}],"wp:attachment":[{"href":"https:\/\/infoecos.com.ar\/index.php\/wp-json\/wp\/v2\/media?parent=89563"}],"wp:term":[{"taxonomy":"category","embeddable":true,"href":"https:\/\/infoecos.com.ar\/index.php\/wp-json\/wp\/v2\/categories?post=89563"},{"taxonomy":"post_tag","embeddable":true,"href":"https:\/\/infoecos.com.ar\/index.php\/wp-json\/wp\/v2\/tags?post=89563"}],"curies":[{"name":"wp","href":"https:\/\/api.w.org\/{rel}","templated":true}]}}