{"id":89580,"date":"2021-11-25T15:46:30","date_gmt":"2021-11-25T18:46:30","guid":{"rendered":"http:\/\/infoecos.com.ar\/?p=89580"},"modified":"2021-11-25T15:46:32","modified_gmt":"2021-11-25T18:46:32","slug":"andres-heim-oriundo-de-mones-cazon-sera-el-titular-del-juzgado-federal-de-pehuajo","status":"publish","type":"post","link":"https:\/\/infoecos.com.ar\/index.php\/andres-heim-oriundo-de-mones-cazon-sera-el-titular-del-juzgado-federal-de-pehuajo\/","title":{"rendered":"Andr\u00e9s Heim, oriundo de Mones Caz\u00f3n, ser\u00e1 el titular del Juzgado Federal de Pehuaj\u00f3"},"content":{"rendered":"\n<p class=\"wp-block-paragraph\"><strong>Andr\u00e9s Heim, oriundo de la localidad de Mones Caz\u00f3n<\/strong>, ser\u00e1 el titular del Juzgado Federal con asiento en la ciudad de Pehuaj\u00f3. <\/p>\n\n\n\n<div class=\"wp-block-image is-style-default\"><figure class=\"aligncenter size-medium\"><img loading=\"lazy\" decoding=\"async\" width=\"460\" height=\"304\" src=\"http:\/\/infoecos.com.ar\/wp-content\/uploads\/2021\/11\/heim-460x304.jpg\" alt=\"\" class=\"wp-image-89581\" srcset=\"https:\/\/infoecos.com.ar\/wp-content\/uploads\/2021\/11\/heim-460x304.jpg 460w, https:\/\/infoecos.com.ar\/wp-content\/uploads\/2021\/11\/heim-920x608.jpg 920w, https:\/\/infoecos.com.ar\/wp-content\/uploads\/2021\/11\/heim-768x507.jpg 768w, https:\/\/infoecos.com.ar\/wp-content\/uploads\/2021\/11\/heim.jpg 972w\" sizes=\"auto, (max-width: 460px) 100vw, 460px\" \/><\/figure><\/div>\n\n\n\n<p class=\"wp-block-paragraph\">Heim se desempe\u00f1a actualmente como Fiscal y entiende en la causa que investiga el crimen de Lucas Gonz\u00e1lez, joven que fue asesinado por la Polic\u00eda de la Ciudad de Buenos Aires.<\/p>\n\n\n\n<p class=\"wp-block-paragraph\">El futuro titular del Juzgado Federal de referencia forma parte de la <strong>Procuradur\u00eda de Violencia Institucional (Procuvin).<\/strong><\/p>\n\n\n\n<p class=\"wp-block-paragraph\">Heim, tambi\u00e9n lleva adelante la investigaci\u00f3n por la desaparici\u00f3n y posterior aparici\u00f3n sin vida de Facundo Castro, hecho sucedido en el sur de la provincia de Buenos Aires.<\/p>\n","protected":false},"excerpt":{"rendered":"<p>Andr\u00e9s Heim, oriundo de la localidad de Mones Caz\u00f3n, ser\u00e1 el titular del Juzgado Federal&#8230;<\/p>\n","protected":false},"author":2,"featured_media":89581,"comment_status":"closed","ping_status":"open","sticky":false,"template":"","format":"standard","meta":{"footnotes":""},"categories":[1613],"tags":[],"class_list":["post-89580","post","type-post","status-publish","format-standard","has-post-thumbnail","hentry","category-noticia-secundaria"],"featured_image_urls":{"full":["https:\/\/infoecos.com.ar\/wp-content\/uploads\/2021\/11\/heim.jpg",972,642,false],"thumbnail":["https:\/\/infoecos.com.ar\/wp-content\/uploads\/2021\/11\/heim-150x150.jpg",150,150,true],"medium":["https:\/\/infoecos.com.ar\/wp-content\/uploads\/2021\/11\/heim-460x304.jpg",460,304,true],"medium_large":["https:\/\/infoecos.com.ar\/wp-content\/uploads\/2021\/11\/heim-768x507.jpg",640,423,true],"large":["https:\/\/infoecos.com.ar\/wp-content\/uploads\/2021\/11\/heim-920x608.jpg",640,423,true],"1536x1536":["https:\/\/infoecos.com.ar\/wp-content\/uploads\/2021\/11\/heim.jpg",972,642,false],"2048x2048":["https:\/\/infoecos.com.ar\/wp-content\/uploads\/2021\/11\/heim.jpg",972,642,false],"covernews-slider-full":["https:\/\/infoecos.com.ar\/wp-content\/uploads\/2021\/11\/heim.jpg",972,642,false],"covernews-slider-center":["https:\/\/infoecos.com.ar\/wp-content\/uploads\/2021\/11\/heim-936x642.jpg",729,500,true],"covernews-featured":["https:\/\/infoecos.com.ar\/wp-content\/uploads\/2021\/11\/heim.jpg",972,642,false],"covernews-medium":["https:\/\/infoecos.com.ar\/wp-content\/uploads\/2021\/11\/heim-720x380.jpg",540,285,true],"covernews-medium-square":["https:\/\/infoecos.com.ar\/wp-content\/uploads\/2021\/11\/heim-675x450.jpg",375,250,true]},"author_info":{"info":["Jorge Matheus"]},"category_info":"<a href=\"https:\/\/infoecos.com.ar\/index.php\/category\/noticia-secundaria\/\" rel=\"category tag\">Noticia Secundaria<\/a>","tag_info":"Noticia Secundaria","comment_count":"0","_links":{"self":[{"href":"https:\/\/infoecos.com.ar\/index.php\/wp-json\/wp\/v2\/posts\/89580","targetHints":{"allow":["GET"]}}],"collection":[{"href":"https:\/\/infoecos.com.ar\/index.php\/wp-json\/wp\/v2\/posts"}],"about":[{"href":"https:\/\/infoecos.com.ar\/index.php\/wp-json\/wp\/v2\/types\/post"}],"author":[{"embeddable":true,"href":"https:\/\/infoecos.com.ar\/index.php\/wp-json\/wp\/v2\/users\/2"}],"replies":[{"embeddable":true,"href":"https:\/\/infoecos.com.ar\/index.php\/wp-json\/wp\/v2\/comments?post=89580"}],"version-history":[{"count":1,"href":"https:\/\/infoecos.com.ar\/index.php\/wp-json\/wp\/v2\/posts\/89580\/revisions"}],"predecessor-version":[{"id":89582,"href":"https:\/\/infoecos.com.ar\/index.php\/wp-json\/wp\/v2\/posts\/89580\/revisions\/89582"}],"wp:featuredmedia":[{"embeddable":true,"href":"https:\/\/infoecos.com.ar\/index.php\/wp-json\/wp\/v2\/media\/89581"}],"wp:attachment":[{"href":"https:\/\/infoecos.com.ar\/index.php\/wp-json\/wp\/v2\/media?parent=89580"}],"wp:term":[{"taxonomy":"category","embeddable":true,"href":"https:\/\/infoecos.com.ar\/index.php\/wp-json\/wp\/v2\/categories?post=89580"},{"taxonomy":"post_tag","embeddable":true,"href":"https:\/\/infoecos.com.ar\/index.php\/wp-json\/wp\/v2\/tags?post=89580"}],"curies":[{"name":"wp","href":"https:\/\/api.w.org\/{rel}","templated":true}]}}