{"id":89644,"date":"2021-12-11T12:39:13","date_gmt":"2021-12-11T15:39:13","guid":{"rendered":"http:\/\/infoecos.com.ar\/?p=89644"},"modified":"2021-12-11T12:39:14","modified_gmt":"2021-12-11T15:39:14","slug":"15-casos-activos-de-covid-19-se-reportaron-este-sabado-en-trenque-lauquen","status":"publish","type":"post","link":"https:\/\/infoecos.com.ar\/index.php\/15-casos-activos-de-covid-19-se-reportaron-este-sabado-en-trenque-lauquen\/","title":{"rendered":"15 casos activos de COVID-19 se reportaron este s\u00e1bado en Trenque Lauquen"},"content":{"rendered":"\n<p class=\"wp-block-paragraph\">Un (1) caso confirmado de Covid-19 en el distrito, 49 casos descartados, 36 personas en aislamiento y 19 casos sospechosos a la espera del resultado de las muestras fueron reportados este s\u00e1bado por la subsecretar\u00eda de Salud municipal de Trenque Lauquen, siendo ahora 15 los casos activos.<\/p>\n\n\n\n<p class=\"wp-block-paragraph\">El nuevo caso positivo es de Trenque Lauquen y fue diagnosticado por hisopado. De este modo, de los 15 casos activos, 12 corresponden a la ciudad cabecera, dos (2) a Treinta de Agosto y uno (1) a Beruti: 14 permanecen en sus domicilios y uno (1) est\u00e1 internado en el Hospital municipal.<\/p>\n\n\n\n<div class=\"wp-block-image is-style-default\"><figure class=\"aligncenter size-medium\"><img loading=\"lazy\" decoding=\"async\" width=\"460\" height=\"434\" src=\"http:\/\/infoecos.com.ar\/wp-content\/uploads\/2021\/12\/reportesabado21-460x434.jpg\" alt=\"\" class=\"wp-image-89645\" srcset=\"https:\/\/infoecos.com.ar\/wp-content\/uploads\/2021\/12\/reportesabado21-460x434.jpg 460w, https:\/\/infoecos.com.ar\/wp-content\/uploads\/2021\/12\/reportesabado21-768x725.jpg 768w, https:\/\/infoecos.com.ar\/wp-content\/uploads\/2021\/12\/reportesabado21.jpg 800w\" sizes=\"auto, (max-width: 460px) 100vw, 460px\" \/><\/figure><\/div>\n\n\n\n<p class=\"wp-block-paragraph\">Los casos descartados suman 25.581 desde marzo del a\u00f1o pasado, cuando comenz\u00f3 la pandemia, hasta este s\u00e1bado, incluidos los 49 de las \u00faltimas 24 horas: 43 de Trenque Lauquen, cinco (5) de Treinta de Agosto y uno (1) de Girod\u00edas.<\/p>\n\n\n\n<p class=\"wp-block-paragraph\">Entre los 19 casos sospechosos, 15 pertenecen a Trenque Lauquen y cuatro (4) a Treinta de Agosto, mientras que de las 36 personas en aislamiento, 27 son de la ciudad cabecera y nueve (9) de Treinta de Agosto.<\/p>\n\n\n\n<p class=\"wp-block-paragraph\">Despu\u00e9s de semanas sin casos confirmados, desde hace ocho d\u00edas en forma consecutiva se vienen registrando nuevos casos positivos, circunstancia que pod\u00eda preverse que iba a ocurrir pero de todos modos no deja de ser un llamado de atenci\u00f3n, por eso la cartera sanitaria municipal reitera la importancia de vacunarse y la necesidad de respetar los cuidados preventivos b\u00e1sicos y no relajarse para mantener una situaci\u00f3n epidemiol\u00f3gica en el distrito que permita disfrutar de flexibilidades y posibilidades de desarrollar actividades que hasta hace un tiempo estuvieron vedadas.<\/p>\n\n\n\n<p class=\"wp-block-paragraph\">Asimismo recuerda que la r\u00e1pida detecci\u00f3n de un caso positivo -y el posterior aislamiento correspondiente-, sigue siendo una de las herramientas determinantes para impedir la propagaci\u00f3n del virus. Y solicita que de confirmarse un caso, la persona informe de manera inmediata sus contactos para adoptar los recaudos previstos.<\/p>\n\n\n\n<p class=\"wp-block-paragraph\">El \u00e1rea de Epidemiolog\u00eda del Hospital Orellana destaca la continuidad en la concurrencia de vecinas y vecinos que a diario y de manera voluntaria sacan turno o se acercan en forma espont\u00e1nea hasta el Centro Municipal de Testeo para hisoparse, y alienta a mantener esa actitud ante la aparici\u00f3n de alguno de los s\u00edntomas descriptos en el cuadro de probables casos de Covid-19.<\/p>\n","protected":false},"excerpt":{"rendered":"<p>El nuevo caso positivo es de Trenque Lauquen y fue diagnosticado por hisopado. De este modo, de los 15 casos activos, 12 corresponden a la ciudad cabecera, dos (2) a Treinta de Agosto y uno (1) a Beruti: 14 permanecen en sus domicilios y uno (1) est\u00e1 internado en el Hospital municipal<\/p>\n","protected":false},"author":2,"featured_media":48389,"comment_status":"closed","ping_status":"open","sticky":false,"template":"","format":"standard","meta":{"footnotes":""},"categories":[1613],"tags":[],"class_list":["post-89644","post","type-post","status-publish","format-standard","has-post-thumbnail","hentry","category-noticia-secundaria"],"featured_image_urls":{"full":"","thumbnail":"","medium":"","medium_large":"","large":"","1536x1536":"","2048x2048":"","covernews-slider-full":"","covernews-slider-center":"","covernews-featured":"","covernews-medium":"","covernews-medium-square":""},"author_info":{"info":["Jorge Matheus"]},"category_info":"<a href=\"https:\/\/infoecos.com.ar\/index.php\/category\/noticia-secundaria\/\" rel=\"category tag\">Noticia Secundaria<\/a>","tag_info":"Noticia Secundaria","comment_count":"0","_links":{"self":[{"href":"https:\/\/infoecos.com.ar\/index.php\/wp-json\/wp\/v2\/posts\/89644","targetHints":{"allow":["GET"]}}],"collection":[{"href":"https:\/\/infoecos.com.ar\/index.php\/wp-json\/wp\/v2\/posts"}],"about":[{"href":"https:\/\/infoecos.com.ar\/index.php\/wp-json\/wp\/v2\/types\/post"}],"author":[{"embeddable":true,"href":"https:\/\/infoecos.com.ar\/index.php\/wp-json\/wp\/v2\/users\/2"}],"replies":[{"embeddable":true,"href":"https:\/\/infoecos.com.ar\/index.php\/wp-json\/wp\/v2\/comments?post=89644"}],"version-history":[{"count":1,"href":"https:\/\/infoecos.com.ar\/index.php\/wp-json\/wp\/v2\/posts\/89644\/revisions"}],"predecessor-version":[{"id":89646,"href":"https:\/\/infoecos.com.ar\/index.php\/wp-json\/wp\/v2\/posts\/89644\/revisions\/89646"}],"wp:attachment":[{"href":"https:\/\/infoecos.com.ar\/index.php\/wp-json\/wp\/v2\/media?parent=89644"}],"wp:term":[{"taxonomy":"category","embeddable":true,"href":"https:\/\/infoecos.com.ar\/index.php\/wp-json\/wp\/v2\/categories?post=89644"},{"taxonomy":"post_tag","embeddable":true,"href":"https:\/\/infoecos.com.ar\/index.php\/wp-json\/wp\/v2\/tags?post=89644"}],"curies":[{"name":"wp","href":"https:\/\/api.w.org\/{rel}","templated":true}]}}