{"id":89676,"date":"2021-12-11T13:17:08","date_gmt":"2021-12-11T16:17:08","guid":{"rendered":"http:\/\/infoecos.com.ar\/?p=89676"},"modified":"2021-12-11T13:17:09","modified_gmt":"2021-12-11T16:17:09","slug":"le-caparon-un-toro-a-productor-de-la-zona-de-adolfo-gonzalez-chaves","status":"publish","type":"post","link":"https:\/\/infoecos.com.ar\/index.php\/le-caparon-un-toro-a-productor-de-la-zona-de-adolfo-gonzalez-chaves\/","title":{"rendered":"Le caparon un toro a productor de la zona de Adolfo Gonz\u00e1lez Chaves"},"content":{"rendered":"\n<p>D\u00edas pasados se registr\u00f3 un hecho inusual en la zona rural de Adolfo Gonzales Chaves, provincia de Buenos Aires, cuando un toro se pas\u00f3 de un campo a otro y lo devolvieron con los test\u00edculos seccionados y signos de haber sido maltratado mediante golpes.<\/p>\n\n\n\n<div class=\"wp-block-image is-style-default\"><figure class=\"aligncenter size-medium\"><img loading=\"lazy\" decoding=\"async\" width=\"460\" height=\"345\" src=\"http:\/\/infoecos.com.ar\/wp-content\/uploads\/2021\/12\/toro-460x345.jpg\" alt=\"\" class=\"wp-image-89677\" srcset=\"https:\/\/infoecos.com.ar\/wp-content\/uploads\/2021\/12\/toro-460x345.jpg 460w, https:\/\/infoecos.com.ar\/wp-content\/uploads\/2021\/12\/toro.jpg 600w\" sizes=\"(max-width: 460px) 100vw, 460px\" \/><\/figure><\/div>\n\n\n\n<p>A ra\u00edz de este episodio, se realizaron dos allanamientos en las \u00faltimas horas en distintos campos de De La Garma, donde se incaut\u00f3 un tel\u00e9fono celular que est\u00e1 previsto que sea peritado por los investigadores.<\/p>\n\n\n\n<p>Seg\u00fan informaron de manera oficial miembros del CPR chavense, el propietario del vacuno realiz\u00f3 la denuncia en esa sede policial y se inici\u00f3 una causa penal por \u201cda\u00f1o y actos de crueldad contra los animales\u201d, con intervenci\u00f3n de la Ayudant\u00eda Fiscal local a cargo del Agente Fiscal Juan Carlos Ustarroz.<\/p>\n\n\n\n<div class=\"wp-block-image is-style-default\"><figure class=\"aligncenter size-medium\"><img loading=\"lazy\" decoding=\"async\" width=\"460\" height=\"259\" src=\"http:\/\/infoecos.com.ar\/wp-content\/uploads\/2021\/12\/policialmovil-460x259.jpg\" alt=\"\" class=\"wp-image-89678\" srcset=\"https:\/\/infoecos.com.ar\/wp-content\/uploads\/2021\/12\/policialmovil-460x259.jpg 460w, https:\/\/infoecos.com.ar\/wp-content\/uploads\/2021\/12\/policialmovil-920x517.jpg 920w, https:\/\/infoecos.com.ar\/wp-content\/uploads\/2021\/12\/policialmovil-768x432.jpg 768w, https:\/\/infoecos.com.ar\/wp-content\/uploads\/2021\/12\/policialmovil.jpg 948w\" sizes=\"(max-width: 460px) 100vw, 460px\" \/><\/figure><\/div>\n\n\n\n<p>Tras una r\u00e1pida investigaci\u00f3n, se logr\u00f3 identificar a los posibles autores del mismo.<\/p>\n\n\n\n<p>Fuente: https:\/\/ruralnet.com.ar<\/p>\n\n\n\n<p><\/p>\n\n\n\n<p><\/p>\n","protected":false},"excerpt":{"rendered":"<p>Tras una r\u00e1pida investigaci\u00f3n, se logr\u00f3 identificar a los posibles autores del seccionamiento<\/p>\n","protected":false},"author":2,"featured_media":89677,"comment_status":"closed","ping_status":"open","sticky":false,"template":"","format":"standard","meta":{"footnotes":""},"categories":[46],"tags":[5654],"class_list":["post-89676","post","type-post","status-publish","format-standard","has-post-thumbnail","hentry","category-c2nota2","tag-cuesta-creerlo"],"yoast_head":"<!-- This site is optimized with the Yoast SEO plugin v23.4 - https:\/\/yoast.com\/wordpress\/plugins\/seo\/ -->\n<title>Le caparon un toro a productor de la zona de Adolfo Gonz\u00e1lez Chaves - Infoecos<\/title>\n<meta name=\"robots\" content=\"index, follow, max-snippet:-1, max-image-preview:large, max-video-preview:-1\" \/>\n<link rel=\"canonical\" href=\"https:\/\/infoecos.com.ar\/index.php\/le-caparon-un-toro-a-productor-de-la-zona-de-adolfo-gonzalez-chaves\/\" \/>\n<meta property=\"og:locale\" content=\"es_ES\" \/>\n<meta property=\"og:type\" content=\"article\" \/>\n<meta property=\"og:title\" content=\"Le caparon un toro a productor de la zona de Adolfo Gonz\u00e1lez Chaves - Infoecos\" \/>\n<meta property=\"og:description\" content=\"Tras una r\u00e1pida investigaci\u00f3n, se logr\u00f3 identificar a los posibles autores del seccionamiento\" \/>\n<meta property=\"og:url\" content=\"https:\/\/infoecos.com.ar\/index.php\/le-caparon-un-toro-a-productor-de-la-zona-de-adolfo-gonzalez-chaves\/\" \/>\n<meta property=\"og:site_name\" content=\"Infoecos\" \/>\n<meta property=\"article:publisher\" content=\"https:\/\/www.facebook.com\/profile.php?id=100063200290284\" \/>\n<meta property=\"article:published_time\" content=\"2021-12-11T16:17:08+00:00\" \/>\n<meta property=\"article:modified_time\" content=\"2021-12-11T16:17:09+00:00\" \/>\n<meta property=\"og:image\" content=\"https:\/\/infoecos.com.ar\/wp-content\/uploads\/2021\/12\/toro.jpg\" \/>\n\t<meta property=\"og:image:width\" content=\"600\" \/>\n\t<meta property=\"og:image:height\" content=\"450\" \/>\n\t<meta property=\"og:image:type\" content=\"image\/jpeg\" \/>\n<meta name=\"author\" content=\"Jorge Matheus\" \/>\n<meta name=\"twitter:card\" content=\"summary_large_image\" \/>\n<meta name=\"twitter:creator\" content=\"@infoecos\" \/>\n<meta name=\"twitter:site\" content=\"@infoecos\" \/>\n<meta name=\"twitter:label1\" content=\"Escrito por\" \/>\n\t<meta name=\"twitter:data1\" content=\"Jorge Matheus\" \/>\n\t<meta name=\"twitter:label2\" content=\"Tiempo de lectura\" \/>\n\t<meta name=\"twitter:data2\" content=\"1 minuto\" \/>\n<script type=\"application\/ld+json\" class=\"yoast-schema-graph\">{\"@context\":\"https:\/\/schema.org\",\"@graph\":[{\"@type\":\"Article\",\"@id\":\"https:\/\/infoecos.com.ar\/index.php\/le-caparon-un-toro-a-productor-de-la-zona-de-adolfo-gonzalez-chaves\/#article\",\"isPartOf\":{\"@id\":\"https:\/\/infoecos.com.ar\/index.php\/le-caparon-un-toro-a-productor-de-la-zona-de-adolfo-gonzalez-chaves\/\"},\"author\":{\"name\":\"Jorge Matheus\",\"@id\":\"https:\/\/infoecos.com.ar\/#\/schema\/person\/8f5ace5ce73b4b4aac4b7245aee6f191\"},\"headline\":\"Le caparon un toro a productor de la zona de Adolfo Gonz\u00e1lez Chaves\",\"datePublished\":\"2021-12-11T16:17:08+00:00\",\"dateModified\":\"2021-12-11T16:17:09+00:00\",\"mainEntityOfPage\":{\"@id\":\"https:\/\/infoecos.com.ar\/index.php\/le-caparon-un-toro-a-productor-de-la-zona-de-adolfo-gonzalez-chaves\/\"},\"wordCount\":171,\"publisher\":{\"@id\":\"https:\/\/infoecos.com.ar\/#organization\"},\"image\":{\"@id\":\"https:\/\/infoecos.com.ar\/index.php\/le-caparon-un-toro-a-productor-de-la-zona-de-adolfo-gonzalez-chaves\/#primaryimage\"},\"thumbnailUrl\":\"https:\/\/infoecos.com.ar\/wp-content\/uploads\/2021\/12\/toro.jpg\",\"keywords\":[\"cuesta creerlo\"],\"articleSection\":[\"C2 N2\"],\"inLanguage\":\"es\"},{\"@type\":\"WebPage\",\"@id\":\"https:\/\/infoecos.com.ar\/index.php\/le-caparon-un-toro-a-productor-de-la-zona-de-adolfo-gonzalez-chaves\/\",\"url\":\"https:\/\/infoecos.com.ar\/index.php\/le-caparon-un-toro-a-productor-de-la-zona-de-adolfo-gonzalez-chaves\/\",\"name\":\"Le caparon un toro a productor de la zona de Adolfo Gonz\u00e1lez Chaves - Infoecos\",\"isPartOf\":{\"@id\":\"https:\/\/infoecos.com.ar\/#website\"},\"primaryImageOfPage\":{\"@id\":\"https:\/\/infoecos.com.ar\/index.php\/le-caparon-un-toro-a-productor-de-la-zona-de-adolfo-gonzalez-chaves\/#primaryimage\"},\"image\":{\"@id\":\"https:\/\/infoecos.com.ar\/index.php\/le-caparon-un-toro-a-productor-de-la-zona-de-adolfo-gonzalez-chaves\/#primaryimage\"},\"thumbnailUrl\":\"https:\/\/infoecos.com.ar\/wp-content\/uploads\/2021\/12\/toro.jpg\",\"datePublished\":\"2021-12-11T16:17:08+00:00\",\"dateModified\":\"2021-12-11T16:17:09+00:00\",\"breadcrumb\":{\"@id\":\"https:\/\/infoecos.com.ar\/index.php\/le-caparon-un-toro-a-productor-de-la-zona-de-adolfo-gonzalez-chaves\/#breadcrumb\"},\"inLanguage\":\"es\",\"potentialAction\":[{\"@type\":\"ReadAction\",\"target\":[\"https:\/\/infoecos.com.ar\/index.php\/le-caparon-un-toro-a-productor-de-la-zona-de-adolfo-gonzalez-chaves\/\"]}]},{\"@type\":\"ImageObject\",\"inLanguage\":\"es\",\"@id\":\"https:\/\/infoecos.com.ar\/index.php\/le-caparon-un-toro-a-productor-de-la-zona-de-adolfo-gonzalez-chaves\/#primaryimage\",\"url\":\"https:\/\/infoecos.com.ar\/wp-content\/uploads\/2021\/12\/toro.jpg\",\"contentUrl\":\"https:\/\/infoecos.com.ar\/wp-content\/uploads\/2021\/12\/toro.jpg\",\"width\":600,\"height\":450},{\"@type\":\"BreadcrumbList\",\"@id\":\"https:\/\/infoecos.com.ar\/index.php\/le-caparon-un-toro-a-productor-de-la-zona-de-adolfo-gonzalez-chaves\/#breadcrumb\",\"itemListElement\":[{\"@type\":\"ListItem\",\"position\":1,\"name\":\"Portada\",\"item\":\"https:\/\/infoecos.com.ar\/\"},{\"@type\":\"ListItem\",\"position\":2,\"name\":\"Le caparon un toro a productor de la zona de Adolfo Gonz\u00e1lez Chaves\"}]},{\"@type\":\"WebSite\",\"@id\":\"https:\/\/infoecos.com.ar\/#website\",\"url\":\"https:\/\/infoecos.com.ar\/\",\"name\":\"Infoecos\",\"description\":\"Noticias de trenque lauquen y la zona\",\"publisher\":{\"@id\":\"https:\/\/infoecos.com.ar\/#organization\"},\"alternateName\":\"Noticias\",\"potentialAction\":[{\"@type\":\"SearchAction\",\"target\":{\"@type\":\"EntryPoint\",\"urlTemplate\":\"https:\/\/infoecos.com.ar\/?s={search_term_string}\"},\"query-input\":{\"@type\":\"PropertyValueSpecification\",\"valueRequired\":true,\"valueName\":\"search_term_string\"}}],\"inLanguage\":\"es\"},{\"@type\":\"Organization\",\"@id\":\"https:\/\/infoecos.com.ar\/#organization\",\"name\":\"Infoecos\",\"alternateName\":\"Noticias\",\"url\":\"https:\/\/infoecos.com.ar\/\",\"logo\":{\"@type\":\"ImageObject\",\"inLanguage\":\"es\",\"@id\":\"https:\/\/infoecos.com.ar\/#\/schema\/logo\/image\/\",\"url\":\"https:\/\/infoecos.com.ar\/wp-content\/uploads\/2024\/03\/cropped-logo.png\",\"contentUrl\":\"https:\/\/infoecos.com.ar\/wp-content\/uploads\/2024\/03\/cropped-logo.png\",\"width\":374,\"height\":90,\"caption\":\"Infoecos\"},\"image\":{\"@id\":\"https:\/\/infoecos.com.ar\/#\/schema\/logo\/image\/\"},\"sameAs\":[\"https:\/\/www.facebook.com\/profile.php?id=100063200290284\",\"https:\/\/x.com\/infoecos\"]},{\"@type\":\"Person\",\"@id\":\"https:\/\/infoecos.com.ar\/#\/schema\/person\/8f5ace5ce73b4b4aac4b7245aee6f191\",\"name\":\"Jorge Matheus\",\"url\":\"https:\/\/infoecos.com.ar\/index.php\/author\/jomatheus\/\"}]}<\/script>\n<!-- \/ Yoast SEO plugin. -->","yoast_head_json":{"title":"Le caparon un toro a productor de la zona de Adolfo Gonz\u00e1lez Chaves - Infoecos","robots":{"index":"index","follow":"follow","max-snippet":"max-snippet:-1","max-image-preview":"max-image-preview:large","max-video-preview":"max-video-preview:-1"},"canonical":"https:\/\/infoecos.com.ar\/index.php\/le-caparon-un-toro-a-productor-de-la-zona-de-adolfo-gonzalez-chaves\/","og_locale":"es_ES","og_type":"article","og_title":"Le caparon un toro a productor de la zona de Adolfo Gonz\u00e1lez Chaves - Infoecos","og_description":"Tras una r\u00e1pida investigaci\u00f3n, se logr\u00f3 identificar a los posibles autores del seccionamiento","og_url":"https:\/\/infoecos.com.ar\/index.php\/le-caparon-un-toro-a-productor-de-la-zona-de-adolfo-gonzalez-chaves\/","og_site_name":"Infoecos","article_publisher":"https:\/\/www.facebook.com\/profile.php?id=100063200290284","article_published_time":"2021-12-11T16:17:08+00:00","article_modified_time":"2021-12-11T16:17:09+00:00","og_image":[{"width":600,"height":450,"url":"https:\/\/infoecos.com.ar\/wp-content\/uploads\/2021\/12\/toro.jpg","type":"image\/jpeg"}],"author":"Jorge Matheus","twitter_card":"summary_large_image","twitter_creator":"@infoecos","twitter_site":"@infoecos","twitter_misc":{"Escrito por":"Jorge Matheus","Tiempo de lectura":"1 minuto"},"schema":{"@context":"https:\/\/schema.org","@graph":[{"@type":"Article","@id":"https:\/\/infoecos.com.ar\/index.php\/le-caparon-un-toro-a-productor-de-la-zona-de-adolfo-gonzalez-chaves\/#article","isPartOf":{"@id":"https:\/\/infoecos.com.ar\/index.php\/le-caparon-un-toro-a-productor-de-la-zona-de-adolfo-gonzalez-chaves\/"},"author":{"name":"Jorge Matheus","@id":"https:\/\/infoecos.com.ar\/#\/schema\/person\/8f5ace5ce73b4b4aac4b7245aee6f191"},"headline":"Le caparon un toro a productor de la zona de Adolfo Gonz\u00e1lez Chaves","datePublished":"2021-12-11T16:17:08+00:00","dateModified":"2021-12-11T16:17:09+00:00","mainEntityOfPage":{"@id":"https:\/\/infoecos.com.ar\/index.php\/le-caparon-un-toro-a-productor-de-la-zona-de-adolfo-gonzalez-chaves\/"},"wordCount":171,"publisher":{"@id":"https:\/\/infoecos.com.ar\/#organization"},"image":{"@id":"https:\/\/infoecos.com.ar\/index.php\/le-caparon-un-toro-a-productor-de-la-zona-de-adolfo-gonzalez-chaves\/#primaryimage"},"thumbnailUrl":"https:\/\/infoecos.com.ar\/wp-content\/uploads\/2021\/12\/toro.jpg","keywords":["cuesta creerlo"],"articleSection":["C2 N2"],"inLanguage":"es"},{"@type":"WebPage","@id":"https:\/\/infoecos.com.ar\/index.php\/le-caparon-un-toro-a-productor-de-la-zona-de-adolfo-gonzalez-chaves\/","url":"https:\/\/infoecos.com.ar\/index.php\/le-caparon-un-toro-a-productor-de-la-zona-de-adolfo-gonzalez-chaves\/","name":"Le caparon un toro a productor de la zona de Adolfo Gonz\u00e1lez Chaves - Infoecos","isPartOf":{"@id":"https:\/\/infoecos.com.ar\/#website"},"primaryImageOfPage":{"@id":"https:\/\/infoecos.com.ar\/index.php\/le-caparon-un-toro-a-productor-de-la-zona-de-adolfo-gonzalez-chaves\/#primaryimage"},"image":{"@id":"https:\/\/infoecos.com.ar\/index.php\/le-caparon-un-toro-a-productor-de-la-zona-de-adolfo-gonzalez-chaves\/#primaryimage"},"thumbnailUrl":"https:\/\/infoecos.com.ar\/wp-content\/uploads\/2021\/12\/toro.jpg","datePublished":"2021-12-11T16:17:08+00:00","dateModified":"2021-12-11T16:17:09+00:00","breadcrumb":{"@id":"https:\/\/infoecos.com.ar\/index.php\/le-caparon-un-toro-a-productor-de-la-zona-de-adolfo-gonzalez-chaves\/#breadcrumb"},"inLanguage":"es","potentialAction":[{"@type":"ReadAction","target":["https:\/\/infoecos.com.ar\/index.php\/le-caparon-un-toro-a-productor-de-la-zona-de-adolfo-gonzalez-chaves\/"]}]},{"@type":"ImageObject","inLanguage":"es","@id":"https:\/\/infoecos.com.ar\/index.php\/le-caparon-un-toro-a-productor-de-la-zona-de-adolfo-gonzalez-chaves\/#primaryimage","url":"https:\/\/infoecos.com.ar\/wp-content\/uploads\/2021\/12\/toro.jpg","contentUrl":"https:\/\/infoecos.com.ar\/wp-content\/uploads\/2021\/12\/toro.jpg","width":600,"height":450},{"@type":"BreadcrumbList","@id":"https:\/\/infoecos.com.ar\/index.php\/le-caparon-un-toro-a-productor-de-la-zona-de-adolfo-gonzalez-chaves\/#breadcrumb","itemListElement":[{"@type":"ListItem","position":1,"name":"Portada","item":"https:\/\/infoecos.com.ar\/"},{"@type":"ListItem","position":2,"name":"Le caparon un toro a productor de la zona de Adolfo Gonz\u00e1lez Chaves"}]},{"@type":"WebSite","@id":"https:\/\/infoecos.com.ar\/#website","url":"https:\/\/infoecos.com.ar\/","name":"Infoecos","description":"Noticias de trenque lauquen y la zona","publisher":{"@id":"https:\/\/infoecos.com.ar\/#organization"},"alternateName":"Noticias","potentialAction":[{"@type":"SearchAction","target":{"@type":"EntryPoint","urlTemplate":"https:\/\/infoecos.com.ar\/?s={search_term_string}"},"query-input":{"@type":"PropertyValueSpecification","valueRequired":true,"valueName":"search_term_string"}}],"inLanguage":"es"},{"@type":"Organization","@id":"https:\/\/infoecos.com.ar\/#organization","name":"Infoecos","alternateName":"Noticias","url":"https:\/\/infoecos.com.ar\/","logo":{"@type":"ImageObject","inLanguage":"es","@id":"https:\/\/infoecos.com.ar\/#\/schema\/logo\/image\/","url":"https:\/\/infoecos.com.ar\/wp-content\/uploads\/2024\/03\/cropped-logo.png","contentUrl":"https:\/\/infoecos.com.ar\/wp-content\/uploads\/2024\/03\/cropped-logo.png","width":374,"height":90,"caption":"Infoecos"},"image":{"@id":"https:\/\/infoecos.com.ar\/#\/schema\/logo\/image\/"},"sameAs":["https:\/\/www.facebook.com\/profile.php?id=100063200290284","https:\/\/x.com\/infoecos"]},{"@type":"Person","@id":"https:\/\/infoecos.com.ar\/#\/schema\/person\/8f5ace5ce73b4b4aac4b7245aee6f191","name":"Jorge Matheus","url":"https:\/\/infoecos.com.ar\/index.php\/author\/jomatheus\/"}]}},"featured_image_urls":{"full":["https:\/\/infoecos.com.ar\/wp-content\/uploads\/2021\/12\/toro.jpg",600,450,false],"thumbnail":["https:\/\/infoecos.com.ar\/wp-content\/uploads\/2021\/12\/toro-150x150.jpg",150,150,true],"medium":["https:\/\/infoecos.com.ar\/wp-content\/uploads\/2021\/12\/toro-460x345.jpg",460,345,true],"medium_large":["https:\/\/infoecos.com.ar\/wp-content\/uploads\/2021\/12\/toro.jpg",600,450,false],"large":["https:\/\/infoecos.com.ar\/wp-content\/uploads\/2021\/12\/toro.jpg",600,450,false],"1536x1536":["https:\/\/infoecos.com.ar\/wp-content\/uploads\/2021\/12\/toro.jpg",600,450,false],"2048x2048":["https:\/\/infoecos.com.ar\/wp-content\/uploads\/2021\/12\/toro.jpg",600,450,false],"covernews-slider-full":["https:\/\/infoecos.com.ar\/wp-content\/uploads\/2021\/12\/toro.jpg",600,450,false],"covernews-slider-center":["https:\/\/infoecos.com.ar\/wp-content\/uploads\/2021\/12\/toro.jpg",600,450,false],"covernews-featured":["https:\/\/infoecos.com.ar\/wp-content\/uploads\/2021\/12\/toro.jpg",600,450,false],"covernews-medium":["https:\/\/infoecos.com.ar\/wp-content\/uploads\/2021\/12\/toro-600x380.jpg",537,340,true],"covernews-medium-square":["https:\/\/infoecos.com.ar\/wp-content\/uploads\/2021\/12\/toro.jpg",333,250,false]},"author_info":{"info":["Jorge Matheus"]},"category_info":"<a href=\"https:\/\/infoecos.com.ar\/index.php\/category\/c2nota2\/\" rel=\"category tag\">C2 N2<\/a>","tag_info":"C2 N2","comment_count":"0","_links":{"self":[{"href":"https:\/\/infoecos.com.ar\/index.php\/wp-json\/wp\/v2\/posts\/89676"}],"collection":[{"href":"https:\/\/infoecos.com.ar\/index.php\/wp-json\/wp\/v2\/posts"}],"about":[{"href":"https:\/\/infoecos.com.ar\/index.php\/wp-json\/wp\/v2\/types\/post"}],"author":[{"embeddable":true,"href":"https:\/\/infoecos.com.ar\/index.php\/wp-json\/wp\/v2\/users\/2"}],"replies":[{"embeddable":true,"href":"https:\/\/infoecos.com.ar\/index.php\/wp-json\/wp\/v2\/comments?post=89676"}],"version-history":[{"count":1,"href":"https:\/\/infoecos.com.ar\/index.php\/wp-json\/wp\/v2\/posts\/89676\/revisions"}],"predecessor-version":[{"id":89679,"href":"https:\/\/infoecos.com.ar\/index.php\/wp-json\/wp\/v2\/posts\/89676\/revisions\/89679"}],"wp:featuredmedia":[{"embeddable":true,"href":"https:\/\/infoecos.com.ar\/index.php\/wp-json\/wp\/v2\/media\/89677"}],"wp:attachment":[{"href":"https:\/\/infoecos.com.ar\/index.php\/wp-json\/wp\/v2\/media?parent=89676"}],"wp:term":[{"taxonomy":"category","embeddable":true,"href":"https:\/\/infoecos.com.ar\/index.php\/wp-json\/wp\/v2\/categories?post=89676"},{"taxonomy":"post_tag","embeddable":true,"href":"https:\/\/infoecos.com.ar\/index.php\/wp-json\/wp\/v2\/tags?post=89676"}],"curies":[{"name":"wp","href":"https:\/\/api.w.org\/{rel}","templated":true}]}}