{"id":89680,"date":"2021-12-11T13:28:06","date_gmt":"2021-12-11T16:28:06","guid":{"rendered":"http:\/\/infoecos.com.ar\/?p=89680"},"modified":"2021-12-11T13:28:07","modified_gmt":"2021-12-11T16:28:07","slug":"postergan-para-el-domingo-los-actos-por-el-35-aniversario-de-la-autonomia-de-tres-lomas","status":"publish","type":"post","link":"https:\/\/infoecos.com.ar\/index.php\/postergan-para-el-domingo-los-actos-por-el-35-aniversario-de-la-autonomia-de-tres-lomas\/","title":{"rendered":"Postergan para el domingo los actos por el 35\u00b0 aniversario de la autonom\u00eda de Tres Lomas"},"content":{"rendered":"\n<p class=\"wp-block-paragraph\">Se postergaron para este domingo los actos por el Trig\u00e9simo Quinto Aniversario de la Autonom\u00eda del distrito de Tres Lomas. Se indic\u00f3 desde el municipio que se tom\u00f3 esta decisi\u00f3n a ra\u00edz de que se anuncian malas condiciones clim\u00e1ticas para esta noche en esa zona. <\/p>\n\n\n\n<div class=\"wp-block-image is-style-default\"><figure class=\"aligncenter size-medium\"><img decoding=\"async\" src=\"http:\/\/infoecos.com.ar\/wp-content\/uploads\/treslomas-1-460x239.jpg\" alt=\"\" class=\"wp-image-54834\"\/><figcaption>Tres Lomas &#8211; Acceso<\/figcaption><\/figure><\/div>\n\n\n\n<p class=\"wp-block-paragraph\">Est\u00e1 programada la denominaci\u00f3n con el nombre \u00abProfesora Graciela Feito\u00bb al escenario del anfiteatro, la segunda edici\u00f3n de la feria Emprender, patio de comidas y un sector de juegos. <\/p>\n\n\n\n<p class=\"wp-block-paragraph\">Habr\u00e1 un espect\u00e1culo art\u00edstico con la participaci\u00f3n de artistas treslomenses, el Fog\u00f3n de la Amistad y la presentaci\u00f3n del grupo Sauda. <\/p>\n\n\n\n<p class=\"wp-block-paragraph\"><\/p>\n","protected":false},"excerpt":{"rendered":"<p>Habr\u00e1 un espect\u00e1culo art\u00edstico con la participaci\u00f3n de artistas treslomenses, el Fog\u00f3n de la Amistad y la presentaci\u00f3n del grupo Sauda<\/p>\n","protected":false},"author":2,"featured_media":54834,"comment_status":"closed","ping_status":"open","sticky":false,"template":"","format":"standard","meta":{"footnotes":""},"categories":[47],"tags":[5655],"class_list":["post-89680","post","type-post","status-publish","format-standard","has-post-thumbnail","hentry","category-c3nota2","tag-por-anticipo-de-lluvias"],"featured_image_urls":{"full":"","thumbnail":"","medium":"","medium_large":"","large":"","1536x1536":"","2048x2048":"","covernews-slider-full":"","covernews-slider-center":"","covernews-featured":"","covernews-medium":"","covernews-medium-square":""},"author_info":{"info":["Jorge Matheus"]},"category_info":"<a href=\"https:\/\/infoecos.com.ar\/index.php\/category\/c3nota2\/\" rel=\"category tag\">C3 N2<\/a>","tag_info":"C3 N2","comment_count":"0","_links":{"self":[{"href":"https:\/\/infoecos.com.ar\/index.php\/wp-json\/wp\/v2\/posts\/89680","targetHints":{"allow":["GET"]}}],"collection":[{"href":"https:\/\/infoecos.com.ar\/index.php\/wp-json\/wp\/v2\/posts"}],"about":[{"href":"https:\/\/infoecos.com.ar\/index.php\/wp-json\/wp\/v2\/types\/post"}],"author":[{"embeddable":true,"href":"https:\/\/infoecos.com.ar\/index.php\/wp-json\/wp\/v2\/users\/2"}],"replies":[{"embeddable":true,"href":"https:\/\/infoecos.com.ar\/index.php\/wp-json\/wp\/v2\/comments?post=89680"}],"version-history":[{"count":1,"href":"https:\/\/infoecos.com.ar\/index.php\/wp-json\/wp\/v2\/posts\/89680\/revisions"}],"predecessor-version":[{"id":89681,"href":"https:\/\/infoecos.com.ar\/index.php\/wp-json\/wp\/v2\/posts\/89680\/revisions\/89681"}],"wp:attachment":[{"href":"https:\/\/infoecos.com.ar\/index.php\/wp-json\/wp\/v2\/media?parent=89680"}],"wp:term":[{"taxonomy":"category","embeddable":true,"href":"https:\/\/infoecos.com.ar\/index.php\/wp-json\/wp\/v2\/categories?post=89680"},{"taxonomy":"post_tag","embeddable":true,"href":"https:\/\/infoecos.com.ar\/index.php\/wp-json\/wp\/v2\/tags?post=89680"}],"curies":[{"name":"wp","href":"https:\/\/api.w.org\/{rel}","templated":true}]}}