{"id":89688,"date":"2021-12-11T14:06:34","date_gmt":"2021-12-11T17:06:34","guid":{"rendered":"http:\/\/infoecos.com.ar\/?p=89688"},"modified":"2021-12-11T14:06:35","modified_gmt":"2021-12-11T17:06:35","slug":"kicillof-anuncio-en-el-cierre-de-la-semana-el-relanzamiento-de-la-gestion-bonaerense","status":"publish","type":"post","link":"https:\/\/infoecos.com.ar\/index.php\/kicillof-anuncio-en-el-cierre-de-la-semana-el-relanzamiento-de-la-gestion-bonaerense\/","title":{"rendered":"Kicillof anunci\u00f3 en el cierre de la semana el relanzamiento de la gesti\u00f3n bonaerense"},"content":{"rendered":"\n<p class=\"wp-block-paragraph\">El gobernador Axel Kicillof\u00a0encabez\u00f3 el acto de relanzamiento de la gesti\u00f3n bonaerense que incluye la creaci\u00f3n de los nuevos ministerios de Ambiente y de Transporte, nuevas designaciones en otros cargos y 10 programas que el mandatario present\u00f3 como un \u201ccompromiso\u201d del ejecutivo, para potenciar el desarrollo regional y sectorial en toda la provincia.<\/p>\n\n\n\n<p class=\"wp-block-paragraph\">Los nuevos ministros ser\u00e1n Daniela Vilar\u00a0en Ambiente, y Jorge D\u00b4Onofrio en Transporte. En tanto que Alberto Sileoni\u00a0asumir\u00e1 en Educaci\u00f3n, y la actual titular de esa cartera pasar\u00e1 a desempe\u00f1arse como secretaria general de la gobernaci\u00f3n.\u00a0La ex diputada Florencia Saintout\u00a0quedar\u00e1 al frente del Instituto Cultural de la Provincia.<\/p>\n\n\n\n<figure class=\"wp-block-embed is-type-video is-provider-youtube wp-block-embed-youtube wp-embed-aspect-16-9 wp-has-aspect-ratio\"><div class=\"wp-block-embed__wrapper\">\n<iframe loading=\"lazy\" title=\"09\/12\/2021 | Presentaci\u00f3n del programa de reconstrucci\u00f3n y transformaci\u00f3n provincial\" width=\"640\" height=\"360\" src=\"https:\/\/www.youtube.com\/embed\/wUmuc8lnfH0?feature=oembed\" frameborder=\"0\" allow=\"accelerometer; autoplay; clipboard-write; encrypted-media; gyroscope; picture-in-picture; web-share\" referrerpolicy=\"strict-origin-when-cross-origin\" allowfullscreen><\/iframe>\n<\/div><\/figure>\n\n\n\n<p class=\"wp-block-paragraph\"><strong>Los 10 programas anunciados por Kicillof:<\/strong><\/p>\n\n\n\n<p class=\"wp-block-paragraph\">1- Plan de pavimentaci\u00f3n e iluminaci\u00f3n del conurbano bonaerense: incluye 110 mil cuadras de asfalto en 24 distritos del conurbano y ser\u00e1 extensible a municipios del interior. \u201cQueremos terminar con las calles no asfaltadas en las ciudades\u201d, remarc\u00f3 el mandatario.<\/p>\n\n\n\n<p class=\"wp-block-paragraph\">2- Programa de reparaci\u00f3n de Escuelas, Hospitales y Registros de las Personas: puesta en valor de todos los edificios, y creaci\u00f3n de un mecanismo de mantenimiento preventivo y permanente, adem\u00e1s de construcci\u00f3n de casas de la provincia en los 135 distritos.&nbsp; \u201cNo puede haber buena atenci\u00f3n si los edificios se caen a pedazos\u201d reconoci\u00f3 Kicillof y repas\u00f3 las obras que ya est\u00e1n en marcha y suman 3650.<\/p>\n\n\n\n<p class=\"wp-block-paragraph\">3- Plan de Arraigo e Integraci\u00f3n Provincial: fortalece la oferta de servicios de calidad, oportunidades de trabajo, estudio y desarrollo social en todos los rincones de la provincia, para garantizar la igualdad de oportunidades e impedir que mudarse a las grandes ciudades sea una necesidad. \u201cEl objetivo es que se pueda vivir bien en el interior de la provincia con igualdad de oportunidades\u201d remarc\u00f3 el titular del ejecutivo.<\/p>\n\n\n\n<p class=\"wp-block-paragraph\">4- Plan Integral de Seguridad: Incluye una fuerte inversi\u00f3n en equipamiento y capacitaci\u00f3n de la polic\u00eda y un importante reclutamiento para duplicar la cantidad de efectivos en el conurbano.&nbsp; &nbsp;Kicillof destac\u00f3 que el objetico es tener una polic\u00eda \u201cmas humana, mas equipada y mas capacitada\u201d.<\/p>\n\n\n\n<p class=\"wp-block-paragraph\">5- Relanzamiento del IOMA: con la creaci\u00f3n de un nuevo sistema de coberturas al 100% para algunas prestaciones y medicamentos, la ampliaci\u00f3n de los policonsultorios a toda la provincia y la digitalizaci\u00f3n total, que permitir\u00e1 acortar los tr\u00e1mites de dos meses a una semana, duplicando adem\u00e1s en los pr\u00f3ximos a\u00f1os la cantidad de m\u00e9dicos disponibles para los afiliados.<\/p>\n\n\n\n<p class=\"wp-block-paragraph\">6- Desarrollo de la Aplicaci\u00f3n MIPBA: ser\u00e1 una puerta de acceso \u00fanica a todos los servicios de la provincia, como Vacunate PBA, Cuenta DNI, Digitalizaci\u00f3n de tr\u00e1mites de algunos organismos, etc.&nbsp; La provincia va a desarrollar una App integrada y un web que faciliten el acceso a todos los tr\u00e1mites del estado provincial.<\/p>\n\n\n\n<p class=\"wp-block-paragraph\">7- Plan de Formaci\u00f3n Laboral de J\u00f3venes: que crea centros de formaci\u00f3n laboral en articulaci\u00f3n con los municipios y facilita el acceso a cursos y capacitaciones, sobre todo en materia tecnol\u00f3gica y a le garantiza a los egresados de escuelas t\u00e9cnicas el acceso a una computadora.<\/p>\n\n\n\n<p class=\"wp-block-paragraph\">8- Programa de Turismo Todo el a\u00f1o: el ejecutivo va a potenciar los programas que ya est\u00e1n en marcha, buscado multiplicar los destinos, promocionando los circuitos no tradicionales y extendiendo los atractivos a toda la provincia y durante todo el a\u00f1o a trav\u00e9s de un plan de incentivos tanto para los turistas como para los operadores del sector que est\u00e9n dispuestos a expandirse.<\/p>\n\n\n\n<p class=\"wp-block-paragraph\">9- Programa de Desarrollo Productivo y Tecnol\u00f3gico: fortalece los instrumento y herramientas para mejorar el contenido tecnol\u00f3gico, el valor agregado, la competitividad internacional y la generaci\u00f3n de empleo del aparato productivo provincial.&nbsp; Este \u00edtem incluye el plan \u201cTu empresa en un tr\u00e1mite\u201d, que permitir\u00e1 a obtener el cuit de una firma, darla de alta en ARBA y conseguir una cuenta en el Banco Provincia en un solo tr\u00e1mite, para poder operar al instante.<\/p>\n\n\n\n<p class=\"wp-block-paragraph\">10- Educaci\u00f3n que transforma: para garantizar el ejercicio del derecho social a una educaci\u00f3n de calidad desde los 3 a\u00f1os hasta la finalizaci\u00f3n del secundario de todos y todas los y las bonaerenses.<\/p>\n","protected":false},"excerpt":{"rendered":"<p>Los nuevos ministros ser\u00e1n Daniela Vilar en Ambiente, y Jorge D\u00b4Onofrio en Transporte<\/p>\n","protected":false},"author":2,"featured_media":89689,"comment_status":"closed","ping_status":"open","sticky":false,"template":"","format":"standard","meta":{"footnotes":""},"categories":[1327,48,1328],"tags":[5657],"class_list":["post-89688","post","type-post","status-publish","format-standard","has-post-thumbnail","hentry","category-audio","category-c2nota3","category-video","tag-se-crean-dos-nuevos-ministerios"],"featured_image_urls":{"full":["https:\/\/infoecos.com.ar\/wp-content\/uploads\/2021\/12\/kicillofjpg.jpg",1200,675,false],"thumbnail":["https:\/\/infoecos.com.ar\/wp-content\/uploads\/2021\/12\/kicillofjpg-150x150.jpg",150,150,true],"medium":["https:\/\/infoecos.com.ar\/wp-content\/uploads\/2021\/12\/kicillofjpg-460x259.jpg",460,259,true],"medium_large":["https:\/\/infoecos.com.ar\/wp-content\/uploads\/2021\/12\/kicillofjpg-768x432.jpg",640,360,true],"large":["https:\/\/infoecos.com.ar\/wp-content\/uploads\/2021\/12\/kicillofjpg-920x518.jpg",640,360,true],"1536x1536":["https:\/\/infoecos.com.ar\/wp-content\/uploads\/2021\/12\/kicillofjpg.jpg",1200,675,false],"2048x2048":["https:\/\/infoecos.com.ar\/wp-content\/uploads\/2021\/12\/kicillofjpg.jpg",1200,675,false],"covernews-slider-full":["https:\/\/infoecos.com.ar\/wp-content\/uploads\/2021\/12\/kicillofjpg.jpg",1115,627,false],"covernews-slider-center":["https:\/\/infoecos.com.ar\/wp-content\/uploads\/2021\/12\/kicillofjpg-936x675.jpg",693,500,true],"covernews-featured":["https:\/\/infoecos.com.ar\/wp-content\/uploads\/2021\/12\/kicillofjpg-1024x576.jpg",1024,576,true],"covernews-medium":["https:\/\/infoecos.com.ar\/wp-content\/uploads\/2021\/12\/kicillofjpg-720x380.jpg",540,285,true],"covernews-medium-square":["https:\/\/infoecos.com.ar\/wp-content\/uploads\/2021\/12\/kicillofjpg-675x450.jpg",375,250,true]},"author_info":{"info":["Jorge Matheus"]},"category_info":"<a href=\"https:\/\/infoecos.com.ar\/index.php\/category\/audio\/\" rel=\"category tag\">Audio<\/a> <a href=\"https:\/\/infoecos.com.ar\/index.php\/category\/c2nota3\/\" rel=\"category tag\">C2 N3<\/a> <a href=\"https:\/\/infoecos.com.ar\/index.php\/category\/video\/\" rel=\"category tag\">Video<\/a>","tag_info":"Video","comment_count":"0","_links":{"self":[{"href":"https:\/\/infoecos.com.ar\/index.php\/wp-json\/wp\/v2\/posts\/89688","targetHints":{"allow":["GET"]}}],"collection":[{"href":"https:\/\/infoecos.com.ar\/index.php\/wp-json\/wp\/v2\/posts"}],"about":[{"href":"https:\/\/infoecos.com.ar\/index.php\/wp-json\/wp\/v2\/types\/post"}],"author":[{"embeddable":true,"href":"https:\/\/infoecos.com.ar\/index.php\/wp-json\/wp\/v2\/users\/2"}],"replies":[{"embeddable":true,"href":"https:\/\/infoecos.com.ar\/index.php\/wp-json\/wp\/v2\/comments?post=89688"}],"version-history":[{"count":1,"href":"https:\/\/infoecos.com.ar\/index.php\/wp-json\/wp\/v2\/posts\/89688\/revisions"}],"predecessor-version":[{"id":89690,"href":"https:\/\/infoecos.com.ar\/index.php\/wp-json\/wp\/v2\/posts\/89688\/revisions\/89690"}],"wp:featuredmedia":[{"embeddable":true,"href":"https:\/\/infoecos.com.ar\/index.php\/wp-json\/wp\/v2\/media\/89689"}],"wp:attachment":[{"href":"https:\/\/infoecos.com.ar\/index.php\/wp-json\/wp\/v2\/media?parent=89688"}],"wp:term":[{"taxonomy":"category","embeddable":true,"href":"https:\/\/infoecos.com.ar\/index.php\/wp-json\/wp\/v2\/categories?post=89688"},{"taxonomy":"post_tag","embeddable":true,"href":"https:\/\/infoecos.com.ar\/index.php\/wp-json\/wp\/v2\/tags?post=89688"}],"curies":[{"name":"wp","href":"https:\/\/api.w.org\/{rel}","templated":true}]}}