{"id":89722,"date":"2021-12-12T14:43:29","date_gmt":"2021-12-12T17:43:29","guid":{"rendered":"http:\/\/infoecos.com.ar\/?p=89722"},"modified":"2021-12-12T14:43:42","modified_gmt":"2021-12-12T17:43:42","slug":"diputados-de-la-nacion-la-agenda-legislativa-del-nuevo-congreso","status":"publish","type":"post","link":"https:\/\/infoecos.com.ar\/index.php\/diputados-de-la-nacion-la-agenda-legislativa-del-nuevo-congreso\/","title":{"rendered":"Diputados de la Naci\u00f3n: la agenda legislativa del nuevo congreso"},"content":{"rendered":"\n<p class=\"wp-block-paragraph\">En el contexto de la Sesi\u00f3n Preparatoria en la C\u00e1mara de Diputados, donde los legisladores electos el 14 de noviembre tomaron juramento para poder pasar a formar parte del cuerpo, diputados de distintas fuerzas se refirieron a los temas que consideran de importancia para ser tratados en el Parlamento.<\/p>\n\n\n\n<p class=\"wp-block-paragraph\">Eber P\u00e9rez Plaza, del Frente de Todos, consider\u00f3 que se debe poner el foco en \u201ctemas que promuevan la producci\u00f3n y el trabajo\u201d y recalc\u00f3 la importancia de \u201cfacilitar que las PYMEs sigan desarroll\u00e1ndose\u201d.<\/p>\n\n\n\n<figure class=\"wp-block-video\"><video height=\"720\" style=\"aspect-ratio: 1280 \/ 720;\" width=\"1280\" controls src=\"http:\/\/infoecos.com.ar\/wp-content\/uploads\/2021\/12\/WhatsApp-Video-2021-12-11-at-21.30.56.mp4\"><\/video><\/figure>\n\n\n\n<p class=\"wp-block-paragraph\">Adem\u00e1s, enfatiz\u00f3 que \u201ces un momento de di\u00e1logo y construcci\u00f3n en el que todos tenemos que trabajar por los temas que necesitamos entablar en el Congreso de la Naci\u00f3n\u201d.<\/p>\n\n\n\n<p class=\"wp-block-paragraph\">Por su parte, Mar\u00eda In\u00e9s Quiroz, de Juntos por el Cambio, expres\u00f3: \u201cLa educaci\u00f3n es uno de los temas que m\u00e1s me preocupan\u201d, y agreg\u00f3: \u201cDespu\u00e9s vienen otros tantos que van de la mano que tienen que ver con la producci\u00f3n, el trabajo y el desarrollo\u201d.<\/p>\n","protected":false},"excerpt":{"rendered":"<p>Eber P\u00e9rez Plaza, del Frente de Todos, consider\u00f3 que se debe poner el foco en \u201ctemas que promuevan la producci\u00f3n y el trabajo\u201d<\/p>\n","protected":false},"author":2,"featured_media":56788,"comment_status":"closed","ping_status":"open","sticky":false,"template":"","format":"standard","meta":{"footnotes":""},"categories":[1327,28,1328],"tags":[5660],"class_list":["post-89722","post","type-post","status-publish","format-standard","has-post-thumbnail","hentry","category-audio","category-c1nota1","category-video","tag-opiniones-de-legisladores"],"featured_image_urls":{"full":"","thumbnail":"","medium":"","medium_large":"","large":"","1536x1536":"","2048x2048":"","covernews-slider-full":"","covernews-slider-center":"","covernews-featured":"","covernews-medium":"","covernews-medium-square":""},"author_info":{"info":["Jorge Matheus"]},"category_info":"<a href=\"https:\/\/infoecos.com.ar\/index.php\/category\/audio\/\" rel=\"category tag\">Audio<\/a> <a href=\"https:\/\/infoecos.com.ar\/index.php\/category\/c1nota1\/\" rel=\"category tag\">C1 N1<\/a> <a href=\"https:\/\/infoecos.com.ar\/index.php\/category\/video\/\" rel=\"category tag\">Video<\/a>","tag_info":"Video","comment_count":"0","_links":{"self":[{"href":"https:\/\/infoecos.com.ar\/index.php\/wp-json\/wp\/v2\/posts\/89722","targetHints":{"allow":["GET"]}}],"collection":[{"href":"https:\/\/infoecos.com.ar\/index.php\/wp-json\/wp\/v2\/posts"}],"about":[{"href":"https:\/\/infoecos.com.ar\/index.php\/wp-json\/wp\/v2\/types\/post"}],"author":[{"embeddable":true,"href":"https:\/\/infoecos.com.ar\/index.php\/wp-json\/wp\/v2\/users\/2"}],"replies":[{"embeddable":true,"href":"https:\/\/infoecos.com.ar\/index.php\/wp-json\/wp\/v2\/comments?post=89722"}],"version-history":[{"count":1,"href":"https:\/\/infoecos.com.ar\/index.php\/wp-json\/wp\/v2\/posts\/89722\/revisions"}],"predecessor-version":[{"id":89724,"href":"https:\/\/infoecos.com.ar\/index.php\/wp-json\/wp\/v2\/posts\/89722\/revisions\/89724"}],"wp:attachment":[{"href":"https:\/\/infoecos.com.ar\/index.php\/wp-json\/wp\/v2\/media?parent=89722"}],"wp:term":[{"taxonomy":"category","embeddable":true,"href":"https:\/\/infoecos.com.ar\/index.php\/wp-json\/wp\/v2\/categories?post=89722"},{"taxonomy":"post_tag","embeddable":true,"href":"https:\/\/infoecos.com.ar\/index.php\/wp-json\/wp\/v2\/tags?post=89722"}],"curies":[{"name":"wp","href":"https:\/\/api.w.org\/{rel}","templated":true}]}}