{"id":89770,"date":"2021-12-13T11:55:51","date_gmt":"2021-12-13T14:55:51","guid":{"rendered":"http:\/\/infoecos.com.ar\/?p=89770"},"modified":"2021-12-13T16:30:24","modified_gmt":"2021-12-13T19:30:24","slug":"el-ministro-guzman-informara-a-diputados-desde-las-13-sobre-la-ley-de-presupuesto-2022","status":"publish","type":"post","link":"https:\/\/infoecos.com.ar\/index.php\/el-ministro-guzman-informara-a-diputados-desde-las-13-sobre-la-ley-de-presupuesto-2022\/","title":{"rendered":"El ministro Guzm\u00e1n informa a Diputados, desde las 13, sobre la Ley de Presupuesto 2022"},"content":{"rendered":"\n<p class=\"wp-block-paragraph\">Reuni\u00f3n constitutiva de la comisi\u00f3n de Presupuesto y Hacienda y elecci\u00f3n de autoridades en la C\u00e1mara de Diputados de la Naci\u00f3n. A continuaci\u00f3n, se recibir\u00e1 al Ministro de Econom\u00eda, Mart\u00edn Guzm\u00e1n, y a funcionarios del Ministerio, a fin de informar sobre el proyecto de ley de Presupuesto General de la Administraci\u00f3n Nacional para el Ejercicio Fiscal del a\u00f1o 2022.<\/p>\n\n\n\n<div class=\"wp-block-image is-style-default\"><figure class=\"aligncenter size-medium\"><img loading=\"lazy\" decoding=\"async\" width=\"460\" height=\"258\" src=\"http:\/\/infoecos.com.ar\/wp-content\/uploads\/guzman-460x258.jpg\" alt=\"\" class=\"wp-image-60755\" srcset=\"https:\/\/infoecos.com.ar\/wp-content\/uploads\/guzman-460x258.jpg 460w, https:\/\/infoecos.com.ar\/wp-content\/uploads\/guzman.jpg 600w\" sizes=\"auto, (max-width: 460px) 100vw, 460px\" \/><figcaption>Guzm\u00e1n, Mart\u00edn &#8211; ministro<\/figcaption><\/figure><\/div>\n\n\n\n<p class=\"wp-block-paragraph\">La actividad se podr\u00e1 seguir en los siguientes canales:<\/p>\n\n\n\n<p class=\"wp-block-paragraph\"><strong>En TV: Diputados TV<\/strong><\/p>\n\n\n\n<p class=\"wp-block-paragraph\"><strong>En la web: dtv.diputados.gob.ar<\/strong><\/p>\n\n\n\n<p class=\"wp-block-paragraph\"><strong>YouTube: Hcdn.tv<\/strong><\/p>\n\n\n\n<p class=\"wp-block-paragraph\"><strong>FB: \/diputados.argentina<\/strong><\/p>\n","protected":false},"excerpt":{"rendered":"<p>Previo a la exposici\u00f3n del ministro reuni\u00f3n constitutiva de la comisi\u00f3n de Presupuesto y Hacienda y elecci\u00f3n de autoridades en la C\u00e1mara de Diputados de la Naci\u00f3n<\/p>\n","protected":false},"author":2,"featured_media":60755,"comment_status":"closed","ping_status":"open","sticky":false,"template":"","format":"standard","meta":{"footnotes":""},"categories":[28,1613],"tags":[5384],"class_list":["post-89770","post","type-post","status-publish","format-standard","has-post-thumbnail","hentry","category-c1nota1","category-noticia-secundaria","tag-se-puede-seguir-a-traves-del-sitio"],"featured_image_urls":{"full":["https:\/\/infoecos.com.ar\/wp-content\/uploads\/guzman.jpg",600,337,false],"thumbnail":["https:\/\/infoecos.com.ar\/wp-content\/uploads\/guzman-150x150.jpg",150,150,true],"medium":["https:\/\/infoecos.com.ar\/wp-content\/uploads\/guzman-460x258.jpg",460,258,true],"medium_large":["https:\/\/infoecos.com.ar\/wp-content\/uploads\/guzman.jpg",600,337,false],"large":["https:\/\/infoecos.com.ar\/wp-content\/uploads\/guzman.jpg",600,337,false],"1536x1536":["https:\/\/infoecos.com.ar\/wp-content\/uploads\/guzman.jpg",600,337,false],"2048x2048":["https:\/\/infoecos.com.ar\/wp-content\/uploads\/guzman.jpg",600,337,false],"covernews-slider-full":["https:\/\/infoecos.com.ar\/wp-content\/uploads\/guzman.jpg",600,337,false],"covernews-slider-center":["https:\/\/infoecos.com.ar\/wp-content\/uploads\/guzman.jpg",600,337,false],"covernews-featured":["https:\/\/infoecos.com.ar\/wp-content\/uploads\/guzman.jpg",600,337,false],"covernews-medium":["https:\/\/infoecos.com.ar\/wp-content\/uploads\/guzman.jpg",540,303,false],"covernews-medium-square":["https:\/\/infoecos.com.ar\/wp-content\/uploads\/guzman.jpg",400,225,false]},"author_info":{"info":["Jorge Matheus"]},"category_info":"<a href=\"https:\/\/infoecos.com.ar\/index.php\/category\/c1nota1\/\" rel=\"category tag\">C1 N1<\/a> <a href=\"https:\/\/infoecos.com.ar\/index.php\/category\/noticia-secundaria\/\" rel=\"category tag\">Noticia Secundaria<\/a>","tag_info":"Noticia Secundaria","comment_count":"0","_links":{"self":[{"href":"https:\/\/infoecos.com.ar\/index.php\/wp-json\/wp\/v2\/posts\/89770","targetHints":{"allow":["GET"]}}],"collection":[{"href":"https:\/\/infoecos.com.ar\/index.php\/wp-json\/wp\/v2\/posts"}],"about":[{"href":"https:\/\/infoecos.com.ar\/index.php\/wp-json\/wp\/v2\/types\/post"}],"author":[{"embeddable":true,"href":"https:\/\/infoecos.com.ar\/index.php\/wp-json\/wp\/v2\/users\/2"}],"replies":[{"embeddable":true,"href":"https:\/\/infoecos.com.ar\/index.php\/wp-json\/wp\/v2\/comments?post=89770"}],"version-history":[{"count":2,"href":"https:\/\/infoecos.com.ar\/index.php\/wp-json\/wp\/v2\/posts\/89770\/revisions"}],"predecessor-version":[{"id":89798,"href":"https:\/\/infoecos.com.ar\/index.php\/wp-json\/wp\/v2\/posts\/89770\/revisions\/89798"}],"wp:featuredmedia":[{"embeddable":true,"href":"https:\/\/infoecos.com.ar\/index.php\/wp-json\/wp\/v2\/media\/60755"}],"wp:attachment":[{"href":"https:\/\/infoecos.com.ar\/index.php\/wp-json\/wp\/v2\/media?parent=89770"}],"wp:term":[{"taxonomy":"category","embeddable":true,"href":"https:\/\/infoecos.com.ar\/index.php\/wp-json\/wp\/v2\/categories?post=89770"},{"taxonomy":"post_tag","embeddable":true,"href":"https:\/\/infoecos.com.ar\/index.php\/wp-json\/wp\/v2\/tags?post=89770"}],"curies":[{"name":"wp","href":"https:\/\/api.w.org\/{rel}","templated":true}]}}