{"id":89775,"date":"2021-12-13T13:20:19","date_gmt":"2021-12-13T16:20:19","guid":{"rendered":"http:\/\/infoecos.com.ar\/?p=89775"},"modified":"2021-12-13T13:20:20","modified_gmt":"2021-12-13T16:20:20","slug":"se-reportaron-este-lunes-17-casos-activos-de-covid-19-en-el-distrito-de-trenque-lauquen","status":"publish","type":"post","link":"https:\/\/infoecos.com.ar\/index.php\/se-reportaron-este-lunes-17-casos-activos-de-covid-19-en-el-distrito-de-trenque-lauquen\/","title":{"rendered":"Se reportaron, este lunes, 17 casos activos de COVID-19 en el distrito de Trenque Lauquen"},"content":{"rendered":"\n<p class=\"wp-block-paragraph\"><strong>Informe Oficial:<\/strong><\/p>\n\n\n\n<p class=\"wp-block-paragraph\">Un nuevo (1) caso confirmado de Covid-19, dos (2) personas\u00a0 recuperadas,\u00a0 41 casos descartados, 45 personas en a aislamiento y 21 casos sospechosos a la espera del resultado de sus muestras fueron reportados este lunes por la subsecretaria de Salud municipal, que adem\u00e1s a partir de estos datos precis\u00f3 que son 17 los casos activos en el distrito.<\/p>\n\n\n\n<p class=\"wp-block-paragraph\">El nuevo caso confirmado corresponde a Treinta de Agosto, fue diagnosticado por hisopado y es una persona conviviente de otro caso positivo.<\/p>\n\n\n\n<div class=\"wp-block-image is-style-default\"><figure class=\"aligncenter size-medium\"><img loading=\"lazy\" decoding=\"async\" width=\"460\" height=\"434\" src=\"http:\/\/infoecos.com.ar\/wp-content\/uploads\/2021\/12\/Informe-diario-460x434.png\" alt=\"\" class=\"wp-image-89776\" srcset=\"https:\/\/infoecos.com.ar\/wp-content\/uploads\/2021\/12\/Informe-diario-460x434.png 460w, https:\/\/infoecos.com.ar\/wp-content\/uploads\/2021\/12\/Informe-diario-768x725.png 768w, https:\/\/infoecos.com.ar\/wp-content\/uploads\/2021\/12\/Informe-diario.png 800w\" sizes=\"auto, (max-width: 460px) 100vw, 460px\" \/><\/figure><\/div>\n\n\n\n<p class=\"wp-block-paragraph\">De los 17 casos activos, diez (10) son de Trenque Lauquen, seis (6) de Treinta de Agosto y uno (1) de Beruti, y 16 se encuentran en sus domicilios particulares y uno (1) en el hospital Municipal.<\/p>\n\n\n\n<p class=\"wp-block-paragraph\">Con las dos personas recuperadas, ambas de Trenque Lauquen, ascienden a 10.286 las que recibieron el alta entre marzo del a\u00f1o pasado y hoy, mientras que en el mismo lapso fueron descartados 25.674 casos, incluidos los 41 de las \u00faltimas 24 horas, 35 de la ciudad cabecera, cinco (5) de Treinta de Agosto y uno (1) de Garr\u00e9.<\/p>\n\n\n\n<p class=\"wp-block-paragraph\">Hay 45 personas en aislamiento, 37 de Trenque Lauquen y ocho (8) de Treinta de Agosto, y quedan 21 casos sospechosos, 20 de la ciudad cabecera y uno (1) de Treinta de Agosto, habiendo solo uno (1) de los casos sospechosos internado en el Hospital; el resto est\u00e1 en sus casas.&nbsp; &nbsp;&nbsp;<\/p>\n\n\n\n<p class=\"wp-block-paragraph\">Despu\u00e9s de semanas sin casos confirmados, ya son diez (10) los d\u00edas en forma consecutiva que se vienen registrando nuevos casos positivos, circunstancia que pod\u00eda preverse que iba a ocurrir pero de todos modos no deja de ser un llamado de atenci\u00f3n, por eso la cartera sanitaria municipal reitera la importancia de vacunarse y la necesidad de respetar los cuidados preventivos b\u00e1sicos y no relajarse para mantener una situaci\u00f3n epidemiol\u00f3gica en el distrito que permita disfrutar de flexibilidades y posibilidades de desarrollar actividades que hasta hace un tiempo estuvieron vedadas.<\/p>\n\n\n\n<p class=\"wp-block-paragraph\">Asimismo recuerda que la r\u00e1pida detecci\u00f3n de un caso positivo -y el posterior aislamiento correspondiente-, sigue siendo una de las herramientas determinantes para impedir la propagaci\u00f3n del virus. Y solicita que de confirmarse un caso, la persona informe de manera inmediata sus contactos para adoptar los recaudos previstos.<\/p>\n\n\n\n<p class=\"wp-block-paragraph\">El \u00e1rea de Epidemiolog\u00eda del Hospital Orellana destaca la continuidad en la concurrencia de vecinas y vecinos que a diario y de manera voluntaria sacan turno o se acercan en forma espont\u00e1nea hasta el Centro Municipal de Testeo para hisoparse, y alienta a mantener esa actitud ante la aparici\u00f3n de alguno de los s\u00edntomas descriptos en el cuadro de probables casos de Covid-19.<\/p>\n","protected":false},"excerpt":{"rendered":"<p>De los 17 casos activos, diez (10) son de Trenque Lauquen, seis (6) de Treinta de Agosto y uno (1) de Beruti, y 16 se encuentran en sus domicilios particulares y uno (1) en el hospital Municipal<\/p>\n","protected":false},"author":2,"featured_media":59465,"comment_status":"closed","ping_status":"open","sticky":false,"template":"","format":"standard","meta":{"footnotes":""},"categories":[1613],"tags":[],"class_list":["post-89775","post","type-post","status-publish","format-standard","has-post-thumbnail","hentry","category-noticia-secundaria"],"featured_image_urls":{"full":["https:\/\/infoecos.com.ar\/wp-content\/uploads\/IMG_20200323_191546.jpg",1600,1200,false],"thumbnail":["https:\/\/infoecos.com.ar\/wp-content\/uploads\/IMG_20200323_191546-150x150.jpg",150,150,true],"medium":["https:\/\/infoecos.com.ar\/wp-content\/uploads\/IMG_20200323_191546-460x345.jpg",460,345,true],"medium_large":["https:\/\/infoecos.com.ar\/wp-content\/uploads\/IMG_20200323_191546-768x576.jpg",640,480,true],"large":["https:\/\/infoecos.com.ar\/wp-content\/uploads\/IMG_20200323_191546-920x690.jpg",640,480,true],"1536x1536":["https:\/\/infoecos.com.ar\/wp-content\/uploads\/IMG_20200323_191546-1536x1152.jpg",1536,1152,true],"2048x2048":["https:\/\/infoecos.com.ar\/wp-content\/uploads\/IMG_20200323_191546.jpg",1600,1200,false],"covernews-slider-full":["https:\/\/infoecos.com.ar\/wp-content\/uploads\/IMG_20200323_191546-1536x1020.jpg",1077,715,true],"covernews-slider-center":["https:\/\/infoecos.com.ar\/wp-content\/uploads\/IMG_20200323_191546-936x897.jpg",522,500,true],"covernews-featured":["https:\/\/infoecos.com.ar\/wp-content\/uploads\/IMG_20200323_191546-1024x768.jpg",1024,768,true],"covernews-medium":["https:\/\/infoecos.com.ar\/wp-content\/uploads\/IMG_20200323_191546-720x380.jpg",540,285,true],"covernews-medium-square":["https:\/\/infoecos.com.ar\/wp-content\/uploads\/IMG_20200323_191546-675x450.jpg",375,250,true]},"author_info":{"info":["Jorge Matheus"]},"category_info":"<a href=\"https:\/\/infoecos.com.ar\/index.php\/category\/noticia-secundaria\/\" rel=\"category tag\">Noticia Secundaria<\/a>","tag_info":"Noticia Secundaria","comment_count":"0","_links":{"self":[{"href":"https:\/\/infoecos.com.ar\/index.php\/wp-json\/wp\/v2\/posts\/89775","targetHints":{"allow":["GET"]}}],"collection":[{"href":"https:\/\/infoecos.com.ar\/index.php\/wp-json\/wp\/v2\/posts"}],"about":[{"href":"https:\/\/infoecos.com.ar\/index.php\/wp-json\/wp\/v2\/types\/post"}],"author":[{"embeddable":true,"href":"https:\/\/infoecos.com.ar\/index.php\/wp-json\/wp\/v2\/users\/2"}],"replies":[{"embeddable":true,"href":"https:\/\/infoecos.com.ar\/index.php\/wp-json\/wp\/v2\/comments?post=89775"}],"version-history":[{"count":1,"href":"https:\/\/infoecos.com.ar\/index.php\/wp-json\/wp\/v2\/posts\/89775\/revisions"}],"predecessor-version":[{"id":89777,"href":"https:\/\/infoecos.com.ar\/index.php\/wp-json\/wp\/v2\/posts\/89775\/revisions\/89777"}],"wp:featuredmedia":[{"embeddable":true,"href":"https:\/\/infoecos.com.ar\/index.php\/wp-json\/wp\/v2\/media\/59465"}],"wp:attachment":[{"href":"https:\/\/infoecos.com.ar\/index.php\/wp-json\/wp\/v2\/media?parent=89775"}],"wp:term":[{"taxonomy":"category","embeddable":true,"href":"https:\/\/infoecos.com.ar\/index.php\/wp-json\/wp\/v2\/categories?post=89775"},{"taxonomy":"post_tag","embeddable":true,"href":"https:\/\/infoecos.com.ar\/index.php\/wp-json\/wp\/v2\/tags?post=89775"}],"curies":[{"name":"wp","href":"https:\/\/api.w.org\/{rel}","templated":true}]}}