{"id":89778,"date":"2021-12-13T15:49:45","date_gmt":"2021-12-13T18:49:45","guid":{"rendered":"http:\/\/infoecos.com.ar\/?p=89778"},"modified":"2021-12-14T02:53:17","modified_gmt":"2021-12-14T05:53:17","slug":"grave-accidente-en-el-cruce-de-las-rutas-nacional-33-y-provincial-60","status":"publish","type":"post","link":"https:\/\/infoecos.com.ar\/index.php\/grave-accidente-en-el-cruce-de-las-rutas-nacional-33-y-provincial-60\/","title":{"rendered":"Impresionante accidente en el cruce de las Rutas Nacional 33 y Provincial 60: cuatro muertos"},"content":{"rendered":"\n<p class=\"wp-block-paragraph\">Dos personas mayores y dos menores fallecieron a ra\u00edz del impacto entre un auto y un cami\u00f3n en el cruce de las Rutas Nacional n\u00famero 33 y Provincial n\u00famero 60, casi l\u00edmite geogr\u00e1fico de los distritos de Guamin\u00ed, Coronel Su\u00e1rez y Adolfo Alsina.  <\/p>\n\n\n\n<div class=\"wp-block-image is-style-default\"><figure class=\"aligncenter size-medium\"><img loading=\"lazy\" decoding=\"async\" width=\"460\" height=\"345\" src=\"http:\/\/infoecos.com.ar\/wp-content\/uploads\/2021\/12\/IMG-20211213-WA0045-1024x768-1-460x345.jpg\" alt=\"\" class=\"wp-image-89779\" srcset=\"https:\/\/infoecos.com.ar\/wp-content\/uploads\/2021\/12\/IMG-20211213-WA0045-1024x768-1-460x345.jpg 460w, https:\/\/infoecos.com.ar\/wp-content\/uploads\/2021\/12\/IMG-20211213-WA0045-1024x768-1-920x690.jpg 920w, https:\/\/infoecos.com.ar\/wp-content\/uploads\/2021\/12\/IMG-20211213-WA0045-1024x768-1-768x576.jpg 768w, https:\/\/infoecos.com.ar\/wp-content\/uploads\/2021\/12\/IMG-20211213-WA0045-1024x768-1.jpg 1024w\" sizes=\"auto, (max-width: 460px) 100vw, 460px\" \/><\/figure><\/div>\n\n\n\n<p class=\"wp-block-paragraph\">El conductor del cami\u00f3n result\u00f3 con heridas que no revisten gravedad, habiendo sido trasladado trasladado al hospital de Guamin\u00ed.<\/p>\n\n\n\n<p class=\"wp-block-paragraph\">En la informaci\u00f3n consignada por distintos medios de esa zona de la provincia de Buenos Aires se coincide en apuntar que el cami\u00f3n pertenece a la firma JB que habr\u00eda maniobrado para esquivar un m\u00e1quina cosechadora y el auto es un Ford Mondeo.  <\/p>\n\n\n\n<p class=\"wp-block-paragraph\">Las v\u00edctimas fatales Pablo Conrado Stellato, de 34 a\u00f1os de edad que conduc\u00eda el auto;  Alicia Genoveva Cedro, de 34 a\u00f1os; Jer\u00f3nimo Adriel Stellato, de 11 a\u00f1os, y Valentina Anabella Stellato, de 13 a\u00f1os.<\/p>\n\n\n\n<div class=\"wp-block-image is-style-default\"><figure class=\"aligncenter size-medium\"><img loading=\"lazy\" decoding=\"async\" width=\"345\" height=\"460\" src=\"http:\/\/infoecos.com.ar\/wp-content\/uploads\/2021\/12\/2670979619962692446292861991830963902542858n-345x460.jpg\" alt=\"\" class=\"wp-image-89780\" srcset=\"https:\/\/infoecos.com.ar\/wp-content\/uploads\/2021\/12\/2670979619962692446292861991830963902542858n-345x460.jpg 345w, https:\/\/infoecos.com.ar\/wp-content\/uploads\/2021\/12\/2670979619962692446292861991830963902542858n-690x920.jpg 690w, https:\/\/infoecos.com.ar\/wp-content\/uploads\/2021\/12\/2670979619962692446292861991830963902542858n-768x1024.jpg 768w, https:\/\/infoecos.com.ar\/wp-content\/uploads\/2021\/12\/2670979619962692446292861991830963902542858n.jpg 960w\" sizes=\"auto, (max-width: 345px) 100vw, 345px\" \/><\/figure><\/div>\n\n\n\n<p class=\"wp-block-paragraph\">El cami\u00f3n Volkswagen con acoplado, era conducido por Jorge Eduardo Brea, de 40 a\u00f1os y oriundo de La Pampa, que no sufri\u00f3 lesiones.<\/p>\n\n\n\n<div class=\"wp-block-image is-style-default\"><figure class=\"aligncenter size-medium\"><img loading=\"lazy\" decoding=\"async\" width=\"460\" height=\"259\" src=\"http:\/\/infoecos.com.ar\/wp-content\/uploads\/2021\/12\/acci2-1-460x259.jpg\" alt=\"\" class=\"wp-image-89819\" srcset=\"https:\/\/infoecos.com.ar\/wp-content\/uploads\/2021\/12\/acci2-1-460x259.jpg 460w, https:\/\/infoecos.com.ar\/wp-content\/uploads\/2021\/12\/acci2-1-920x518.jpg 920w, https:\/\/infoecos.com.ar\/wp-content\/uploads\/2021\/12\/acci2-1-768x432.jpg 768w, https:\/\/infoecos.com.ar\/wp-content\/uploads\/2021\/12\/acci2-1-1024x576.jpg 1024w, https:\/\/infoecos.com.ar\/wp-content\/uploads\/2021\/12\/acci2-1.jpg 1200w\" sizes=\"auto, (max-width: 460px) 100vw, 460px\" \/><\/figure><\/div>\n","protected":false},"excerpt":{"rendered":"<p>En la informaci\u00f3n consignada por distintos medios de esa zona de la provincia de Buenos Aires se coincide en apuntar que el cami\u00f3n pertenece a la firma JB que habr\u00eda maniobrado para esquivar un m\u00e1quina cosechadora y el auto es un Ford Focus<\/p>\n","protected":false},"author":2,"featured_media":89820,"comment_status":"closed","ping_status":"open","sticky":false,"template":"","format":"standard","meta":{"footnotes":""},"categories":[1613],"tags":[],"class_list":["post-89778","post","type-post","status-publish","format-standard","has-post-thumbnail","hentry","category-noticia-secundaria"],"featured_image_urls":{"full":["https:\/\/infoecos.com.ar\/wp-content\/uploads\/2021\/12\/accidentelab.jpg",1000,600,false],"thumbnail":["https:\/\/infoecos.com.ar\/wp-content\/uploads\/2021\/12\/accidentelab-150x150.jpg",150,150,true],"medium":["https:\/\/infoecos.com.ar\/wp-content\/uploads\/2021\/12\/accidentelab-460x276.jpg",460,276,true],"medium_large":["https:\/\/infoecos.com.ar\/wp-content\/uploads\/2021\/12\/accidentelab-768x461.jpg",640,384,true],"large":["https:\/\/infoecos.com.ar\/wp-content\/uploads\/2021\/12\/accidentelab-920x552.jpg",640,384,true],"1536x1536":["https:\/\/infoecos.com.ar\/wp-content\/uploads\/2021\/12\/accidentelab.jpg",1000,600,false],"2048x2048":["https:\/\/infoecos.com.ar\/wp-content\/uploads\/2021\/12\/accidentelab.jpg",1000,600,false],"covernews-slider-full":["https:\/\/infoecos.com.ar\/wp-content\/uploads\/2021\/12\/accidentelab.jpg",1000,600,false],"covernews-slider-center":["https:\/\/infoecos.com.ar\/wp-content\/uploads\/2021\/12\/accidentelab-936x600.jpg",780,500,true],"covernews-featured":["https:\/\/infoecos.com.ar\/wp-content\/uploads\/2021\/12\/accidentelab.jpg",1000,600,false],"covernews-medium":["https:\/\/infoecos.com.ar\/wp-content\/uploads\/2021\/12\/accidentelab-720x380.jpg",540,285,true],"covernews-medium-square":["https:\/\/infoecos.com.ar\/wp-content\/uploads\/2021\/12\/accidentelab-675x450.jpg",375,250,true]},"author_info":{"info":["Jorge Matheus"]},"category_info":"<a href=\"https:\/\/infoecos.com.ar\/index.php\/category\/noticia-secundaria\/\" rel=\"category tag\">Noticia Secundaria<\/a>","tag_info":"Noticia Secundaria","comment_count":"0","_links":{"self":[{"href":"https:\/\/infoecos.com.ar\/index.php\/wp-json\/wp\/v2\/posts\/89778","targetHints":{"allow":["GET"]}}],"collection":[{"href":"https:\/\/infoecos.com.ar\/index.php\/wp-json\/wp\/v2\/posts"}],"about":[{"href":"https:\/\/infoecos.com.ar\/index.php\/wp-json\/wp\/v2\/types\/post"}],"author":[{"embeddable":true,"href":"https:\/\/infoecos.com.ar\/index.php\/wp-json\/wp\/v2\/users\/2"}],"replies":[{"embeddable":true,"href":"https:\/\/infoecos.com.ar\/index.php\/wp-json\/wp\/v2\/comments?post=89778"}],"version-history":[{"count":2,"href":"https:\/\/infoecos.com.ar\/index.php\/wp-json\/wp\/v2\/posts\/89778\/revisions"}],"predecessor-version":[{"id":89821,"href":"https:\/\/infoecos.com.ar\/index.php\/wp-json\/wp\/v2\/posts\/89778\/revisions\/89821"}],"wp:featuredmedia":[{"embeddable":true,"href":"https:\/\/infoecos.com.ar\/index.php\/wp-json\/wp\/v2\/media\/89820"}],"wp:attachment":[{"href":"https:\/\/infoecos.com.ar\/index.php\/wp-json\/wp\/v2\/media?parent=89778"}],"wp:term":[{"taxonomy":"category","embeddable":true,"href":"https:\/\/infoecos.com.ar\/index.php\/wp-json\/wp\/v2\/categories?post=89778"},{"taxonomy":"post_tag","embeddable":true,"href":"https:\/\/infoecos.com.ar\/index.php\/wp-json\/wp\/v2\/tags?post=89778"}],"curies":[{"name":"wp","href":"https:\/\/api.w.org\/{rel}","templated":true}]}}