{"id":89799,"date":"2021-12-13T17:27:03","date_gmt":"2021-12-13T20:27:03","guid":{"rendered":"http:\/\/infoecos.com.ar\/?p=89799"},"modified":"2021-12-13T17:27:05","modified_gmt":"2021-12-13T20:27:05","slug":"sandra-bullock-con-un-traje-morado-de-terciopelo-y-sandalias-doradas","status":"publish","type":"post","link":"https:\/\/infoecos.com.ar\/index.php\/sandra-bullock-con-un-traje-morado-de-terciopelo-y-sandalias-doradas\/","title":{"rendered":"Sandra Bullock con un traje morado de terciopelo y sandalias doradas"},"content":{"rendered":"\n<p class=\"wp-block-paragraph\">La promoci\u00f3n de la nueva pel\u00edcula de&nbsp;<strong>Sandra Bullock<\/strong>,&nbsp;<em>\u2018The Unforgivable\u2019,<\/em>&nbsp;ha incentivado su regreso a la mirada p\u00fablica. En su camino hacia los estudios del programa,&nbsp;<em>\u2018Jimmy Kimmel Live!\u2019<\/em>, en Los \u00c1ngeles, la&nbsp;<strong>actriz estadounidense<\/strong>&nbsp;hizo toda una declaraci\u00f3n de estilo para que no quedar\u00e1n dudas de que estaba de vuelta. Lo hizo con un traje&nbsp;<strong>morado de terciopelo<\/strong>&nbsp;y sandalias doradas.&nbsp;<\/p>\n\n\n\n<div class=\"wp-block-image is-style-default\"><figure class=\"aligncenter size-medium\"><img loading=\"lazy\" decoding=\"async\" width=\"306\" height=\"460\" src=\"http:\/\/infoecos.com.ar\/wp-content\/uploads\/2021\/12\/sandrabullock1-306x460.jpg\" alt=\"\" class=\"wp-image-89800\"\/><\/figure><\/div>\n\n\n\n<p class=\"wp-block-paragraph\">La&nbsp;<a href=\"https:\/\/www.vogue.mx\/estilo-de-vida\/articulo\/sandra-bullock-biografia-peliculas-y-outfits-de-la-actriz\">ganadora de un Oscar,&nbsp;<strong>Sandra Bullock<\/strong>,<\/a>&nbsp;se reuni\u00f3 con el presentador de televisi\u00f3n para hablar sobre el filme que protagoniz\u00f3 con Viola Davis y dirigi\u00f3 Nora Fingscheidt, el cual lleg\u00f3 a los cines el 24 de noviembre y se estren\u00f3 oficialmente en&nbsp;<strong>Netflix el 10 de diciembre<\/strong>. Para la ocasi\u00f3n se decant\u00f3 por lo&nbsp;<strong>cl\u00e1sico de la sastrer\u00eda,<\/strong>&nbsp;pero lo hizo en un color cautivante, con un conjunto similar al que port\u00f3&nbsp;<strong>Kate Middleton<\/strong>&nbsp;durante una visita a la Universidad de Ulster, en septiembre de este a\u00f1o.&nbsp;<\/p>\n\n\n\n<p class=\"wp-block-paragraph\"><strong>Fuente: vogue.mx<\/strong><\/p>\n","protected":false},"excerpt":{"rendered":"<p>La ganadora de un Oscar, Sandra Bullock, se reuni\u00f3 con el presentador de televisi\u00f3n para hablar sobre el filme que protagoniz\u00f3 con Viola Davis y dirigi\u00f3 Nora Fingscheidt, el cual lleg\u00f3 a los cines el 24 de noviembre y se estren\u00f3 oficialmente en Netflix el 10 de diciembre<\/p>\n","protected":false},"author":2,"featured_media":89801,"comment_status":"closed","ping_status":"open","sticky":false,"template":"","format":"standard","meta":{"footnotes":""},"categories":[40],"tags":[5014],"class_list":["post-89799","post","type-post","status-publish","format-standard","has-post-thumbnail","hentry","category-inferior1","tag-iecos-espectaculos"],"featured_image_urls":{"full":["https:\/\/infoecos.com.ar\/wp-content\/uploads\/2021\/12\/bullocksandra.jpg",1200,900,false],"thumbnail":["https:\/\/infoecos.com.ar\/wp-content\/uploads\/2021\/12\/bullocksandra-150x150.jpg",150,150,true],"medium":["https:\/\/infoecos.com.ar\/wp-content\/uploads\/2021\/12\/bullocksandra-460x345.jpg",460,345,true],"medium_large":["https:\/\/infoecos.com.ar\/wp-content\/uploads\/2021\/12\/bullocksandra-768x576.jpg",640,480,true],"large":["https:\/\/infoecos.com.ar\/wp-content\/uploads\/2021\/12\/bullocksandra-920x690.jpg",640,480,true],"1536x1536":["https:\/\/infoecos.com.ar\/wp-content\/uploads\/2021\/12\/bullocksandra.jpg",1200,900,false],"2048x2048":["https:\/\/infoecos.com.ar\/wp-content\/uploads\/2021\/12\/bullocksandra.jpg",1200,900,false],"covernews-slider-full":["https:\/\/infoecos.com.ar\/wp-content\/uploads\/2021\/12\/bullocksandra.jpg",953,715,false],"covernews-slider-center":["https:\/\/infoecos.com.ar\/wp-content\/uploads\/2021\/12\/bullocksandra-936x897.jpg",522,500,true],"covernews-featured":["https:\/\/infoecos.com.ar\/wp-content\/uploads\/2021\/12\/bullocksandra-1024x768.jpg",1024,768,true],"covernews-medium":["https:\/\/infoecos.com.ar\/wp-content\/uploads\/2021\/12\/bullocksandra-720x380.jpg",540,285,true],"covernews-medium-square":["https:\/\/infoecos.com.ar\/wp-content\/uploads\/2021\/12\/bullocksandra-675x450.jpg",375,250,true]},"author_info":{"info":["Jorge Matheus"]},"category_info":"<a href=\"https:\/\/infoecos.com.ar\/index.php\/category\/inferior1\/\" rel=\"category tag\">Bloque inferior - 1<\/a>","tag_info":"Bloque inferior - 1","comment_count":"0","_links":{"self":[{"href":"https:\/\/infoecos.com.ar\/index.php\/wp-json\/wp\/v2\/posts\/89799","targetHints":{"allow":["GET"]}}],"collection":[{"href":"https:\/\/infoecos.com.ar\/index.php\/wp-json\/wp\/v2\/posts"}],"about":[{"href":"https:\/\/infoecos.com.ar\/index.php\/wp-json\/wp\/v2\/types\/post"}],"author":[{"embeddable":true,"href":"https:\/\/infoecos.com.ar\/index.php\/wp-json\/wp\/v2\/users\/2"}],"replies":[{"embeddable":true,"href":"https:\/\/infoecos.com.ar\/index.php\/wp-json\/wp\/v2\/comments?post=89799"}],"version-history":[{"count":1,"href":"https:\/\/infoecos.com.ar\/index.php\/wp-json\/wp\/v2\/posts\/89799\/revisions"}],"predecessor-version":[{"id":89803,"href":"https:\/\/infoecos.com.ar\/index.php\/wp-json\/wp\/v2\/posts\/89799\/revisions\/89803"}],"wp:featuredmedia":[{"embeddable":true,"href":"https:\/\/infoecos.com.ar\/index.php\/wp-json\/wp\/v2\/media\/89801"}],"wp:attachment":[{"href":"https:\/\/infoecos.com.ar\/index.php\/wp-json\/wp\/v2\/media?parent=89799"}],"wp:term":[{"taxonomy":"category","embeddable":true,"href":"https:\/\/infoecos.com.ar\/index.php\/wp-json\/wp\/v2\/categories?post=89799"},{"taxonomy":"post_tag","embeddable":true,"href":"https:\/\/infoecos.com.ar\/index.php\/wp-json\/wp\/v2\/tags?post=89799"}],"curies":[{"name":"wp","href":"https:\/\/api.w.org\/{rel}","templated":true}]}}