{"id":89835,"date":"2021-12-14T03:59:17","date_gmt":"2021-12-14T06:59:17","guid":{"rendered":"http:\/\/infoecos.com.ar\/?p=89835"},"modified":"2021-12-14T04:02:00","modified_gmt":"2021-12-14T07:02:00","slug":"los-judiciales-reclaman-la-reapertura-de-la-paritaria-salarial","status":"publish","type":"post","link":"https:\/\/infoecos.com.ar\/index.php\/los-judiciales-reclaman-la-reapertura-de-la-paritaria-salarial\/","title":{"rendered":"Los judiciales reclaman la reapertura de la paritaria salarial"},"content":{"rendered":"\n<p>La Asociaci\u00f3n Judicial Bonaerense realiz\u00f3 una presentaci\u00f3n ante la Ministra de Trabajo bonaerense, Mara Ruiz Malec, en la que reiter\u00f3 el pedido de reapertura de paritaria salarial formulado el pasado 15 de noviembre.<\/p>\n\n\n\n<p>\u201cEl gobierno provincial viene demorando la convocatoria para llevar la negociaci\u00f3n a los \u00faltimos d\u00edas de diciembre, quit\u00e1ndonos margen para arribar a un acuerdo satisfactorio antes de la feria judicial. Ante ese escenario, y teniendo como antecedente el cierre paritario de 2020, convocamos a las y los trabajadores judiciales a participar de las asambleas que convocaremos esta semana para definir las acciones gremiales necesarias que nos permitan lograr el inicio inmediato de las negociaciones salariales\u201d, se\u00f1al\u00f3 Pablo Abramovich, secretario General de la AJB.<\/p>\n\n\n\n<div class=\"wp-block-image is-style-default\"><figure class=\"aligncenter size-medium\"><img loading=\"lazy\" decoding=\"async\" width=\"460\" height=\"304\" src=\"http:\/\/infoecos.com.ar\/wp-content\/uploads\/2021\/08\/ABRAMOVICHPABLO-460x304.jpg\" alt=\"\" class=\"wp-image-84322\" srcset=\"https:\/\/infoecos.com.ar\/wp-content\/uploads\/2021\/08\/ABRAMOVICHPABLO-460x304.jpg 460w, https:\/\/infoecos.com.ar\/wp-content\/uploads\/2021\/08\/ABRAMOVICHPABLO.jpg 600w\" sizes=\"(max-width: 460px) 100vw, 460px\" \/><\/figure><\/div>\n\n\n\n<p>La AJB exige un aumento salarial que permita recuperar el salario perdido en los \u00faltimos tres a\u00f1os, por lo que la oferta deber\u00eda ubicarse varios puntos por encima de la inflaci\u00f3n prevista para el a\u00f1o en curso.<\/p>\n\n\n\n<p>Por \u00faltimo, la AJB convoca a realizar asambleas en las 20 departamentales en el transcurso de la semana, a fin de debatir y decidir colectivamente los pasos a seguir.<\/p>\n","protected":false},"excerpt":{"rendered":"<p>La AJB exige un aumento salarial que permita recuperar el salario perdido en los \u00faltimos tres a\u00f1os, por lo que la oferta deber\u00eda ubicarse varios puntos por encima de la inflaci\u00f3n<\/p>\n","protected":false},"author":2,"featured_media":69413,"comment_status":"closed","ping_status":"open","sticky":false,"template":"","format":"standard","meta":{"footnotes":""},"categories":[50],"tags":[5669],"class_list":["post-89835","post","type-post","status-publish","format-standard","has-post-thumbnail","hentry","category-c1nota4","tag-convocatoria-a-asambleas"],"yoast_head":"<!-- This site is optimized with the Yoast SEO plugin v23.4 - https:\/\/yoast.com\/wordpress\/plugins\/seo\/ -->\n<title>Los judiciales reclaman la reapertura de la paritaria salarial - Infoecos<\/title>\n<meta name=\"robots\" content=\"index, follow, max-snippet:-1, max-image-preview:large, max-video-preview:-1\" \/>\n<link rel=\"canonical\" href=\"https:\/\/infoecos.com.ar\/index.php\/los-judiciales-reclaman-la-reapertura-de-la-paritaria-salarial\/\" \/>\n<meta property=\"og:locale\" content=\"es_ES\" \/>\n<meta property=\"og:type\" content=\"article\" \/>\n<meta property=\"og:title\" content=\"Los judiciales reclaman la reapertura de la paritaria salarial - Infoecos\" \/>\n<meta property=\"og:description\" content=\"La AJB exige un aumento salarial que permita recuperar el salario perdido en los \u00faltimos tres a\u00f1os, por lo que la oferta deber\u00eda ubicarse varios puntos por encima de la inflaci\u00f3n\" \/>\n<meta property=\"og:url\" content=\"https:\/\/infoecos.com.ar\/index.php\/los-judiciales-reclaman-la-reapertura-de-la-paritaria-salarial\/\" \/>\n<meta property=\"og:site_name\" content=\"Infoecos\" \/>\n<meta property=\"article:publisher\" content=\"https:\/\/www.facebook.com\/profile.php?id=100063200290284\" \/>\n<meta property=\"article:published_time\" content=\"2021-12-14T06:59:17+00:00\" \/>\n<meta property=\"article:modified_time\" content=\"2021-12-14T07:02:00+00:00\" \/>\n<meta property=\"og:image\" content=\"https:\/\/infoecos.com.ar\/wp-content\/uploads\/2020\/10\/ajb.jpg\" \/>\n\t<meta property=\"og:image:width\" content=\"601\" \/>\n\t<meta property=\"og:image:height\" content=\"271\" \/>\n\t<meta property=\"og:image:type\" content=\"image\/jpeg\" \/>\n<meta name=\"author\" content=\"Jorge Matheus\" \/>\n<meta name=\"twitter:card\" content=\"summary_large_image\" \/>\n<meta name=\"twitter:creator\" content=\"@infoecos\" \/>\n<meta name=\"twitter:site\" content=\"@infoecos\" \/>\n<meta name=\"twitter:label1\" content=\"Escrito por\" \/>\n\t<meta name=\"twitter:data1\" content=\"Jorge Matheus\" \/>\n\t<meta name=\"twitter:label2\" content=\"Tiempo de lectura\" \/>\n\t<meta name=\"twitter:data2\" content=\"1 minuto\" \/>\n<script type=\"application\/ld+json\" class=\"yoast-schema-graph\">{\"@context\":\"https:\/\/schema.org\",\"@graph\":[{\"@type\":\"Article\",\"@id\":\"https:\/\/infoecos.com.ar\/index.php\/los-judiciales-reclaman-la-reapertura-de-la-paritaria-salarial\/#article\",\"isPartOf\":{\"@id\":\"https:\/\/infoecos.com.ar\/index.php\/los-judiciales-reclaman-la-reapertura-de-la-paritaria-salarial\/\"},\"author\":{\"name\":\"Jorge Matheus\",\"@id\":\"https:\/\/infoecos.com.ar\/#\/schema\/person\/8f5ace5ce73b4b4aac4b7245aee6f191\"},\"headline\":\"Los judiciales reclaman la reapertura de la paritaria salarial\",\"datePublished\":\"2021-12-14T06:59:17+00:00\",\"dateModified\":\"2021-12-14T07:02:00+00:00\",\"mainEntityOfPage\":{\"@id\":\"https:\/\/infoecos.com.ar\/index.php\/los-judiciales-reclaman-la-reapertura-de-la-paritaria-salarial\/\"},\"wordCount\":198,\"publisher\":{\"@id\":\"https:\/\/infoecos.com.ar\/#organization\"},\"image\":{\"@id\":\"https:\/\/infoecos.com.ar\/index.php\/los-judiciales-reclaman-la-reapertura-de-la-paritaria-salarial\/#primaryimage\"},\"thumbnailUrl\":\"https:\/\/infoecos.com.ar\/wp-content\/uploads\/2020\/10\/ajb.jpg\",\"keywords\":[\"convocatoria a asambleas\"],\"articleSection\":[\"C1 N4\"],\"inLanguage\":\"es\"},{\"@type\":\"WebPage\",\"@id\":\"https:\/\/infoecos.com.ar\/index.php\/los-judiciales-reclaman-la-reapertura-de-la-paritaria-salarial\/\",\"url\":\"https:\/\/infoecos.com.ar\/index.php\/los-judiciales-reclaman-la-reapertura-de-la-paritaria-salarial\/\",\"name\":\"Los judiciales reclaman la reapertura de la paritaria salarial - Infoecos\",\"isPartOf\":{\"@id\":\"https:\/\/infoecos.com.ar\/#website\"},\"primaryImageOfPage\":{\"@id\":\"https:\/\/infoecos.com.ar\/index.php\/los-judiciales-reclaman-la-reapertura-de-la-paritaria-salarial\/#primaryimage\"},\"image\":{\"@id\":\"https:\/\/infoecos.com.ar\/index.php\/los-judiciales-reclaman-la-reapertura-de-la-paritaria-salarial\/#primaryimage\"},\"thumbnailUrl\":\"https:\/\/infoecos.com.ar\/wp-content\/uploads\/2020\/10\/ajb.jpg\",\"datePublished\":\"2021-12-14T06:59:17+00:00\",\"dateModified\":\"2021-12-14T07:02:00+00:00\",\"breadcrumb\":{\"@id\":\"https:\/\/infoecos.com.ar\/index.php\/los-judiciales-reclaman-la-reapertura-de-la-paritaria-salarial\/#breadcrumb\"},\"inLanguage\":\"es\",\"potentialAction\":[{\"@type\":\"ReadAction\",\"target\":[\"https:\/\/infoecos.com.ar\/index.php\/los-judiciales-reclaman-la-reapertura-de-la-paritaria-salarial\/\"]}]},{\"@type\":\"ImageObject\",\"inLanguage\":\"es\",\"@id\":\"https:\/\/infoecos.com.ar\/index.php\/los-judiciales-reclaman-la-reapertura-de-la-paritaria-salarial\/#primaryimage\",\"url\":\"https:\/\/infoecos.com.ar\/wp-content\/uploads\/2020\/10\/ajb.jpg\",\"contentUrl\":\"https:\/\/infoecos.com.ar\/wp-content\/uploads\/2020\/10\/ajb.jpg\",\"width\":601,\"height\":271},{\"@type\":\"BreadcrumbList\",\"@id\":\"https:\/\/infoecos.com.ar\/index.php\/los-judiciales-reclaman-la-reapertura-de-la-paritaria-salarial\/#breadcrumb\",\"itemListElement\":[{\"@type\":\"ListItem\",\"position\":1,\"name\":\"Portada\",\"item\":\"https:\/\/infoecos.com.ar\/\"},{\"@type\":\"ListItem\",\"position\":2,\"name\":\"Los judiciales reclaman la reapertura de la paritaria salarial\"}]},{\"@type\":\"WebSite\",\"@id\":\"https:\/\/infoecos.com.ar\/#website\",\"url\":\"https:\/\/infoecos.com.ar\/\",\"name\":\"Infoecos\",\"description\":\"Noticias de trenque lauquen y la zona\",\"publisher\":{\"@id\":\"https:\/\/infoecos.com.ar\/#organization\"},\"alternateName\":\"Noticias\",\"potentialAction\":[{\"@type\":\"SearchAction\",\"target\":{\"@type\":\"EntryPoint\",\"urlTemplate\":\"https:\/\/infoecos.com.ar\/?s={search_term_string}\"},\"query-input\":{\"@type\":\"PropertyValueSpecification\",\"valueRequired\":true,\"valueName\":\"search_term_string\"}}],\"inLanguage\":\"es\"},{\"@type\":\"Organization\",\"@id\":\"https:\/\/infoecos.com.ar\/#organization\",\"name\":\"Infoecos\",\"alternateName\":\"Noticias\",\"url\":\"https:\/\/infoecos.com.ar\/\",\"logo\":{\"@type\":\"ImageObject\",\"inLanguage\":\"es\",\"@id\":\"https:\/\/infoecos.com.ar\/#\/schema\/logo\/image\/\",\"url\":\"https:\/\/infoecos.com.ar\/wp-content\/uploads\/2024\/03\/cropped-logo.png\",\"contentUrl\":\"https:\/\/infoecos.com.ar\/wp-content\/uploads\/2024\/03\/cropped-logo.png\",\"width\":374,\"height\":90,\"caption\":\"Infoecos\"},\"image\":{\"@id\":\"https:\/\/infoecos.com.ar\/#\/schema\/logo\/image\/\"},\"sameAs\":[\"https:\/\/www.facebook.com\/profile.php?id=100063200290284\",\"https:\/\/x.com\/infoecos\"]},{\"@type\":\"Person\",\"@id\":\"https:\/\/infoecos.com.ar\/#\/schema\/person\/8f5ace5ce73b4b4aac4b7245aee6f191\",\"name\":\"Jorge Matheus\",\"url\":\"https:\/\/infoecos.com.ar\/index.php\/author\/jomatheus\/\"}]}<\/script>\n<!-- \/ Yoast SEO plugin. -->","yoast_head_json":{"title":"Los judiciales reclaman la reapertura de la paritaria salarial - Infoecos","robots":{"index":"index","follow":"follow","max-snippet":"max-snippet:-1","max-image-preview":"max-image-preview:large","max-video-preview":"max-video-preview:-1"},"canonical":"https:\/\/infoecos.com.ar\/index.php\/los-judiciales-reclaman-la-reapertura-de-la-paritaria-salarial\/","og_locale":"es_ES","og_type":"article","og_title":"Los judiciales reclaman la reapertura de la paritaria salarial - Infoecos","og_description":"La AJB exige un aumento salarial que permita recuperar el salario perdido en los \u00faltimos tres a\u00f1os, por lo que la oferta deber\u00eda ubicarse varios puntos por encima de la inflaci\u00f3n","og_url":"https:\/\/infoecos.com.ar\/index.php\/los-judiciales-reclaman-la-reapertura-de-la-paritaria-salarial\/","og_site_name":"Infoecos","article_publisher":"https:\/\/www.facebook.com\/profile.php?id=100063200290284","article_published_time":"2021-12-14T06:59:17+00:00","article_modified_time":"2021-12-14T07:02:00+00:00","og_image":[{"width":601,"height":271,"url":"https:\/\/infoecos.com.ar\/wp-content\/uploads\/2020\/10\/ajb.jpg","type":"image\/jpeg"}],"author":"Jorge Matheus","twitter_card":"summary_large_image","twitter_creator":"@infoecos","twitter_site":"@infoecos","twitter_misc":{"Escrito por":"Jorge Matheus","Tiempo de lectura":"1 minuto"},"schema":{"@context":"https:\/\/schema.org","@graph":[{"@type":"Article","@id":"https:\/\/infoecos.com.ar\/index.php\/los-judiciales-reclaman-la-reapertura-de-la-paritaria-salarial\/#article","isPartOf":{"@id":"https:\/\/infoecos.com.ar\/index.php\/los-judiciales-reclaman-la-reapertura-de-la-paritaria-salarial\/"},"author":{"name":"Jorge Matheus","@id":"https:\/\/infoecos.com.ar\/#\/schema\/person\/8f5ace5ce73b4b4aac4b7245aee6f191"},"headline":"Los judiciales reclaman la reapertura de la paritaria salarial","datePublished":"2021-12-14T06:59:17+00:00","dateModified":"2021-12-14T07:02:00+00:00","mainEntityOfPage":{"@id":"https:\/\/infoecos.com.ar\/index.php\/los-judiciales-reclaman-la-reapertura-de-la-paritaria-salarial\/"},"wordCount":198,"publisher":{"@id":"https:\/\/infoecos.com.ar\/#organization"},"image":{"@id":"https:\/\/infoecos.com.ar\/index.php\/los-judiciales-reclaman-la-reapertura-de-la-paritaria-salarial\/#primaryimage"},"thumbnailUrl":"https:\/\/infoecos.com.ar\/wp-content\/uploads\/2020\/10\/ajb.jpg","keywords":["convocatoria a asambleas"],"articleSection":["C1 N4"],"inLanguage":"es"},{"@type":"WebPage","@id":"https:\/\/infoecos.com.ar\/index.php\/los-judiciales-reclaman-la-reapertura-de-la-paritaria-salarial\/","url":"https:\/\/infoecos.com.ar\/index.php\/los-judiciales-reclaman-la-reapertura-de-la-paritaria-salarial\/","name":"Los judiciales reclaman la reapertura de la paritaria salarial - Infoecos","isPartOf":{"@id":"https:\/\/infoecos.com.ar\/#website"},"primaryImageOfPage":{"@id":"https:\/\/infoecos.com.ar\/index.php\/los-judiciales-reclaman-la-reapertura-de-la-paritaria-salarial\/#primaryimage"},"image":{"@id":"https:\/\/infoecos.com.ar\/index.php\/los-judiciales-reclaman-la-reapertura-de-la-paritaria-salarial\/#primaryimage"},"thumbnailUrl":"https:\/\/infoecos.com.ar\/wp-content\/uploads\/2020\/10\/ajb.jpg","datePublished":"2021-12-14T06:59:17+00:00","dateModified":"2021-12-14T07:02:00+00:00","breadcrumb":{"@id":"https:\/\/infoecos.com.ar\/index.php\/los-judiciales-reclaman-la-reapertura-de-la-paritaria-salarial\/#breadcrumb"},"inLanguage":"es","potentialAction":[{"@type":"ReadAction","target":["https:\/\/infoecos.com.ar\/index.php\/los-judiciales-reclaman-la-reapertura-de-la-paritaria-salarial\/"]}]},{"@type":"ImageObject","inLanguage":"es","@id":"https:\/\/infoecos.com.ar\/index.php\/los-judiciales-reclaman-la-reapertura-de-la-paritaria-salarial\/#primaryimage","url":"https:\/\/infoecos.com.ar\/wp-content\/uploads\/2020\/10\/ajb.jpg","contentUrl":"https:\/\/infoecos.com.ar\/wp-content\/uploads\/2020\/10\/ajb.jpg","width":601,"height":271},{"@type":"BreadcrumbList","@id":"https:\/\/infoecos.com.ar\/index.php\/los-judiciales-reclaman-la-reapertura-de-la-paritaria-salarial\/#breadcrumb","itemListElement":[{"@type":"ListItem","position":1,"name":"Portada","item":"https:\/\/infoecos.com.ar\/"},{"@type":"ListItem","position":2,"name":"Los judiciales reclaman la reapertura de la paritaria salarial"}]},{"@type":"WebSite","@id":"https:\/\/infoecos.com.ar\/#website","url":"https:\/\/infoecos.com.ar\/","name":"Infoecos","description":"Noticias de trenque lauquen y la zona","publisher":{"@id":"https:\/\/infoecos.com.ar\/#organization"},"alternateName":"Noticias","potentialAction":[{"@type":"SearchAction","target":{"@type":"EntryPoint","urlTemplate":"https:\/\/infoecos.com.ar\/?s={search_term_string}"},"query-input":{"@type":"PropertyValueSpecification","valueRequired":true,"valueName":"search_term_string"}}],"inLanguage":"es"},{"@type":"Organization","@id":"https:\/\/infoecos.com.ar\/#organization","name":"Infoecos","alternateName":"Noticias","url":"https:\/\/infoecos.com.ar\/","logo":{"@type":"ImageObject","inLanguage":"es","@id":"https:\/\/infoecos.com.ar\/#\/schema\/logo\/image\/","url":"https:\/\/infoecos.com.ar\/wp-content\/uploads\/2024\/03\/cropped-logo.png","contentUrl":"https:\/\/infoecos.com.ar\/wp-content\/uploads\/2024\/03\/cropped-logo.png","width":374,"height":90,"caption":"Infoecos"},"image":{"@id":"https:\/\/infoecos.com.ar\/#\/schema\/logo\/image\/"},"sameAs":["https:\/\/www.facebook.com\/profile.php?id=100063200290284","https:\/\/x.com\/infoecos"]},{"@type":"Person","@id":"https:\/\/infoecos.com.ar\/#\/schema\/person\/8f5ace5ce73b4b4aac4b7245aee6f191","name":"Jorge Matheus","url":"https:\/\/infoecos.com.ar\/index.php\/author\/jomatheus\/"}]}},"featured_image_urls":{"full":["https:\/\/infoecos.com.ar\/wp-content\/uploads\/2020\/10\/ajb.jpg",601,271,false],"thumbnail":["https:\/\/infoecos.com.ar\/wp-content\/uploads\/2020\/10\/ajb-150x150.jpg",150,150,true],"medium":["https:\/\/infoecos.com.ar\/wp-content\/uploads\/2020\/10\/ajb-460x207.jpg",460,207,true],"medium_large":["https:\/\/infoecos.com.ar\/wp-content\/uploads\/2020\/10\/ajb.jpg",601,271,false],"large":["https:\/\/infoecos.com.ar\/wp-content\/uploads\/2020\/10\/ajb.jpg",601,271,false],"1536x1536":["https:\/\/infoecos.com.ar\/wp-content\/uploads\/2020\/10\/ajb.jpg",601,271,false],"2048x2048":["https:\/\/infoecos.com.ar\/wp-content\/uploads\/2020\/10\/ajb.jpg",601,271,false],"covernews-slider-full":["https:\/\/infoecos.com.ar\/wp-content\/uploads\/2020\/10\/ajb.jpg",601,271,false],"covernews-slider-center":["https:\/\/infoecos.com.ar\/wp-content\/uploads\/2020\/10\/ajb.jpg",601,271,false],"covernews-featured":["https:\/\/infoecos.com.ar\/wp-content\/uploads\/2020\/10\/ajb.jpg",601,271,false],"covernews-medium":["https:\/\/infoecos.com.ar\/wp-content\/uploads\/2020\/10\/ajb.jpg",540,243,false],"covernews-medium-square":["https:\/\/infoecos.com.ar\/wp-content\/uploads\/2020\/10\/ajb.jpg",400,180,false]},"author_info":{"info":["Jorge Matheus"]},"category_info":"<a href=\"https:\/\/infoecos.com.ar\/index.php\/category\/c1nota4\/\" rel=\"category tag\">C1 N4<\/a>","tag_info":"C1 N4","comment_count":"0","_links":{"self":[{"href":"https:\/\/infoecos.com.ar\/index.php\/wp-json\/wp\/v2\/posts\/89835"}],"collection":[{"href":"https:\/\/infoecos.com.ar\/index.php\/wp-json\/wp\/v2\/posts"}],"about":[{"href":"https:\/\/infoecos.com.ar\/index.php\/wp-json\/wp\/v2\/types\/post"}],"author":[{"embeddable":true,"href":"https:\/\/infoecos.com.ar\/index.php\/wp-json\/wp\/v2\/users\/2"}],"replies":[{"embeddable":true,"href":"https:\/\/infoecos.com.ar\/index.php\/wp-json\/wp\/v2\/comments?post=89835"}],"version-history":[{"count":2,"href":"https:\/\/infoecos.com.ar\/index.php\/wp-json\/wp\/v2\/posts\/89835\/revisions"}],"predecessor-version":[{"id":89837,"href":"https:\/\/infoecos.com.ar\/index.php\/wp-json\/wp\/v2\/posts\/89835\/revisions\/89837"}],"wp:featuredmedia":[{"embeddable":true,"href":"https:\/\/infoecos.com.ar\/index.php\/wp-json\/wp\/v2\/media\/69413"}],"wp:attachment":[{"href":"https:\/\/infoecos.com.ar\/index.php\/wp-json\/wp\/v2\/media?parent=89835"}],"wp:term":[{"taxonomy":"category","embeddable":true,"href":"https:\/\/infoecos.com.ar\/index.php\/wp-json\/wp\/v2\/categories?post=89835"},{"taxonomy":"post_tag","embeddable":true,"href":"https:\/\/infoecos.com.ar\/index.php\/wp-json\/wp\/v2\/tags?post=89835"}],"curies":[{"name":"wp","href":"https:\/\/api.w.org\/{rel}","templated":true}]}}