{"id":89848,"date":"2021-12-14T04:43:21","date_gmt":"2021-12-14T07:43:21","guid":{"rendered":"http:\/\/infoecos.com.ar\/?p=89848"},"modified":"2021-12-14T04:43:29","modified_gmt":"2021-12-14T07:43:29","slug":"patricio-garcia-en-su-cuenta-de-facebook-senala-que-ya-se-encuentran-en-la-zona-tecnicos-de-vialidad-nacional","status":"publish","type":"post","link":"https:\/\/infoecos.com.ar\/index.php\/patricio-garcia-en-su-cuenta-de-facebook-senala-que-ya-se-encuentran-en-la-zona-tecnicos-de-vialidad-nacional\/","title":{"rendered":"Patricio Garc\u00eda en su cuenta de Facebook se\u00f1ala que ya se encuentran en la zona t\u00e9cnicos de Vialidad Nacional"},"content":{"rendered":"\n<p>En su cuenta de Facebook, Patricio Garc\u00eda se refiri\u00f3 a la situaci\u00f3n en el puente Cuero de Zorro. <\/p>\n\n\n\n<div class=\"wp-block-image is-style-default\"><figure class=\"aligncenter size-medium\"><img loading=\"lazy\" decoding=\"async\" width=\"460\" height=\"398\" src=\"http:\/\/infoecos.com.ar\/wp-content\/uploads\/2021\/12\/garciapatricio-460x398.jpg\" alt=\"\" class=\"wp-image-89849\" srcset=\"https:\/\/infoecos.com.ar\/wp-content\/uploads\/2021\/12\/garciapatricio-460x398.jpg 460w, https:\/\/infoecos.com.ar\/wp-content\/uploads\/2021\/12\/garciapatricio-920x796.jpg 920w, https:\/\/infoecos.com.ar\/wp-content\/uploads\/2021\/12\/garciapatricio-768x664.jpg 768w, https:\/\/infoecos.com.ar\/wp-content\/uploads\/2021\/12\/garciapatricio-1024x885.jpg 1024w, https:\/\/infoecos.com.ar\/wp-content\/uploads\/2021\/12\/garciapatricio.jpg 1242w\" sizes=\"(max-width: 460px) 100vw, 460px\" \/><\/figure><\/div>\n\n\n\n<p>Se\u00f1ala el funcionario nacional que \u00aben horas de la ma\u00f1ana junto a los Intendentes de <a href=\"https:\/\/www.facebook.com\/hashtag\/rivadavia?__eep__=6&amp;__cft__[0]=AZUgnbSnp_0MFddXoysQs4lhoyy_CZDHqgwzVLY3nIReBw2DBImOMcJVIyu48BVs79cuplysP9QzGyA5BN-DWr_Z6s5zY7nUMnQfdphVNdvEiIlyxOye2lkdGquSfNqBgrw&amp;__tn__=*NK-R\">#Rivadavia<\/a>, Javier Reynoso y de <a href=\"https:\/\/www.facebook.com\/hashtag\/trenquelauquen?__eep__=6&amp;__cft__[0]=AZUgnbSnp_0MFddXoysQs4lhoyy_CZDHqgwzVLY3nIReBw2DBImOMcJVIyu48BVs79cuplysP9QzGyA5BN-DWr_Z6s5zY7nUMnQfdphVNdvEiIlyxOye2lkdGquSfNqBgrw&amp;__tn__=*NK-R\">#TrenqueLauquen<\/a> Miguel Fernandez y el Senador provincial, Juanci Mart\u00ednez, nos reunimos con especialistas y t\u00e9cnicos, tanto de Vialidad Nacional c\u00f3mo de Hidr\u00e1ulica de la Pcia de Bs As, en la calzada de la RN33 que sufri\u00f3 una rotura a la altura del puente de laguna Cuero de Zorro\u201d. <\/p>\n\n\n\n<p>Apunta m\u00e1s adelante que los t\u00e9cnicos ya se encuentran trabajando en el lugar y realizando distintos sondeos aguas abajo, que nos permitan tomar una decisi\u00f3n en cuanto a las tareas a realizar para solucionar este problema lo antes posible. Ratifica que en el lugar se encuentran m\u00e1quinas de Vialidad Nacional, realizando trabajos de emergencia ante un eventual riesgo de desmoronamiento.<\/p>\n","protected":false},"excerpt":{"rendered":"<p>Ratifica que en el lugar se encuentran m\u00e1quinas de Vialidad Nacional, realizando trabajos de emergencia ante un eventual riesgo de desmoronamiento<\/p>\n","protected":false},"author":2,"featured_media":89849,"comment_status":"closed","ping_status":"open","sticky":false,"template":"","format":"standard","meta":{"footnotes":""},"categories":[48],"tags":[5673],"class_list":["post-89848","post","type-post","status-publish","format-standard","has-post-thumbnail","hentry","category-c2nota3","tag-luego-de-la-reunion-concretada-este-lunes"],"yoast_head":"<!-- This site is optimized with the Yoast SEO plugin v23.4 - https:\/\/yoast.com\/wordpress\/plugins\/seo\/ -->\n<title>Patricio Garc\u00eda en su cuenta de Facebook se\u00f1ala que ya se encuentran en la zona t\u00e9cnicos de Vialidad Nacional - Infoecos<\/title>\n<meta name=\"robots\" content=\"index, follow, max-snippet:-1, max-image-preview:large, max-video-preview:-1\" \/>\n<link rel=\"canonical\" href=\"https:\/\/infoecos.com.ar\/index.php\/patricio-garcia-en-su-cuenta-de-facebook-senala-que-ya-se-encuentran-en-la-zona-tecnicos-de-vialidad-nacional\/\" \/>\n<meta property=\"og:locale\" content=\"es_ES\" \/>\n<meta property=\"og:type\" content=\"article\" \/>\n<meta property=\"og:title\" content=\"Patricio Garc\u00eda en su cuenta de Facebook se\u00f1ala que ya se encuentran en la zona t\u00e9cnicos de Vialidad Nacional - Infoecos\" \/>\n<meta property=\"og:description\" content=\"Ratifica que en el lugar se encuentran m\u00e1quinas de Vialidad Nacional, realizando trabajos de emergencia ante un eventual riesgo de desmoronamiento\" \/>\n<meta property=\"og:url\" content=\"https:\/\/infoecos.com.ar\/index.php\/patricio-garcia-en-su-cuenta-de-facebook-senala-que-ya-se-encuentran-en-la-zona-tecnicos-de-vialidad-nacional\/\" \/>\n<meta property=\"og:site_name\" content=\"Infoecos\" \/>\n<meta property=\"article:publisher\" content=\"https:\/\/www.facebook.com\/profile.php?id=100063200290284\" \/>\n<meta property=\"article:published_time\" content=\"2021-12-14T07:43:21+00:00\" \/>\n<meta property=\"article:modified_time\" content=\"2021-12-14T07:43:29+00:00\" \/>\n<meta property=\"og:image\" content=\"https:\/\/infoecos.com.ar\/wp-content\/uploads\/2021\/12\/garciapatricio.jpg\" \/>\n\t<meta property=\"og:image:width\" content=\"1242\" \/>\n\t<meta property=\"og:image:height\" content=\"1074\" \/>\n\t<meta property=\"og:image:type\" content=\"image\/jpeg\" \/>\n<meta name=\"author\" content=\"Jorge Matheus\" \/>\n<meta name=\"twitter:card\" content=\"summary_large_image\" \/>\n<meta name=\"twitter:creator\" content=\"@infoecos\" \/>\n<meta name=\"twitter:site\" content=\"@infoecos\" \/>\n<meta name=\"twitter:label1\" content=\"Escrito por\" \/>\n\t<meta name=\"twitter:data1\" content=\"Jorge Matheus\" \/>\n\t<meta name=\"twitter:label2\" content=\"Tiempo de lectura\" \/>\n\t<meta name=\"twitter:data2\" content=\"1 minuto\" \/>\n<script type=\"application\/ld+json\" class=\"yoast-schema-graph\">{\"@context\":\"https:\/\/schema.org\",\"@graph\":[{\"@type\":\"Article\",\"@id\":\"https:\/\/infoecos.com.ar\/index.php\/patricio-garcia-en-su-cuenta-de-facebook-senala-que-ya-se-encuentran-en-la-zona-tecnicos-de-vialidad-nacional\/#article\",\"isPartOf\":{\"@id\":\"https:\/\/infoecos.com.ar\/index.php\/patricio-garcia-en-su-cuenta-de-facebook-senala-que-ya-se-encuentran-en-la-zona-tecnicos-de-vialidad-nacional\/\"},\"author\":{\"name\":\"Jorge Matheus\",\"@id\":\"https:\/\/infoecos.com.ar\/#\/schema\/person\/8f5ace5ce73b4b4aac4b7245aee6f191\"},\"headline\":\"Patricio Garc\u00eda en su cuenta de Facebook se\u00f1ala que ya se encuentran en la zona t\u00e9cnicos de Vialidad Nacional\",\"datePublished\":\"2021-12-14T07:43:21+00:00\",\"dateModified\":\"2021-12-14T07:43:29+00:00\",\"mainEntityOfPage\":{\"@id\":\"https:\/\/infoecos.com.ar\/index.php\/patricio-garcia-en-su-cuenta-de-facebook-senala-que-ya-se-encuentran-en-la-zona-tecnicos-de-vialidad-nacional\/\"},\"wordCount\":180,\"publisher\":{\"@id\":\"https:\/\/infoecos.com.ar\/#organization\"},\"image\":{\"@id\":\"https:\/\/infoecos.com.ar\/index.php\/patricio-garcia-en-su-cuenta-de-facebook-senala-que-ya-se-encuentran-en-la-zona-tecnicos-de-vialidad-nacional\/#primaryimage\"},\"thumbnailUrl\":\"https:\/\/infoecos.com.ar\/wp-content\/uploads\/2021\/12\/garciapatricio.jpg\",\"keywords\":[\"luego de la reuni\u00f3n concretada este lunes\"],\"articleSection\":[\"C2 N3\"],\"inLanguage\":\"es\"},{\"@type\":\"WebPage\",\"@id\":\"https:\/\/infoecos.com.ar\/index.php\/patricio-garcia-en-su-cuenta-de-facebook-senala-que-ya-se-encuentran-en-la-zona-tecnicos-de-vialidad-nacional\/\",\"url\":\"https:\/\/infoecos.com.ar\/index.php\/patricio-garcia-en-su-cuenta-de-facebook-senala-que-ya-se-encuentran-en-la-zona-tecnicos-de-vialidad-nacional\/\",\"name\":\"Patricio Garc\u00eda en su cuenta de Facebook se\u00f1ala que ya se encuentran en la zona t\u00e9cnicos de Vialidad Nacional - Infoecos\",\"isPartOf\":{\"@id\":\"https:\/\/infoecos.com.ar\/#website\"},\"primaryImageOfPage\":{\"@id\":\"https:\/\/infoecos.com.ar\/index.php\/patricio-garcia-en-su-cuenta-de-facebook-senala-que-ya-se-encuentran-en-la-zona-tecnicos-de-vialidad-nacional\/#primaryimage\"},\"image\":{\"@id\":\"https:\/\/infoecos.com.ar\/index.php\/patricio-garcia-en-su-cuenta-de-facebook-senala-que-ya-se-encuentran-en-la-zona-tecnicos-de-vialidad-nacional\/#primaryimage\"},\"thumbnailUrl\":\"https:\/\/infoecos.com.ar\/wp-content\/uploads\/2021\/12\/garciapatricio.jpg\",\"datePublished\":\"2021-12-14T07:43:21+00:00\",\"dateModified\":\"2021-12-14T07:43:29+00:00\",\"breadcrumb\":{\"@id\":\"https:\/\/infoecos.com.ar\/index.php\/patricio-garcia-en-su-cuenta-de-facebook-senala-que-ya-se-encuentran-en-la-zona-tecnicos-de-vialidad-nacional\/#breadcrumb\"},\"inLanguage\":\"es\",\"potentialAction\":[{\"@type\":\"ReadAction\",\"target\":[\"https:\/\/infoecos.com.ar\/index.php\/patricio-garcia-en-su-cuenta-de-facebook-senala-que-ya-se-encuentran-en-la-zona-tecnicos-de-vialidad-nacional\/\"]}]},{\"@type\":\"ImageObject\",\"inLanguage\":\"es\",\"@id\":\"https:\/\/infoecos.com.ar\/index.php\/patricio-garcia-en-su-cuenta-de-facebook-senala-que-ya-se-encuentran-en-la-zona-tecnicos-de-vialidad-nacional\/#primaryimage\",\"url\":\"https:\/\/infoecos.com.ar\/wp-content\/uploads\/2021\/12\/garciapatricio.jpg\",\"contentUrl\":\"https:\/\/infoecos.com.ar\/wp-content\/uploads\/2021\/12\/garciapatricio.jpg\",\"width\":1242,\"height\":1074},{\"@type\":\"BreadcrumbList\",\"@id\":\"https:\/\/infoecos.com.ar\/index.php\/patricio-garcia-en-su-cuenta-de-facebook-senala-que-ya-se-encuentran-en-la-zona-tecnicos-de-vialidad-nacional\/#breadcrumb\",\"itemListElement\":[{\"@type\":\"ListItem\",\"position\":1,\"name\":\"Portada\",\"item\":\"https:\/\/infoecos.com.ar\/\"},{\"@type\":\"ListItem\",\"position\":2,\"name\":\"Patricio Garc\u00eda en su cuenta de Facebook se\u00f1ala que ya se encuentran en la zona t\u00e9cnicos de Vialidad Nacional\"}]},{\"@type\":\"WebSite\",\"@id\":\"https:\/\/infoecos.com.ar\/#website\",\"url\":\"https:\/\/infoecos.com.ar\/\",\"name\":\"Infoecos\",\"description\":\"Noticias de trenque lauquen y la zona\",\"publisher\":{\"@id\":\"https:\/\/infoecos.com.ar\/#organization\"},\"alternateName\":\"Noticias\",\"potentialAction\":[{\"@type\":\"SearchAction\",\"target\":{\"@type\":\"EntryPoint\",\"urlTemplate\":\"https:\/\/infoecos.com.ar\/?s={search_term_string}\"},\"query-input\":{\"@type\":\"PropertyValueSpecification\",\"valueRequired\":true,\"valueName\":\"search_term_string\"}}],\"inLanguage\":\"es\"},{\"@type\":\"Organization\",\"@id\":\"https:\/\/infoecos.com.ar\/#organization\",\"name\":\"Infoecos\",\"alternateName\":\"Noticias\",\"url\":\"https:\/\/infoecos.com.ar\/\",\"logo\":{\"@type\":\"ImageObject\",\"inLanguage\":\"es\",\"@id\":\"https:\/\/infoecos.com.ar\/#\/schema\/logo\/image\/\",\"url\":\"https:\/\/infoecos.com.ar\/wp-content\/uploads\/2024\/03\/cropped-logo.png\",\"contentUrl\":\"https:\/\/infoecos.com.ar\/wp-content\/uploads\/2024\/03\/cropped-logo.png\",\"width\":374,\"height\":90,\"caption\":\"Infoecos\"},\"image\":{\"@id\":\"https:\/\/infoecos.com.ar\/#\/schema\/logo\/image\/\"},\"sameAs\":[\"https:\/\/www.facebook.com\/profile.php?id=100063200290284\",\"https:\/\/x.com\/infoecos\"]},{\"@type\":\"Person\",\"@id\":\"https:\/\/infoecos.com.ar\/#\/schema\/person\/8f5ace5ce73b4b4aac4b7245aee6f191\",\"name\":\"Jorge Matheus\",\"url\":\"https:\/\/infoecos.com.ar\/index.php\/author\/jomatheus\/\"}]}<\/script>\n<!-- \/ Yoast SEO plugin. -->","yoast_head_json":{"title":"Patricio Garc\u00eda en su cuenta de Facebook se\u00f1ala que ya se encuentran en la zona t\u00e9cnicos de Vialidad Nacional - Infoecos","robots":{"index":"index","follow":"follow","max-snippet":"max-snippet:-1","max-image-preview":"max-image-preview:large","max-video-preview":"max-video-preview:-1"},"canonical":"https:\/\/infoecos.com.ar\/index.php\/patricio-garcia-en-su-cuenta-de-facebook-senala-que-ya-se-encuentran-en-la-zona-tecnicos-de-vialidad-nacional\/","og_locale":"es_ES","og_type":"article","og_title":"Patricio Garc\u00eda en su cuenta de Facebook se\u00f1ala que ya se encuentran en la zona t\u00e9cnicos de Vialidad Nacional - Infoecos","og_description":"Ratifica que en el lugar se encuentran m\u00e1quinas de Vialidad Nacional, realizando trabajos de emergencia ante un eventual riesgo de desmoronamiento","og_url":"https:\/\/infoecos.com.ar\/index.php\/patricio-garcia-en-su-cuenta-de-facebook-senala-que-ya-se-encuentran-en-la-zona-tecnicos-de-vialidad-nacional\/","og_site_name":"Infoecos","article_publisher":"https:\/\/www.facebook.com\/profile.php?id=100063200290284","article_published_time":"2021-12-14T07:43:21+00:00","article_modified_time":"2021-12-14T07:43:29+00:00","og_image":[{"width":1242,"height":1074,"url":"https:\/\/infoecos.com.ar\/wp-content\/uploads\/2021\/12\/garciapatricio.jpg","type":"image\/jpeg"}],"author":"Jorge Matheus","twitter_card":"summary_large_image","twitter_creator":"@infoecos","twitter_site":"@infoecos","twitter_misc":{"Escrito por":"Jorge Matheus","Tiempo de lectura":"1 minuto"},"schema":{"@context":"https:\/\/schema.org","@graph":[{"@type":"Article","@id":"https:\/\/infoecos.com.ar\/index.php\/patricio-garcia-en-su-cuenta-de-facebook-senala-que-ya-se-encuentran-en-la-zona-tecnicos-de-vialidad-nacional\/#article","isPartOf":{"@id":"https:\/\/infoecos.com.ar\/index.php\/patricio-garcia-en-su-cuenta-de-facebook-senala-que-ya-se-encuentran-en-la-zona-tecnicos-de-vialidad-nacional\/"},"author":{"name":"Jorge Matheus","@id":"https:\/\/infoecos.com.ar\/#\/schema\/person\/8f5ace5ce73b4b4aac4b7245aee6f191"},"headline":"Patricio Garc\u00eda en su cuenta de Facebook se\u00f1ala que ya se encuentran en la zona t\u00e9cnicos de Vialidad Nacional","datePublished":"2021-12-14T07:43:21+00:00","dateModified":"2021-12-14T07:43:29+00:00","mainEntityOfPage":{"@id":"https:\/\/infoecos.com.ar\/index.php\/patricio-garcia-en-su-cuenta-de-facebook-senala-que-ya-se-encuentran-en-la-zona-tecnicos-de-vialidad-nacional\/"},"wordCount":180,"publisher":{"@id":"https:\/\/infoecos.com.ar\/#organization"},"image":{"@id":"https:\/\/infoecos.com.ar\/index.php\/patricio-garcia-en-su-cuenta-de-facebook-senala-que-ya-se-encuentran-en-la-zona-tecnicos-de-vialidad-nacional\/#primaryimage"},"thumbnailUrl":"https:\/\/infoecos.com.ar\/wp-content\/uploads\/2021\/12\/garciapatricio.jpg","keywords":["luego de la reuni\u00f3n concretada este lunes"],"articleSection":["C2 N3"],"inLanguage":"es"},{"@type":"WebPage","@id":"https:\/\/infoecos.com.ar\/index.php\/patricio-garcia-en-su-cuenta-de-facebook-senala-que-ya-se-encuentran-en-la-zona-tecnicos-de-vialidad-nacional\/","url":"https:\/\/infoecos.com.ar\/index.php\/patricio-garcia-en-su-cuenta-de-facebook-senala-que-ya-se-encuentran-en-la-zona-tecnicos-de-vialidad-nacional\/","name":"Patricio Garc\u00eda en su cuenta de Facebook se\u00f1ala que ya se encuentran en la zona t\u00e9cnicos de Vialidad Nacional - Infoecos","isPartOf":{"@id":"https:\/\/infoecos.com.ar\/#website"},"primaryImageOfPage":{"@id":"https:\/\/infoecos.com.ar\/index.php\/patricio-garcia-en-su-cuenta-de-facebook-senala-que-ya-se-encuentran-en-la-zona-tecnicos-de-vialidad-nacional\/#primaryimage"},"image":{"@id":"https:\/\/infoecos.com.ar\/index.php\/patricio-garcia-en-su-cuenta-de-facebook-senala-que-ya-se-encuentran-en-la-zona-tecnicos-de-vialidad-nacional\/#primaryimage"},"thumbnailUrl":"https:\/\/infoecos.com.ar\/wp-content\/uploads\/2021\/12\/garciapatricio.jpg","datePublished":"2021-12-14T07:43:21+00:00","dateModified":"2021-12-14T07:43:29+00:00","breadcrumb":{"@id":"https:\/\/infoecos.com.ar\/index.php\/patricio-garcia-en-su-cuenta-de-facebook-senala-que-ya-se-encuentran-en-la-zona-tecnicos-de-vialidad-nacional\/#breadcrumb"},"inLanguage":"es","potentialAction":[{"@type":"ReadAction","target":["https:\/\/infoecos.com.ar\/index.php\/patricio-garcia-en-su-cuenta-de-facebook-senala-que-ya-se-encuentran-en-la-zona-tecnicos-de-vialidad-nacional\/"]}]},{"@type":"ImageObject","inLanguage":"es","@id":"https:\/\/infoecos.com.ar\/index.php\/patricio-garcia-en-su-cuenta-de-facebook-senala-que-ya-se-encuentran-en-la-zona-tecnicos-de-vialidad-nacional\/#primaryimage","url":"https:\/\/infoecos.com.ar\/wp-content\/uploads\/2021\/12\/garciapatricio.jpg","contentUrl":"https:\/\/infoecos.com.ar\/wp-content\/uploads\/2021\/12\/garciapatricio.jpg","width":1242,"height":1074},{"@type":"BreadcrumbList","@id":"https:\/\/infoecos.com.ar\/index.php\/patricio-garcia-en-su-cuenta-de-facebook-senala-que-ya-se-encuentran-en-la-zona-tecnicos-de-vialidad-nacional\/#breadcrumb","itemListElement":[{"@type":"ListItem","position":1,"name":"Portada","item":"https:\/\/infoecos.com.ar\/"},{"@type":"ListItem","position":2,"name":"Patricio Garc\u00eda en su cuenta de Facebook se\u00f1ala que ya se encuentran en la zona t\u00e9cnicos de Vialidad Nacional"}]},{"@type":"WebSite","@id":"https:\/\/infoecos.com.ar\/#website","url":"https:\/\/infoecos.com.ar\/","name":"Infoecos","description":"Noticias de trenque lauquen y la zona","publisher":{"@id":"https:\/\/infoecos.com.ar\/#organization"},"alternateName":"Noticias","potentialAction":[{"@type":"SearchAction","target":{"@type":"EntryPoint","urlTemplate":"https:\/\/infoecos.com.ar\/?s={search_term_string}"},"query-input":{"@type":"PropertyValueSpecification","valueRequired":true,"valueName":"search_term_string"}}],"inLanguage":"es"},{"@type":"Organization","@id":"https:\/\/infoecos.com.ar\/#organization","name":"Infoecos","alternateName":"Noticias","url":"https:\/\/infoecos.com.ar\/","logo":{"@type":"ImageObject","inLanguage":"es","@id":"https:\/\/infoecos.com.ar\/#\/schema\/logo\/image\/","url":"https:\/\/infoecos.com.ar\/wp-content\/uploads\/2024\/03\/cropped-logo.png","contentUrl":"https:\/\/infoecos.com.ar\/wp-content\/uploads\/2024\/03\/cropped-logo.png","width":374,"height":90,"caption":"Infoecos"},"image":{"@id":"https:\/\/infoecos.com.ar\/#\/schema\/logo\/image\/"},"sameAs":["https:\/\/www.facebook.com\/profile.php?id=100063200290284","https:\/\/x.com\/infoecos"]},{"@type":"Person","@id":"https:\/\/infoecos.com.ar\/#\/schema\/person\/8f5ace5ce73b4b4aac4b7245aee6f191","name":"Jorge Matheus","url":"https:\/\/infoecos.com.ar\/index.php\/author\/jomatheus\/"}]}},"featured_image_urls":{"full":["https:\/\/infoecos.com.ar\/wp-content\/uploads\/2021\/12\/garciapatricio.jpg",1242,1074,false],"thumbnail":["https:\/\/infoecos.com.ar\/wp-content\/uploads\/2021\/12\/garciapatricio-150x150.jpg",150,150,true],"medium":["https:\/\/infoecos.com.ar\/wp-content\/uploads\/2021\/12\/garciapatricio-460x398.jpg",460,398,true],"medium_large":["https:\/\/infoecos.com.ar\/wp-content\/uploads\/2021\/12\/garciapatricio-768x664.jpg",640,553,true],"large":["https:\/\/infoecos.com.ar\/wp-content\/uploads\/2021\/12\/garciapatricio-920x796.jpg",640,554,true],"1536x1536":["https:\/\/infoecos.com.ar\/wp-content\/uploads\/2021\/12\/garciapatricio.jpg",1242,1074,false],"2048x2048":["https:\/\/infoecos.com.ar\/wp-content\/uploads\/2021\/12\/garciapatricio.jpg",1242,1074,false],"covernews-slider-full":["https:\/\/infoecos.com.ar\/wp-content\/uploads\/2021\/12\/garciapatricio-1242x1020.jpg",871,715,true],"covernews-slider-center":["https:\/\/infoecos.com.ar\/wp-content\/uploads\/2021\/12\/garciapatricio-936x897.jpg",522,500,true],"covernews-featured":["https:\/\/infoecos.com.ar\/wp-content\/uploads\/2021\/12\/garciapatricio-1024x885.jpg",1024,885,true],"covernews-medium":["https:\/\/infoecos.com.ar\/wp-content\/uploads\/2021\/12\/garciapatricio-720x380.jpg",540,285,true],"covernews-medium-square":["https:\/\/infoecos.com.ar\/wp-content\/uploads\/2021\/12\/garciapatricio-675x450.jpg",375,250,true]},"author_info":{"info":["Jorge Matheus"]},"category_info":"<a href=\"https:\/\/infoecos.com.ar\/index.php\/category\/c2nota3\/\" rel=\"category tag\">C2 N3<\/a>","tag_info":"C2 N3","comment_count":"0","_links":{"self":[{"href":"https:\/\/infoecos.com.ar\/index.php\/wp-json\/wp\/v2\/posts\/89848"}],"collection":[{"href":"https:\/\/infoecos.com.ar\/index.php\/wp-json\/wp\/v2\/posts"}],"about":[{"href":"https:\/\/infoecos.com.ar\/index.php\/wp-json\/wp\/v2\/types\/post"}],"author":[{"embeddable":true,"href":"https:\/\/infoecos.com.ar\/index.php\/wp-json\/wp\/v2\/users\/2"}],"replies":[{"embeddable":true,"href":"https:\/\/infoecos.com.ar\/index.php\/wp-json\/wp\/v2\/comments?post=89848"}],"version-history":[{"count":1,"href":"https:\/\/infoecos.com.ar\/index.php\/wp-json\/wp\/v2\/posts\/89848\/revisions"}],"predecessor-version":[{"id":89850,"href":"https:\/\/infoecos.com.ar\/index.php\/wp-json\/wp\/v2\/posts\/89848\/revisions\/89850"}],"wp:featuredmedia":[{"embeddable":true,"href":"https:\/\/infoecos.com.ar\/index.php\/wp-json\/wp\/v2\/media\/89849"}],"wp:attachment":[{"href":"https:\/\/infoecos.com.ar\/index.php\/wp-json\/wp\/v2\/media?parent=89848"}],"wp:term":[{"taxonomy":"category","embeddable":true,"href":"https:\/\/infoecos.com.ar\/index.php\/wp-json\/wp\/v2\/categories?post=89848"},{"taxonomy":"post_tag","embeddable":true,"href":"https:\/\/infoecos.com.ar\/index.php\/wp-json\/wp\/v2\/tags?post=89848"}],"curies":[{"name":"wp","href":"https:\/\/api.w.org\/{rel}","templated":true}]}}