{"id":89852,"date":"2021-12-14T05:00:31","date_gmt":"2021-12-14T08:00:31","guid":{"rendered":"http:\/\/infoecos.com.ar\/?p=89852"},"modified":"2021-12-14T05:00:43","modified_gmt":"2021-12-14T08:00:43","slug":"zurro-le-pidio-a-conte-grand-a-traves-de-un-video-que-presente-la-renuncia","status":"publish","type":"post","link":"https:\/\/infoecos.com.ar\/index.php\/zurro-le-pidio-a-conte-grand-a-traves-de-un-video-que-presente-la-renuncia\/","title":{"rendered":"Zurro le pidi\u00f3 a Conte Grand, a trav\u00e9s de un video, que presente la renuncia"},"content":{"rendered":"\n<p class=\"wp-block-paragraph\">El intendente de Pehuaj\u00f3, Pablo Zurro, le pidi\u00f3 al Procurador General Fiscal de la provincia de Buenos Aires que presente la renuncia. Lo hizo a trav\u00e9s de un video en las redes sociales, luego de la foto donde comparten una comida, el ex presidente de la Naci\u00f3n, Mauricio Macri y Julio Conte Grand,.<\/p>\n\n\n\n<p class=\"wp-block-paragraph\">\u201cDoctor Conte Grand, si tiene un tres por ciento de \u00e9tica tiene que renunciar hoy\u201d, requiri\u00f3 el jefe Comunal.<\/p>\n\n\n\n<div class=\"wp-block-image is-style-default\"><figure class=\"aligncenter size-large\"><img loading=\"lazy\" decoding=\"async\" width=\"300\" height=\"200\" src=\"http:\/\/infoecos.com.ar\/wp-content\/uploads\/2021\/12\/macriconcontegrand.jpg\" alt=\"\" class=\"wp-image-89853\"\/><\/figure><\/div>\n\n\n\n<p class=\"wp-block-paragraph\">\u201cCuando uno ve la foto de Macri con el jefe de fiscales, solo me queda una reflexi\u00f3n por hacer. A \u00a0Macri no le voy a pedir nada, no voy a perder el tiempo, pero a usted si Doctor Conte Grand\u201d, se\u00f1ala Zurro.<\/p>\n\n\n\n<div class=\"wp-block-image is-style-default\"><figure class=\"aligncenter size-medium\"><img loading=\"lazy\" decoding=\"async\" width=\"460\" height=\"316\" src=\"http:\/\/infoecos.com.ar\/wp-content\/uploads\/2021\/12\/zurrocontegrand-460x316.jpg\" alt=\"\" class=\"wp-image-89854\" srcset=\"https:\/\/infoecos.com.ar\/wp-content\/uploads\/2021\/12\/zurrocontegrand-460x316.jpg 460w, https:\/\/infoecos.com.ar\/wp-content\/uploads\/2021\/12\/zurrocontegrand.jpg 689w\" sizes=\"auto, (max-width: 460px) 100vw, 460px\" \/><figcaption>Zurro con Conte Grand en una visita que el procurador realiz\u00f3 a Pehuaj\u00f3<\/figcaption><\/figure><\/div>\n\n\n\n<p class=\"wp-block-paragraph\">\u201cCon mucho respeto le digo, hay una palabra que se llama \u00e9tica y usted va a saber interpretar el deseo de la gente honesta. Usted va a saber \u00a0que hay cosas, que por m\u00e1s que este en el cargo que este, no se hacen doctor\u201d, dice el mandatario comunal.<\/p>\n\n\n\n<p class=\"wp-block-paragraph\">Explica que durante el fin de semana analiz\u00f3 lo que sucedi\u00f3, manifestando que \u201ccreo que puedo opinar por lo que represento, por haber sido muy perseguido por la Justicia en la \u00e9poca del vergonzoso Macri\u201d.<\/p>\n\n\n\n<p class=\"wp-block-paragraph\">Fuente y fotos: 365pehuajo.com.ar<\/p>\n","protected":false},"excerpt":{"rendered":"<p>Manifest\u00f3, entre otras cosas, que \u201ccreo que puedo opinar por lo que represento, por haber sido muy perseguido por la Justicia en la \u00e9poca del vergonzoso Macri\u201d<\/p>\n","protected":false},"author":2,"featured_media":89854,"comment_status":"closed","ping_status":"open","sticky":false,"template":"","format":"standard","meta":{"footnotes":""},"categories":[49],"tags":[5674],"class_list":["post-89852","post","type-post","status-publish","format-standard","has-post-thumbnail","hentry","category-c3nota3","tag-a-raiz-de-la-foto-con-macri"],"featured_image_urls":{"full":["https:\/\/infoecos.com.ar\/wp-content\/uploads\/2021\/12\/zurrocontegrand.jpg",689,473,false],"thumbnail":["https:\/\/infoecos.com.ar\/wp-content\/uploads\/2021\/12\/zurrocontegrand-150x150.jpg",150,150,true],"medium":["https:\/\/infoecos.com.ar\/wp-content\/uploads\/2021\/12\/zurrocontegrand-460x316.jpg",460,316,true],"medium_large":["https:\/\/infoecos.com.ar\/wp-content\/uploads\/2021\/12\/zurrocontegrand.jpg",640,439,false],"large":["https:\/\/infoecos.com.ar\/wp-content\/uploads\/2021\/12\/zurrocontegrand.jpg",640,439,false],"1536x1536":["https:\/\/infoecos.com.ar\/wp-content\/uploads\/2021\/12\/zurrocontegrand.jpg",689,473,false],"2048x2048":["https:\/\/infoecos.com.ar\/wp-content\/uploads\/2021\/12\/zurrocontegrand.jpg",689,473,false],"covernews-slider-full":["https:\/\/infoecos.com.ar\/wp-content\/uploads\/2021\/12\/zurrocontegrand.jpg",689,473,false],"covernews-slider-center":["https:\/\/infoecos.com.ar\/wp-content\/uploads\/2021\/12\/zurrocontegrand.jpg",689,473,false],"covernews-featured":["https:\/\/infoecos.com.ar\/wp-content\/uploads\/2021\/12\/zurrocontegrand.jpg",689,473,false],"covernews-medium":["https:\/\/infoecos.com.ar\/wp-content\/uploads\/2021\/12\/zurrocontegrand-689x380.jpg",540,298,true],"covernews-medium-square":["https:\/\/infoecos.com.ar\/wp-content\/uploads\/2021\/12\/zurrocontegrand-675x450.jpg",375,250,true]},"author_info":{"info":["Jorge Matheus"]},"category_info":"<a href=\"https:\/\/infoecos.com.ar\/index.php\/category\/c3nota3\/\" rel=\"category tag\">C3 N3<\/a>","tag_info":"C3 N3","comment_count":"0","_links":{"self":[{"href":"https:\/\/infoecos.com.ar\/index.php\/wp-json\/wp\/v2\/posts\/89852","targetHints":{"allow":["GET"]}}],"collection":[{"href":"https:\/\/infoecos.com.ar\/index.php\/wp-json\/wp\/v2\/posts"}],"about":[{"href":"https:\/\/infoecos.com.ar\/index.php\/wp-json\/wp\/v2\/types\/post"}],"author":[{"embeddable":true,"href":"https:\/\/infoecos.com.ar\/index.php\/wp-json\/wp\/v2\/users\/2"}],"replies":[{"embeddable":true,"href":"https:\/\/infoecos.com.ar\/index.php\/wp-json\/wp\/v2\/comments?post=89852"}],"version-history":[{"count":1,"href":"https:\/\/infoecos.com.ar\/index.php\/wp-json\/wp\/v2\/posts\/89852\/revisions"}],"predecessor-version":[{"id":89855,"href":"https:\/\/infoecos.com.ar\/index.php\/wp-json\/wp\/v2\/posts\/89852\/revisions\/89855"}],"wp:featuredmedia":[{"embeddable":true,"href":"https:\/\/infoecos.com.ar\/index.php\/wp-json\/wp\/v2\/media\/89854"}],"wp:attachment":[{"href":"https:\/\/infoecos.com.ar\/index.php\/wp-json\/wp\/v2\/media?parent=89852"}],"wp:term":[{"taxonomy":"category","embeddable":true,"href":"https:\/\/infoecos.com.ar\/index.php\/wp-json\/wp\/v2\/categories?post=89852"},{"taxonomy":"post_tag","embeddable":true,"href":"https:\/\/infoecos.com.ar\/index.php\/wp-json\/wp\/v2\/tags?post=89852"}],"curies":[{"name":"wp","href":"https:\/\/api.w.org\/{rel}","templated":true}]}}