{"id":89865,"date":"2021-12-14T13:51:08","date_gmt":"2021-12-14T16:51:08","guid":{"rendered":"http:\/\/infoecos.com.ar\/?p=89865"},"modified":"2021-12-14T13:52:05","modified_gmt":"2021-12-14T16:52:05","slug":"se-reportaron-este-martes-16-casos-activos-de-coronavirus-en-el-distrito-de-trenque-lauquen","status":"publish","type":"post","link":"https:\/\/infoecos.com.ar\/index.php\/se-reportaron-este-martes-16-casos-activos-de-coronavirus-en-el-distrito-de-trenque-lauquen\/","title":{"rendered":"Este martes se reportaron 16 casos activos de Coronavirus en el distrito de Trenque Lauquen"},"content":{"rendered":"\n<p class=\"wp-block-paragraph\">En su parte diario de la situaci\u00f3n epidemiol\u00f3gica del distrito por la pandemia de Covid-19 la subsecretar\u00eda de Salud municipal report\u00f3 este martes una (1) persona recuperada, 62 casos descartados, 69 personas en aislamiento y 21 casos sospechosos a la espera del resultado de las muestras, siendo 16 los casos que se encuentran activos.<\/p>\n\n\n\n<p class=\"wp-block-paragraph\">Entre los 16 casos , nueve (9) son de Trenque Lauquen, seis (6) de Treinta de Agosto y uno (1) de Beruti, y 14 est\u00e1n en sus domicilios y dos (2) en el Hospital Municipal.<\/p>\n\n\n\n<div class=\"wp-block-image is-style-default\"><figure class=\"aligncenter size-medium\"><img loading=\"lazy\" decoding=\"async\" width=\"460\" height=\"423\" src=\"http:\/\/infoecos.com.ar\/wp-content\/uploads\/2021\/12\/reportecoronavirus-460x423.jpg\" alt=\"\" class=\"wp-image-89866\" srcset=\"https:\/\/infoecos.com.ar\/wp-content\/uploads\/2021\/12\/reportecoronavirus-460x423.jpg 460w, https:\/\/infoecos.com.ar\/wp-content\/uploads\/2021\/12\/reportecoronavirus-768x706.jpg 768w, https:\/\/infoecos.com.ar\/wp-content\/uploads\/2021\/12\/reportecoronavirus.jpg 800w\" sizes=\"auto, (max-width: 460px) 100vw, 460px\" \/><\/figure><\/div>\n\n\n\n<p class=\"wp-block-paragraph\">Desde marzo de 2020 hasta la fecha suman 25.736 los casos descartados, incluidos los 62 de las \u00faltimas 24 horas: 58 de la ciudad cabecera, dos (2) de Treinta de Agosto y dos (2) de Beruti. Y en ese mismo lapso, con la persona recuperada, que es de Trenque Lauquen, 10.287 ya recibieron el alta.<\/p>\n\n\n\n<p class=\"wp-block-paragraph\">Hay 69 personas en aislamiento: 40 de Trenque Lauquen y 29 de Treinta de Agosto, y quedan 21 casos sospechosos, cuatro (4) de la ciudad cabecera y 17 de Treinta de Agosto.<\/p>\n\n\n\n<p class=\"wp-block-paragraph\">Si bien hoy hubo una pausa despu\u00e9s de diez (10) consecutivos en los que se confirmaron casos, circunstancia que pod\u00eda preverse que iba a ocurrir, la cartera sanitaria municipal reitera la importancia de vacunarse y la necesidad de respetar los cuidados preventivos b\u00e1sicos y no relajarse para mantener una situaci\u00f3n epidemiol\u00f3gica en el distrito que permita disfrutar de flexibilidades y posibilidades de desarrollar actividades que hasta hace un tiempo estuvieron vedadas.<\/p>\n\n\n\n<p class=\"wp-block-paragraph\">Asimismo recuerda que la r\u00e1pida detecci\u00f3n de un caso positivo -y el posterior aislamiento correspondiente-, sigue siendo una de las herramientas determinantes para impedir la propagaci\u00f3n del virus. Y solicita que de confirmarse un caso, la persona informe de manera inmediata sus contactos para adoptar los recaudos previstos.<\/p>\n\n\n\n<p class=\"wp-block-paragraph\">El \u00e1rea de Epidemiolog\u00eda del Hospital Orellana destaca la continuidad en la concurrencia de vecinas y vecinos que a diario y de manera voluntaria sacan turno o se acercan en forma espont\u00e1nea hasta el Centro Municipal de Testeo para hisoparse, y alienta a mantener esa actitud ante la aparici\u00f3n de alguno de los s\u00edntomas descriptos en el cuadro de probables casos de Covid-19.<\/p>\n","protected":false},"excerpt":{"rendered":"<p>Entre los 16 casos , nueve (9) son de Trenque Lauquen, seis (6) de Treinta de Agosto y uno (1) de Beruti, y 14 est\u00e1n en sus domicilios y dos (2) en el Hospital Municipal<\/p>\n","protected":false},"author":2,"featured_media":77226,"comment_status":"closed","ping_status":"open","sticky":false,"template":"","format":"standard","meta":{"footnotes":""},"categories":[1613],"tags":[],"class_list":["post-89865","post","type-post","status-publish","format-standard","has-post-thumbnail","hentry","category-noticia-secundaria"],"featured_image_urls":{"full":["https:\/\/infoecos.com.ar\/wp-content\/uploads\/2021\/04\/Hospital-Municipal.jpg",1010,568,false],"thumbnail":["https:\/\/infoecos.com.ar\/wp-content\/uploads\/2021\/04\/Hospital-Municipal-150x150.jpg",150,150,true],"medium":["https:\/\/infoecos.com.ar\/wp-content\/uploads\/2021\/04\/Hospital-Municipal-460x259.jpg",460,259,true],"medium_large":["https:\/\/infoecos.com.ar\/wp-content\/uploads\/2021\/04\/Hospital-Municipal-768x432.jpg",640,360,true],"large":["https:\/\/infoecos.com.ar\/wp-content\/uploads\/2021\/04\/Hospital-Municipal-920x517.jpg",640,360,true],"1536x1536":["https:\/\/infoecos.com.ar\/wp-content\/uploads\/2021\/04\/Hospital-Municipal.jpg",1010,568,false],"2048x2048":["https:\/\/infoecos.com.ar\/wp-content\/uploads\/2021\/04\/Hospital-Municipal.jpg",1010,568,false],"covernews-slider-full":["https:\/\/infoecos.com.ar\/wp-content\/uploads\/2021\/04\/Hospital-Municipal.jpg",1010,568,false],"covernews-slider-center":["https:\/\/infoecos.com.ar\/wp-content\/uploads\/2021\/04\/Hospital-Municipal-936x568.jpg",800,485,true],"covernews-featured":["https:\/\/infoecos.com.ar\/wp-content\/uploads\/2021\/04\/Hospital-Municipal.jpg",1010,568,false],"covernews-medium":["https:\/\/infoecos.com.ar\/wp-content\/uploads\/2021\/04\/Hospital-Municipal-720x380.jpg",540,285,true],"covernews-medium-square":["https:\/\/infoecos.com.ar\/wp-content\/uploads\/2021\/04\/Hospital-Municipal-675x450.jpg",375,250,true]},"author_info":{"info":["Jorge Matheus"]},"category_info":"<a href=\"https:\/\/infoecos.com.ar\/index.php\/category\/noticia-secundaria\/\" rel=\"category tag\">Noticia Secundaria<\/a>","tag_info":"Noticia Secundaria","comment_count":"0","_links":{"self":[{"href":"https:\/\/infoecos.com.ar\/index.php\/wp-json\/wp\/v2\/posts\/89865","targetHints":{"allow":["GET"]}}],"collection":[{"href":"https:\/\/infoecos.com.ar\/index.php\/wp-json\/wp\/v2\/posts"}],"about":[{"href":"https:\/\/infoecos.com.ar\/index.php\/wp-json\/wp\/v2\/types\/post"}],"author":[{"embeddable":true,"href":"https:\/\/infoecos.com.ar\/index.php\/wp-json\/wp\/v2\/users\/2"}],"replies":[{"embeddable":true,"href":"https:\/\/infoecos.com.ar\/index.php\/wp-json\/wp\/v2\/comments?post=89865"}],"version-history":[{"count":2,"href":"https:\/\/infoecos.com.ar\/index.php\/wp-json\/wp\/v2\/posts\/89865\/revisions"}],"predecessor-version":[{"id":89868,"href":"https:\/\/infoecos.com.ar\/index.php\/wp-json\/wp\/v2\/posts\/89865\/revisions\/89868"}],"wp:featuredmedia":[{"embeddable":true,"href":"https:\/\/infoecos.com.ar\/index.php\/wp-json\/wp\/v2\/media\/77226"}],"wp:attachment":[{"href":"https:\/\/infoecos.com.ar\/index.php\/wp-json\/wp\/v2\/media?parent=89865"}],"wp:term":[{"taxonomy":"category","embeddable":true,"href":"https:\/\/infoecos.com.ar\/index.php\/wp-json\/wp\/v2\/categories?post=89865"},{"taxonomy":"post_tag","embeddable":true,"href":"https:\/\/infoecos.com.ar\/index.php\/wp-json\/wp\/v2\/tags?post=89865"}],"curies":[{"name":"wp","href":"https:\/\/api.w.org\/{rel}","templated":true}]}}