{"id":89888,"date":"2021-12-16T16:52:43","date_gmt":"2021-12-16T19:52:43","guid":{"rendered":"http:\/\/infoecos.com.ar\/?p=89888"},"modified":"2021-12-16T16:52:49","modified_gmt":"2021-12-16T19:52:49","slug":"presupuesto-nacional-esta-sesionando-la-camara-de-diputados-de-la-nacion","status":"publish","type":"post","link":"https:\/\/infoecos.com.ar\/index.php\/presupuesto-nacional-esta-sesionando-la-camara-de-diputados-de-la-nacion\/","title":{"rendered":"Presupuesto Nacional: est\u00e1 sesionando la C\u00e1mara de Diputados de la Naci\u00f3n"},"content":{"rendered":"\n<p>Sesi\u00f3n especial en la C\u00e1mara de Diputados a fin de considerar el proyecto de ley de Presupuesto General de la Administraci\u00f3n Nacional para el Ejercicio Fiscal del a\u00f1o 2022.<\/p>\n\n\n\n<div class=\"wp-block-image is-style-default\"><figure class=\"aligncenter size-medium\"><img decoding=\"async\" src=\"http:\/\/infoecos.com.ar\/wp-content\/uploads\/DYN718-SDARC-202927-460x259.jpg\" alt=\"\" class=\"wp-image-56788\"\/><figcaption>C\u00e1mara de Diputados de la Naci\u00f3n<\/figcaption><\/figure><\/div>\n\n\n\n<p>La actividad se podr\u00e1 seguir en los siguientes canales:<\/p>\n\n\n\n<p>En TV: Diputados TV<\/p>\n\n\n\n<p>En la web: dtv.diputados.gob.ar<\/p>\n\n\n\n<p>YouTube: Hcdn.tv<\/p>\n\n\n\n<p>FB: \/diputados.argentina<\/p>\n\n\n\n<figure class=\"wp-block-embed is-type-video is-provider-youtube wp-block-embed-youtube wp-embed-aspect-4-3 wp-has-aspect-ratio\"><div class=\"wp-block-embed__wrapper\">\n<iframe loading=\"lazy\" title=\"SESI\u00d3N EN VIVO: H. C\u00e1mara de Diputados de la Naci\u00f3n - 16 de diciembre de 2021\" width=\"640\" height=\"480\" src=\"https:\/\/www.youtube.com\/embed\/4IQ6_lXBrfM?feature=oembed\" frameborder=\"0\" allow=\"accelerometer; autoplay; clipboard-write; encrypted-media; gyroscope; picture-in-picture; web-share\" referrerpolicy=\"strict-origin-when-cross-origin\" allowfullscreen><\/iframe>\n<\/div><\/figure>\n","protected":false},"excerpt":{"rendered":"<p>La sesi\u00f3n puede seguirse ingresando a esta informaci\u00f3n<\/p>\n","protected":false},"author":2,"featured_media":56788,"comment_status":"closed","ping_status":"open","sticky":false,"template":"","format":"standard","meta":{"footnotes":""},"categories":[28],"tags":[1767],"class_list":["post-89888","post","type-post","status-publish","format-standard","has-post-thumbnail","hentry","category-c1nota1","tag-politica-y-economia-3"],"yoast_head":"<!-- This site is optimized with the Yoast SEO plugin v23.4 - https:\/\/yoast.com\/wordpress\/plugins\/seo\/ -->\n<title>Presupuesto Nacional: est\u00e1 sesionando la C\u00e1mara de Diputados de la Naci\u00f3n - Infoecos<\/title>\n<meta name=\"robots\" content=\"index, follow, max-snippet:-1, max-image-preview:large, max-video-preview:-1\" \/>\n<link rel=\"canonical\" href=\"https:\/\/infoecos.com.ar\/index.php\/presupuesto-nacional-esta-sesionando-la-camara-de-diputados-de-la-nacion\/\" \/>\n<meta property=\"og:locale\" content=\"es_ES\" \/>\n<meta property=\"og:type\" content=\"article\" \/>\n<meta property=\"og:title\" content=\"Presupuesto Nacional: est\u00e1 sesionando la C\u00e1mara de Diputados de la Naci\u00f3n - Infoecos\" \/>\n<meta property=\"og:description\" content=\"La sesi\u00f3n puede seguirse ingresando a esta informaci\u00f3n\" \/>\n<meta property=\"og:url\" content=\"https:\/\/infoecos.com.ar\/index.php\/presupuesto-nacional-esta-sesionando-la-camara-de-diputados-de-la-nacion\/\" \/>\n<meta property=\"og:site_name\" content=\"Infoecos\" \/>\n<meta property=\"article:publisher\" content=\"https:\/\/www.facebook.com\/profile.php?id=100063200290284\" \/>\n<meta property=\"article:published_time\" content=\"2021-12-16T19:52:43+00:00\" \/>\n<meta property=\"article:modified_time\" content=\"2021-12-16T19:52:49+00:00\" \/>\n<meta property=\"og:image\" content=\"https:\/\/infoecos.com.ar\/wp-content\/uploads\/DYN718-SDARC-202927.jpg\" \/>\n\t<meta property=\"og:image:width\" content=\"1500\" \/>\n\t<meta property=\"og:image:height\" content=\"843\" \/>\n\t<meta property=\"og:image:type\" content=\"image\/jpeg\" \/>\n<meta name=\"author\" content=\"Jorge Matheus\" \/>\n<meta name=\"twitter:card\" content=\"summary_large_image\" \/>\n<meta name=\"twitter:creator\" content=\"@infoecos\" \/>\n<meta name=\"twitter:site\" content=\"@infoecos\" \/>\n<meta name=\"twitter:label1\" content=\"Escrito por\" \/>\n\t<meta name=\"twitter:data1\" content=\"Jorge Matheus\" \/>\n<script type=\"application\/ld+json\" class=\"yoast-schema-graph\">{\"@context\":\"https:\/\/schema.org\",\"@graph\":[{\"@type\":\"Article\",\"@id\":\"https:\/\/infoecos.com.ar\/index.php\/presupuesto-nacional-esta-sesionando-la-camara-de-diputados-de-la-nacion\/#article\",\"isPartOf\":{\"@id\":\"https:\/\/infoecos.com.ar\/index.php\/presupuesto-nacional-esta-sesionando-la-camara-de-diputados-de-la-nacion\/\"},\"author\":{\"name\":\"Jorge Matheus\",\"@id\":\"https:\/\/infoecos.com.ar\/#\/schema\/person\/8f5ace5ce73b4b4aac4b7245aee6f191\"},\"headline\":\"Presupuesto Nacional: est\u00e1 sesionando la C\u00e1mara de Diputados de la Naci\u00f3n\",\"datePublished\":\"2021-12-16T19:52:43+00:00\",\"dateModified\":\"2021-12-16T19:52:49+00:00\",\"mainEntityOfPage\":{\"@id\":\"https:\/\/infoecos.com.ar\/index.php\/presupuesto-nacional-esta-sesionando-la-camara-de-diputados-de-la-nacion\/\"},\"wordCount\":97,\"publisher\":{\"@id\":\"https:\/\/infoecos.com.ar\/#organization\"},\"image\":{\"@id\":\"https:\/\/infoecos.com.ar\/index.php\/presupuesto-nacional-esta-sesionando-la-camara-de-diputados-de-la-nacion\/#primaryimage\"},\"thumbnailUrl\":\"\",\"keywords\":[\"POL\u00cdTICA Y ECONOM\u00cdA\"],\"articleSection\":[\"C1 N1\"],\"inLanguage\":\"es\"},{\"@type\":\"WebPage\",\"@id\":\"https:\/\/infoecos.com.ar\/index.php\/presupuesto-nacional-esta-sesionando-la-camara-de-diputados-de-la-nacion\/\",\"url\":\"https:\/\/infoecos.com.ar\/index.php\/presupuesto-nacional-esta-sesionando-la-camara-de-diputados-de-la-nacion\/\",\"name\":\"Presupuesto Nacional: est\u00e1 sesionando la C\u00e1mara de Diputados de la Naci\u00f3n - Infoecos\",\"isPartOf\":{\"@id\":\"https:\/\/infoecos.com.ar\/#website\"},\"primaryImageOfPage\":{\"@id\":\"https:\/\/infoecos.com.ar\/index.php\/presupuesto-nacional-esta-sesionando-la-camara-de-diputados-de-la-nacion\/#primaryimage\"},\"image\":{\"@id\":\"https:\/\/infoecos.com.ar\/index.php\/presupuesto-nacional-esta-sesionando-la-camara-de-diputados-de-la-nacion\/#primaryimage\"},\"thumbnailUrl\":\"\",\"datePublished\":\"2021-12-16T19:52:43+00:00\",\"dateModified\":\"2021-12-16T19:52:49+00:00\",\"breadcrumb\":{\"@id\":\"https:\/\/infoecos.com.ar\/index.php\/presupuesto-nacional-esta-sesionando-la-camara-de-diputados-de-la-nacion\/#breadcrumb\"},\"inLanguage\":\"es\",\"potentialAction\":[{\"@type\":\"ReadAction\",\"target\":[\"https:\/\/infoecos.com.ar\/index.php\/presupuesto-nacional-esta-sesionando-la-camara-de-diputados-de-la-nacion\/\"]}]},{\"@type\":\"ImageObject\",\"inLanguage\":\"es\",\"@id\":\"https:\/\/infoecos.com.ar\/index.php\/presupuesto-nacional-esta-sesionando-la-camara-de-diputados-de-la-nacion\/#primaryimage\",\"url\":\"\",\"contentUrl\":\"\"},{\"@type\":\"BreadcrumbList\",\"@id\":\"https:\/\/infoecos.com.ar\/index.php\/presupuesto-nacional-esta-sesionando-la-camara-de-diputados-de-la-nacion\/#breadcrumb\",\"itemListElement\":[{\"@type\":\"ListItem\",\"position\":1,\"name\":\"Portada\",\"item\":\"https:\/\/infoecos.com.ar\/\"},{\"@type\":\"ListItem\",\"position\":2,\"name\":\"Presupuesto Nacional: est\u00e1 sesionando la C\u00e1mara de Diputados de la Naci\u00f3n\"}]},{\"@type\":\"WebSite\",\"@id\":\"https:\/\/infoecos.com.ar\/#website\",\"url\":\"https:\/\/infoecos.com.ar\/\",\"name\":\"Infoecos\",\"description\":\"Noticias de trenque lauquen y la zona\",\"publisher\":{\"@id\":\"https:\/\/infoecos.com.ar\/#organization\"},\"alternateName\":\"Noticias\",\"potentialAction\":[{\"@type\":\"SearchAction\",\"target\":{\"@type\":\"EntryPoint\",\"urlTemplate\":\"https:\/\/infoecos.com.ar\/?s={search_term_string}\"},\"query-input\":{\"@type\":\"PropertyValueSpecification\",\"valueRequired\":true,\"valueName\":\"search_term_string\"}}],\"inLanguage\":\"es\"},{\"@type\":\"Organization\",\"@id\":\"https:\/\/infoecos.com.ar\/#organization\",\"name\":\"Infoecos\",\"alternateName\":\"Noticias\",\"url\":\"https:\/\/infoecos.com.ar\/\",\"logo\":{\"@type\":\"ImageObject\",\"inLanguage\":\"es\",\"@id\":\"https:\/\/infoecos.com.ar\/#\/schema\/logo\/image\/\",\"url\":\"https:\/\/infoecos.com.ar\/wp-content\/uploads\/2024\/03\/cropped-logo.png\",\"contentUrl\":\"https:\/\/infoecos.com.ar\/wp-content\/uploads\/2024\/03\/cropped-logo.png\",\"width\":374,\"height\":90,\"caption\":\"Infoecos\"},\"image\":{\"@id\":\"https:\/\/infoecos.com.ar\/#\/schema\/logo\/image\/\"},\"sameAs\":[\"https:\/\/www.facebook.com\/profile.php?id=100063200290284\",\"https:\/\/x.com\/infoecos\"]},{\"@type\":\"Person\",\"@id\":\"https:\/\/infoecos.com.ar\/#\/schema\/person\/8f5ace5ce73b4b4aac4b7245aee6f191\",\"name\":\"Jorge Matheus\",\"url\":\"https:\/\/infoecos.com.ar\/index.php\/author\/jomatheus\/\"}]}<\/script>\n<!-- \/ Yoast SEO plugin. -->","yoast_head_json":{"title":"Presupuesto Nacional: est\u00e1 sesionando la C\u00e1mara de Diputados de la Naci\u00f3n - Infoecos","robots":{"index":"index","follow":"follow","max-snippet":"max-snippet:-1","max-image-preview":"max-image-preview:large","max-video-preview":"max-video-preview:-1"},"canonical":"https:\/\/infoecos.com.ar\/index.php\/presupuesto-nacional-esta-sesionando-la-camara-de-diputados-de-la-nacion\/","og_locale":"es_ES","og_type":"article","og_title":"Presupuesto Nacional: est\u00e1 sesionando la C\u00e1mara de Diputados de la Naci\u00f3n - Infoecos","og_description":"La sesi\u00f3n puede seguirse ingresando a esta informaci\u00f3n","og_url":"https:\/\/infoecos.com.ar\/index.php\/presupuesto-nacional-esta-sesionando-la-camara-de-diputados-de-la-nacion\/","og_site_name":"Infoecos","article_publisher":"https:\/\/www.facebook.com\/profile.php?id=100063200290284","article_published_time":"2021-12-16T19:52:43+00:00","article_modified_time":"2021-12-16T19:52:49+00:00","og_image":[{"width":1500,"height":843,"url":"https:\/\/infoecos.com.ar\/wp-content\/uploads\/DYN718-SDARC-202927.jpg","type":"image\/jpeg"}],"author":"Jorge Matheus","twitter_card":"summary_large_image","twitter_creator":"@infoecos","twitter_site":"@infoecos","twitter_misc":{"Escrito por":"Jorge Matheus"},"schema":{"@context":"https:\/\/schema.org","@graph":[{"@type":"Article","@id":"https:\/\/infoecos.com.ar\/index.php\/presupuesto-nacional-esta-sesionando-la-camara-de-diputados-de-la-nacion\/#article","isPartOf":{"@id":"https:\/\/infoecos.com.ar\/index.php\/presupuesto-nacional-esta-sesionando-la-camara-de-diputados-de-la-nacion\/"},"author":{"name":"Jorge Matheus","@id":"https:\/\/infoecos.com.ar\/#\/schema\/person\/8f5ace5ce73b4b4aac4b7245aee6f191"},"headline":"Presupuesto Nacional: est\u00e1 sesionando la C\u00e1mara de Diputados de la Naci\u00f3n","datePublished":"2021-12-16T19:52:43+00:00","dateModified":"2021-12-16T19:52:49+00:00","mainEntityOfPage":{"@id":"https:\/\/infoecos.com.ar\/index.php\/presupuesto-nacional-esta-sesionando-la-camara-de-diputados-de-la-nacion\/"},"wordCount":97,"publisher":{"@id":"https:\/\/infoecos.com.ar\/#organization"},"image":{"@id":"https:\/\/infoecos.com.ar\/index.php\/presupuesto-nacional-esta-sesionando-la-camara-de-diputados-de-la-nacion\/#primaryimage"},"thumbnailUrl":"","keywords":["POL\u00cdTICA Y ECONOM\u00cdA"],"articleSection":["C1 N1"],"inLanguage":"es"},{"@type":"WebPage","@id":"https:\/\/infoecos.com.ar\/index.php\/presupuesto-nacional-esta-sesionando-la-camara-de-diputados-de-la-nacion\/","url":"https:\/\/infoecos.com.ar\/index.php\/presupuesto-nacional-esta-sesionando-la-camara-de-diputados-de-la-nacion\/","name":"Presupuesto Nacional: est\u00e1 sesionando la C\u00e1mara de Diputados de la Naci\u00f3n - Infoecos","isPartOf":{"@id":"https:\/\/infoecos.com.ar\/#website"},"primaryImageOfPage":{"@id":"https:\/\/infoecos.com.ar\/index.php\/presupuesto-nacional-esta-sesionando-la-camara-de-diputados-de-la-nacion\/#primaryimage"},"image":{"@id":"https:\/\/infoecos.com.ar\/index.php\/presupuesto-nacional-esta-sesionando-la-camara-de-diputados-de-la-nacion\/#primaryimage"},"thumbnailUrl":"","datePublished":"2021-12-16T19:52:43+00:00","dateModified":"2021-12-16T19:52:49+00:00","breadcrumb":{"@id":"https:\/\/infoecos.com.ar\/index.php\/presupuesto-nacional-esta-sesionando-la-camara-de-diputados-de-la-nacion\/#breadcrumb"},"inLanguage":"es","potentialAction":[{"@type":"ReadAction","target":["https:\/\/infoecos.com.ar\/index.php\/presupuesto-nacional-esta-sesionando-la-camara-de-diputados-de-la-nacion\/"]}]},{"@type":"ImageObject","inLanguage":"es","@id":"https:\/\/infoecos.com.ar\/index.php\/presupuesto-nacional-esta-sesionando-la-camara-de-diputados-de-la-nacion\/#primaryimage","url":"","contentUrl":""},{"@type":"BreadcrumbList","@id":"https:\/\/infoecos.com.ar\/index.php\/presupuesto-nacional-esta-sesionando-la-camara-de-diputados-de-la-nacion\/#breadcrumb","itemListElement":[{"@type":"ListItem","position":1,"name":"Portada","item":"https:\/\/infoecos.com.ar\/"},{"@type":"ListItem","position":2,"name":"Presupuesto Nacional: est\u00e1 sesionando la C\u00e1mara de Diputados de la Naci\u00f3n"}]},{"@type":"WebSite","@id":"https:\/\/infoecos.com.ar\/#website","url":"https:\/\/infoecos.com.ar\/","name":"Infoecos","description":"Noticias de trenque lauquen y la zona","publisher":{"@id":"https:\/\/infoecos.com.ar\/#organization"},"alternateName":"Noticias","potentialAction":[{"@type":"SearchAction","target":{"@type":"EntryPoint","urlTemplate":"https:\/\/infoecos.com.ar\/?s={search_term_string}"},"query-input":{"@type":"PropertyValueSpecification","valueRequired":true,"valueName":"search_term_string"}}],"inLanguage":"es"},{"@type":"Organization","@id":"https:\/\/infoecos.com.ar\/#organization","name":"Infoecos","alternateName":"Noticias","url":"https:\/\/infoecos.com.ar\/","logo":{"@type":"ImageObject","inLanguage":"es","@id":"https:\/\/infoecos.com.ar\/#\/schema\/logo\/image\/","url":"https:\/\/infoecos.com.ar\/wp-content\/uploads\/2024\/03\/cropped-logo.png","contentUrl":"https:\/\/infoecos.com.ar\/wp-content\/uploads\/2024\/03\/cropped-logo.png","width":374,"height":90,"caption":"Infoecos"},"image":{"@id":"https:\/\/infoecos.com.ar\/#\/schema\/logo\/image\/"},"sameAs":["https:\/\/www.facebook.com\/profile.php?id=100063200290284","https:\/\/x.com\/infoecos"]},{"@type":"Person","@id":"https:\/\/infoecos.com.ar\/#\/schema\/person\/8f5ace5ce73b4b4aac4b7245aee6f191","name":"Jorge Matheus","url":"https:\/\/infoecos.com.ar\/index.php\/author\/jomatheus\/"}]}},"featured_image_urls":{"full":"","thumbnail":"","medium":"","medium_large":"","large":"","1536x1536":"","2048x2048":"","covernews-slider-full":"","covernews-slider-center":"","covernews-featured":"","covernews-medium":"","covernews-medium-square":""},"author_info":{"info":["Jorge Matheus"]},"category_info":"<a href=\"https:\/\/infoecos.com.ar\/index.php\/category\/c1nota1\/\" rel=\"category tag\">C1 N1<\/a>","tag_info":"C1 N1","comment_count":"0","_links":{"self":[{"href":"https:\/\/infoecos.com.ar\/index.php\/wp-json\/wp\/v2\/posts\/89888"}],"collection":[{"href":"https:\/\/infoecos.com.ar\/index.php\/wp-json\/wp\/v2\/posts"}],"about":[{"href":"https:\/\/infoecos.com.ar\/index.php\/wp-json\/wp\/v2\/types\/post"}],"author":[{"embeddable":true,"href":"https:\/\/infoecos.com.ar\/index.php\/wp-json\/wp\/v2\/users\/2"}],"replies":[{"embeddable":true,"href":"https:\/\/infoecos.com.ar\/index.php\/wp-json\/wp\/v2\/comments?post=89888"}],"version-history":[{"count":1,"href":"https:\/\/infoecos.com.ar\/index.php\/wp-json\/wp\/v2\/posts\/89888\/revisions"}],"predecessor-version":[{"id":89889,"href":"https:\/\/infoecos.com.ar\/index.php\/wp-json\/wp\/v2\/posts\/89888\/revisions\/89889"}],"wp:featuredmedia":[{"embeddable":true,"href":"https:\/\/infoecos.com.ar\/index.php\/wp-json\/"}],"wp:attachment":[{"href":"https:\/\/infoecos.com.ar\/index.php\/wp-json\/wp\/v2\/media?parent=89888"}],"wp:term":[{"taxonomy":"category","embeddable":true,"href":"https:\/\/infoecos.com.ar\/index.php\/wp-json\/wp\/v2\/categories?post=89888"},{"taxonomy":"post_tag","embeddable":true,"href":"https:\/\/infoecos.com.ar\/index.php\/wp-json\/wp\/v2\/tags?post=89888"}],"curies":[{"name":"wp","href":"https:\/\/api.w.org\/{rel}","templated":true}]}}