{"id":89893,"date":"2021-12-17T12:56:12","date_gmt":"2021-12-17T15:56:12","guid":{"rendered":"http:\/\/infoecos.com.ar\/?p=89893"},"modified":"2021-12-17T12:56:13","modified_gmt":"2021-12-17T15:56:13","slug":"asumen-esta-tarde-las-nuevas-autoridades-de-la-facultad-regional-t-lauquen-de-la-utn","status":"publish","type":"post","link":"https:\/\/infoecos.com.ar\/index.php\/asumen-esta-tarde-las-nuevas-autoridades-de-la-facultad-regional-t-lauquen-de-la-utn\/","title":{"rendered":"Asumen esta tarde las nuevas autoridades de la Facultad Regional T.Lauquen de la UTN"},"content":{"rendered":"\n<p class=\"wp-block-paragraph\">Este viernes, a partir de las 17, se llevar\u00e1 a cabo el recambio de autoridades en la Facultad Regional Trenque Lauquen de la Universidad Tecnol\u00f3gica Nacional.<\/p>\n\n\n\n<p class=\"wp-block-paragraph\">El acto se concretar\u00e1 en la sede ubicada en Racedo 298. Previo a la asunci\u00f3n se brindar\u00e1 una conferencia de prensa. <\/p>\n\n\n\n<p class=\"wp-block-paragraph\">Ser\u00e1 el nuevo decano en reemplazo de Jos\u00e9 Gortari, Patricio Picco. Este \u00faltimo secundado en la vicepresidencia por Claudia Dido. <\/p>\n\n\n\n<div class=\"wp-block-image is-style-default\"><figure class=\"aligncenter size-medium\"><img decoding=\"async\" src=\"http:\/\/infoecos.com.ar\/wp-content\/uploads\/utn-5-460x345.jpg\" alt=\"\" class=\"wp-image-48506\"\/><figcaption>Trenque Lauquen &#8211; UTN<\/figcaption><\/figure><\/div>\n","protected":false},"excerpt":{"rendered":"<p>Ser\u00e1 el nuevo decano en reemplazo de Jos\u00e9 Gortari, Patricio Picco. Este \u00faltimo secundado en la vicepresidencia por Claudia Dido<\/p>\n","protected":false},"author":2,"featured_media":48506,"comment_status":"closed","ping_status":"open","sticky":false,"template":"","format":"standard","meta":{"footnotes":""},"categories":[1612],"tags":[],"class_list":["post-89893","post","type-post","status-publish","format-standard","has-post-thumbnail","hentry","category-noticia-principal"],"featured_image_urls":{"full":"","thumbnail":"","medium":"","medium_large":"","large":"","1536x1536":"","2048x2048":"","covernews-slider-full":"","covernews-slider-center":"","covernews-featured":"","covernews-medium":"","covernews-medium-square":""},"author_info":{"info":["Jorge Matheus"]},"category_info":"<a href=\"https:\/\/infoecos.com.ar\/index.php\/category\/noticia-principal\/\" rel=\"category tag\">Noticia Principal<\/a>","tag_info":"Noticia Principal","comment_count":"0","_links":{"self":[{"href":"https:\/\/infoecos.com.ar\/index.php\/wp-json\/wp\/v2\/posts\/89893","targetHints":{"allow":["GET"]}}],"collection":[{"href":"https:\/\/infoecos.com.ar\/index.php\/wp-json\/wp\/v2\/posts"}],"about":[{"href":"https:\/\/infoecos.com.ar\/index.php\/wp-json\/wp\/v2\/types\/post"}],"author":[{"embeddable":true,"href":"https:\/\/infoecos.com.ar\/index.php\/wp-json\/wp\/v2\/users\/2"}],"replies":[{"embeddable":true,"href":"https:\/\/infoecos.com.ar\/index.php\/wp-json\/wp\/v2\/comments?post=89893"}],"version-history":[{"count":1,"href":"https:\/\/infoecos.com.ar\/index.php\/wp-json\/wp\/v2\/posts\/89893\/revisions"}],"predecessor-version":[{"id":89894,"href":"https:\/\/infoecos.com.ar\/index.php\/wp-json\/wp\/v2\/posts\/89893\/revisions\/89894"}],"wp:attachment":[{"href":"https:\/\/infoecos.com.ar\/index.php\/wp-json\/wp\/v2\/media?parent=89893"}],"wp:term":[{"taxonomy":"category","embeddable":true,"href":"https:\/\/infoecos.com.ar\/index.php\/wp-json\/wp\/v2\/categories?post=89893"},{"taxonomy":"post_tag","embeddable":true,"href":"https:\/\/infoecos.com.ar\/index.php\/wp-json\/wp\/v2\/tags?post=89893"}],"curies":[{"name":"wp","href":"https:\/\/api.w.org\/{rel}","templated":true}]}}