{"id":89923,"date":"2022-02-21T16:02:23","date_gmt":"2022-02-21T19:02:23","guid":{"rendered":"http:\/\/infoecos.com.ar\/?p=89923"},"modified":"2022-02-21T16:02:24","modified_gmt":"2022-02-21T19:02:24","slug":"provoco-disturbios-en-la-via-publica-y-es-acusado-de-violencia-familiar","status":"publish","type":"post","link":"https:\/\/infoecos.com.ar\/index.php\/provoco-disturbios-en-la-via-publica-y-es-acusado-de-violencia-familiar\/","title":{"rendered":"Provoc\u00f3 disturbios en la v\u00eda p\u00fablica y es acusado de violencia familiar"},"content":{"rendered":"\n<p class=\"wp-block-paragraph\">A las 06:30 hs. del s\u00e1bado se procedi\u00f3 a la detenci\u00f3n de MARIO SERRA, quien se domicilia en Trenque Lauquen, por infracci\u00f3n a la Ley 8031, tr\u00e1s realizar disturbios en la v\u00eda publica en estado de ebriedad. Intervino el JUZGADO Correccional nro. 2. <\/p>\n\n\n\n<div class=\"wp-block-image is-style-default\"><figure class=\"aligncenter size-large is-resized\"><img loading=\"lazy\" decoding=\"async\" src=\"http:\/\/infoecos.com.ar\/wp-content\/uploads\/2022\/02\/serrra-517x920.jpg\" alt=\"\" class=\"wp-image-89924\" width=\"268\" height=\"477\" srcset=\"https:\/\/infoecos.com.ar\/wp-content\/uploads\/2022\/02\/serrra-517x920.jpg 517w, https:\/\/infoecos.com.ar\/wp-content\/uploads\/2022\/02\/serrra-258x460.jpg 258w, https:\/\/infoecos.com.ar\/wp-content\/uploads\/2022\/02\/serrra.jpg 719w\" sizes=\"auto, (max-width: 268px) 100vw, 268px\" \/><\/figure><\/div>\n\n\n\n<p class=\"wp-block-paragraph\">Cabe agregar que esta persona se encuentra con custodia policial fija desde el d\u00eda viernes, a requerimiento del Juzgado de Familia, por una causa de Violencia Familiar.<\/p>\n","protected":false},"excerpt":{"rendered":"<p>A las 06:30 hs. del s\u00e1bado se procedi\u00f3 a la detenci\u00f3n de MARIO SERRA, quien se domicilia en Trenque Lauquen, por infracci\u00f3n a la Ley 8031<\/p>\n","protected":false},"author":2,"featured_media":89924,"comment_status":"closed","ping_status":"open","sticky":false,"template":"","format":"standard","meta":{"footnotes":""},"categories":[49],"tags":[5],"class_list":["post-89923","post","type-post","status-publish","format-standard","has-post-thumbnail","hentry","category-c3nota3","tag-trenque-lauquen"],"featured_image_urls":{"full":["https:\/\/infoecos.com.ar\/wp-content\/uploads\/2022\/02\/serrra.jpg",719,1280,false],"thumbnail":["https:\/\/infoecos.com.ar\/wp-content\/uploads\/2022\/02\/serrra-150x150.jpg",150,150,true],"medium":["https:\/\/infoecos.com.ar\/wp-content\/uploads\/2022\/02\/serrra-258x460.jpg",258,460,true],"medium_large":["https:\/\/infoecos.com.ar\/wp-content\/uploads\/2022\/02\/serrra.jpg",640,1139,false],"large":["https:\/\/infoecos.com.ar\/wp-content\/uploads\/2022\/02\/serrra-517x920.jpg",517,920,true],"1536x1536":["https:\/\/infoecos.com.ar\/wp-content\/uploads\/2022\/02\/serrra.jpg",719,1280,false],"2048x2048":["https:\/\/infoecos.com.ar\/wp-content\/uploads\/2022\/02\/serrra.jpg",719,1280,false],"covernews-slider-full":["https:\/\/infoecos.com.ar\/wp-content\/uploads\/2022\/02\/serrra-719x1020.jpg",504,715,true],"covernews-slider-center":["https:\/\/infoecos.com.ar\/wp-content\/uploads\/2022\/02\/serrra-719x897.jpg",401,500,true],"covernews-featured":["https:\/\/infoecos.com.ar\/wp-content\/uploads\/2022\/02\/serrra.jpg",719,1280,false],"covernews-medium":["https:\/\/infoecos.com.ar\/wp-content\/uploads\/2022\/02\/serrra-719x380.jpg",540,285,true],"covernews-medium-square":["https:\/\/infoecos.com.ar\/wp-content\/uploads\/2022\/02\/serrra-675x450.jpg",375,250,true]},"author_info":{"info":["Jorge Matheus"]},"category_info":"<a href=\"https:\/\/infoecos.com.ar\/index.php\/category\/c3nota3\/\" rel=\"category tag\">C3 N3<\/a>","tag_info":"C3 N3","comment_count":"0","_links":{"self":[{"href":"https:\/\/infoecos.com.ar\/index.php\/wp-json\/wp\/v2\/posts\/89923","targetHints":{"allow":["GET"]}}],"collection":[{"href":"https:\/\/infoecos.com.ar\/index.php\/wp-json\/wp\/v2\/posts"}],"about":[{"href":"https:\/\/infoecos.com.ar\/index.php\/wp-json\/wp\/v2\/types\/post"}],"author":[{"embeddable":true,"href":"https:\/\/infoecos.com.ar\/index.php\/wp-json\/wp\/v2\/users\/2"}],"replies":[{"embeddable":true,"href":"https:\/\/infoecos.com.ar\/index.php\/wp-json\/wp\/v2\/comments?post=89923"}],"version-history":[{"count":1,"href":"https:\/\/infoecos.com.ar\/index.php\/wp-json\/wp\/v2\/posts\/89923\/revisions"}],"predecessor-version":[{"id":89925,"href":"https:\/\/infoecos.com.ar\/index.php\/wp-json\/wp\/v2\/posts\/89923\/revisions\/89925"}],"wp:featuredmedia":[{"embeddable":true,"href":"https:\/\/infoecos.com.ar\/index.php\/wp-json\/wp\/v2\/media\/89924"}],"wp:attachment":[{"href":"https:\/\/infoecos.com.ar\/index.php\/wp-json\/wp\/v2\/media?parent=89923"}],"wp:term":[{"taxonomy":"category","embeddable":true,"href":"https:\/\/infoecos.com.ar\/index.php\/wp-json\/wp\/v2\/categories?post=89923"},{"taxonomy":"post_tag","embeddable":true,"href":"https:\/\/infoecos.com.ar\/index.php\/wp-json\/wp\/v2\/tags?post=89923"}],"curies":[{"name":"wp","href":"https:\/\/api.w.org\/{rel}","templated":true}]}}