{"id":89927,"date":"2022-02-21T16:18:46","date_gmt":"2022-02-21T19:18:46","guid":{"rendered":"http:\/\/infoecos.com.ar\/?p=89927"},"modified":"2022-02-23T16:27:44","modified_gmt":"2022-02-23T19:27:44","slug":"oficial-quedo-habilitado-el-transito-para-todo-tipo-de-vehiculos-en-el-puente-de-cuero-de-zorro","status":"publish","type":"post","link":"https:\/\/infoecos.com.ar\/index.php\/oficial-quedo-habilitado-el-transito-para-todo-tipo-de-vehiculos-en-el-puente-de-cuero-de-zorro\/","title":{"rendered":"Qued\u00f3 habilitado el tr\u00e1nsito para todo tipo de veh\u00edculos en el puente de Cuero de Zorro"},"content":{"rendered":"\n<p>El nuevo puente sobre la Ruta Nacional n\u00ba33, a la altura de Cuero de Zorro, entre las localidades de Trenque Lauquen y Fort\u00edn Olavarr\u00eda (partido de Rivadavia), qued\u00f3 habilitado este lunes, al tr\u00e1nsito, para todo tipo de veh\u00edculos durante las 24 horas, tras haberse concluido los trabajos que estuvieron a cargo de operarios especializados y equipamiento de la direcci\u00f3n de Vialidad Nacional, con la asistencia, acompa\u00f1amiento y apoyo financiero y operativo de los municipios de Trenque Lauquen y Rivadavia.<\/p>\n\n\n\n<figure class=\"wp-block-image size-large is-style-default\"><img loading=\"lazy\" decoding=\"async\" width=\"920\" height=\"518\" src=\"http:\/\/infoecos.com.ar\/wp-content\/uploads\/2022\/02\/Puente-Ruta-33-7-920x518.jpg\" alt=\"\" class=\"wp-image-89928\" srcset=\"https:\/\/infoecos.com.ar\/wp-content\/uploads\/2022\/02\/Puente-Ruta-33-7-920x518.jpg 920w, https:\/\/infoecos.com.ar\/wp-content\/uploads\/2022\/02\/Puente-Ruta-33-7-460x259.jpg 460w, https:\/\/infoecos.com.ar\/wp-content\/uploads\/2022\/02\/Puente-Ruta-33-7-768x432.jpg 768w, https:\/\/infoecos.com.ar\/wp-content\/uploads\/2022\/02\/Puente-Ruta-33-7-1024x576.jpg 1024w, https:\/\/infoecos.com.ar\/wp-content\/uploads\/2022\/02\/Puente-Ruta-33-7.jpg 1280w\" sizes=\"(max-width: 920px) 100vw, 920px\" \/><\/figure>\n\n\n\n<p>Del acto participaron el Gerente Ejecutivo de Regiones y Distritos Provinciales de Vialidad Nacional, Patricio Garc\u00eda, y la jefa de Regi\u00f3n de Vialidad Nacional, Mar\u00eda Alicia Rivero; los intendentes de Trenque Lauquen y Rivadavia, Miguel Fern\u00e1ndez y Javier Reynoso, respectivamente.<\/p>\n\n\n\n<p>Tambi\u00e9n estuvieron presentes el Jefe comunal de Pellegrini, Guillermo Pacheco; concejales de los distritos de Trenque Lauquen y Rivadavia; funcionarios de Vialidad Nacional, de Vialidad Provincial y de los municipios; En el caso de Trenque Lauquen asistieron el secretario de Gesti\u00f3n y Planificaci\u00f3n, Mart\u00edn Borraz\u00e1s; el subsecretario de Servicios P\u00fablicos, Juan Pablo Muratore; y el director de Infraestructura, Manuel Silva Mu\u00f1oz.<\/p>\n\n\n\n<figure class=\"wp-block-image size-large is-style-default\"><img loading=\"lazy\" decoding=\"async\" width=\"920\" height=\"518\" src=\"http:\/\/infoecos.com.ar\/wp-content\/uploads\/2022\/02\/Puente-Ruta-33-2-920x518.jpg\" alt=\"\" class=\"wp-image-89929\" srcset=\"https:\/\/infoecos.com.ar\/wp-content\/uploads\/2022\/02\/Puente-Ruta-33-2-920x518.jpg 920w, https:\/\/infoecos.com.ar\/wp-content\/uploads\/2022\/02\/Puente-Ruta-33-2-460x259.jpg 460w, https:\/\/infoecos.com.ar\/wp-content\/uploads\/2022\/02\/Puente-Ruta-33-2-768x432.jpg 768w, https:\/\/infoecos.com.ar\/wp-content\/uploads\/2022\/02\/Puente-Ruta-33-2-1024x576.jpg 1024w, https:\/\/infoecos.com.ar\/wp-content\/uploads\/2022\/02\/Puente-Ruta-33-2.jpg 1280w\" sizes=\"(max-width: 920px) 100vw, 920px\" \/><\/figure>\n\n\n\n<p>En el marco del encuentro, los Intendentes Fern\u00e1ndez y Reynoso firmaron convenios de colaboraci\u00f3n con Vialidad Nacional, a trav\u00e9s de Patricio Garc\u00eda, por los cuales Naci\u00f3n otorgar\u00e1 15.543.160 millones de pesos al municipio de Trenque Lauquen, m\u00e1s un cami\u00f3n Ford Cargo, y&nbsp;18 millones de pesos al distrito de Rivadavia, por la inversi\u00f3n realizada por ambos distritos para poder llevar adelante la obra y restablecer la circulaci\u00f3n de los veh\u00edculos por este sector de la Ruta 33.<\/p>\n\n\n\n<p>El lugar permanecer\u00e1 se\u00f1alizado y con un seguimiento de personal t\u00e9cnico hasta tanto se ejecute la cinta asf\u00e1ltica definitiva. Se calcula que la inversi\u00f3n en la obra supera los 40 millones de pesos, seg\u00fan dijo la Jefa Regional de Vialidad.<\/p>\n\n\n\n<p>\u201cHoy es un d\u00eda importante, porque haciendo memoria, hace 70 d\u00edas atr\u00e1s, cuando se desmoron\u00f3 el puente, esto parec\u00eda bastante complejo y dif\u00edcil de resolver en el corto plazo\u201d, se\u00f1al\u00f3 el Intendente Miguel Fern\u00e1ndez, para marcar \u201cla importancia trascendental que tiene la Ruta 33 en el tr\u00e1nsito del eje Rosario-Bah\u00eda Blanca para la producci\u00f3n de la provincia de Buenos Aires y lo que significa para las localidades de Trenque Lauquen, Rivadavia, Pellegrini, Villegas y para la econom\u00eda del pa\u00eds\u201d.<\/p>\n\n\n\n<figure class=\"wp-block-image size-large is-style-default\"><img loading=\"lazy\" decoding=\"async\" width=\"920\" height=\"518\" src=\"http:\/\/infoecos.com.ar\/wp-content\/uploads\/2022\/02\/Puente-Ruta-33-11-920x518.jpg\" alt=\"\" class=\"wp-image-89930\" srcset=\"https:\/\/infoecos.com.ar\/wp-content\/uploads\/2022\/02\/Puente-Ruta-33-11-920x518.jpg 920w, https:\/\/infoecos.com.ar\/wp-content\/uploads\/2022\/02\/Puente-Ruta-33-11-460x259.jpg 460w, https:\/\/infoecos.com.ar\/wp-content\/uploads\/2022\/02\/Puente-Ruta-33-11-768x432.jpg 768w, https:\/\/infoecos.com.ar\/wp-content\/uploads\/2022\/02\/Puente-Ruta-33-11-1024x576.jpg 1024w, https:\/\/infoecos.com.ar\/wp-content\/uploads\/2022\/02\/Puente-Ruta-33-11.jpg 1280w\" sizes=\"(max-width: 920px) 100vw, 920px\" \/><\/figure>\n\n\n\n<p>Asimismo destac\u00f3 la posibilidad de enfrentar esta situaci\u00f3n de manera articulada entre Naci\u00f3n, Provincia y los Municipios, \u201calgo que siempre se declama pero que a veces es dif\u00edcil de lograr y este es un claro ejemplo de \u00e9xito de un trabajo articulado\u201d.<\/p>\n\n\n\n<p>Por su parte, el Intendente de Rivadavia, Javier Reynoso destac\u00f3 que \u201cse pudo restablecer el tr\u00e1nsito en la v\u00edspera de la cosecha, algo que iba a ser un gran problema para toda la regi\u00f3n si no lleg\u00e1bamos en estos tiempos\u201d, y tras resaltar \u201cel trabajo conjunto\u201d, como antes lo hab\u00eda hecho Fern\u00e1ndez, agradeci\u00f3 \u00aba cada uno de los trabajadores de las distintas reparticiones y municipales, a los maquinistas y la gente que vino a trabajar en las distintas operaciones y tambi\u00e9n a la Provincia, la Naci\u00f3n y al municipio de Trenque Lauquen.<\/p>\n\n\n\n<p>La jefa de Regi\u00f3n de Vialidad Nacional, Mar\u00eda In\u00e9s Rivero, remarc\u00f3 que en el organismo se sienten todos \u00aborgullosos de estar hoy rehabilitando el tr\u00e1nsito ac\u00e1 en Cuero de Zorro\u201d y agradeci\u00f3 al equipo de trabajo, manifestando que \u201cnosotros movemos el l\u00e1piz pero los que hacen el trabajo duro son ellos, y por eso es para resaltar el compromiso y la responsabilidad con que han tomado esta emergencia\u201d.<\/p>\n\n\n\n<figure class=\"wp-block-image size-large is-style-default\"><img loading=\"lazy\" decoding=\"async\" width=\"920\" height=\"518\" src=\"http:\/\/infoecos.com.ar\/wp-content\/uploads\/2022\/02\/Puente-Ruta-33-1-920x518.jpg\" alt=\"\" class=\"wp-image-89931\" srcset=\"https:\/\/infoecos.com.ar\/wp-content\/uploads\/2022\/02\/Puente-Ruta-33-1-920x518.jpg 920w, https:\/\/infoecos.com.ar\/wp-content\/uploads\/2022\/02\/Puente-Ruta-33-1-460x259.jpg 460w, https:\/\/infoecos.com.ar\/wp-content\/uploads\/2022\/02\/Puente-Ruta-33-1-768x432.jpg 768w, https:\/\/infoecos.com.ar\/wp-content\/uploads\/2022\/02\/Puente-Ruta-33-1-1024x576.jpg 1024w, https:\/\/infoecos.com.ar\/wp-content\/uploads\/2022\/02\/Puente-Ruta-33-1.jpg 1280w\" sizes=\"(max-width: 920px) 100vw, 920px\" \/><\/figure>\n\n\n\n<p>En este marco, Patricio Garc\u00eda, destac\u00f3 la importancia que tiene Vialidad Nacional, al que calific\u00f3 como un \u201corganismo maravilloso que cuando uno lo empieza a conocer se da cuenta del tama\u00f1o que tiene como organismo y lo fundacional que es como instituci\u00f3n\u201d, y tras contar que la instituci\u00f3n est\u00e1 por cumplir 90 a\u00f1os de vida y administra 44.000 kil\u00f3metros de ruta en el pa\u00eds, hizo hincapi\u00e9 en el valor del trabajo realizado en forma conjunta con los municipios de Trenque Lauquen y Rivadavia.<\/p>\n\n\n\n<p>\u201cEstamos parados en un lugar donde, por ejemplo, los tubos que hemos colocado ac\u00e1 vinieron de Chubut, porque Vialidad tiene disperso equipamiento en todo el territorio y cuando hay una emergencia de este tipo nos conectamos y todo aparece, todos saben que cuando el Estado va a comprar algo tarda porque tiene que garantizar transparencia y hacer una licitaci\u00f3n, pero ac\u00e1 hab\u00eda que andar r\u00e1pido y as\u00ed lo hicimos\u201d, manifest\u00f3 Patricio Garc\u00eda.<\/p>\n","protected":false},"excerpt":{"rendered":"<p>Del acto participaron el Gerente Ejecutivo de Regiones y Distritos Provinciales de Vialidad Nacional, Patricio Garc\u00eda, y la jefa de Regi\u00f3n de Vialidad Nacional, Mar\u00eda In\u00e9s Rivero; los intendentes de Trenque Lauquen y Rivadavia, Miguel Fern\u00e1ndez y Javier Reynoso, respectivamente<\/p>\n","protected":false},"author":2,"featured_media":89928,"comment_status":"closed","ping_status":"open","sticky":false,"template":"","format":"standard","meta":{"footnotes":""},"categories":[24,1341],"tags":[5696],"class_list":["post-89927","post","type-post","status-publish","format-standard","has-post-thumbnail","hentry","category-c1nota3","category-c1nota7","tag-desde-el-lunes-anterior"],"yoast_head":"<!-- This site is optimized with the Yoast SEO plugin v23.4 - https:\/\/yoast.com\/wordpress\/plugins\/seo\/ -->\n<title>Qued\u00f3 habilitado el tr\u00e1nsito para todo tipo de veh\u00edculos en el puente de Cuero de Zorro - Infoecos<\/title>\n<meta name=\"robots\" content=\"index, follow, max-snippet:-1, max-image-preview:large, max-video-preview:-1\" \/>\n<link rel=\"canonical\" href=\"https:\/\/infoecos.com.ar\/index.php\/oficial-quedo-habilitado-el-transito-para-todo-tipo-de-vehiculos-en-el-puente-de-cuero-de-zorro\/\" \/>\n<meta property=\"og:locale\" content=\"es_ES\" \/>\n<meta property=\"og:type\" content=\"article\" \/>\n<meta property=\"og:title\" content=\"Qued\u00f3 habilitado el tr\u00e1nsito para todo tipo de veh\u00edculos en el puente de Cuero de Zorro - Infoecos\" \/>\n<meta property=\"og:description\" content=\"Del acto participaron el Gerente Ejecutivo de Regiones y Distritos Provinciales de Vialidad Nacional, Patricio Garc\u00eda, y la jefa de Regi\u00f3n de Vialidad Nacional, Mar\u00eda In\u00e9s Rivero; los intendentes de Trenque Lauquen y Rivadavia, Miguel Fern\u00e1ndez y Javier Reynoso, respectivamente\" \/>\n<meta property=\"og:url\" content=\"https:\/\/infoecos.com.ar\/index.php\/oficial-quedo-habilitado-el-transito-para-todo-tipo-de-vehiculos-en-el-puente-de-cuero-de-zorro\/\" \/>\n<meta property=\"og:site_name\" content=\"Infoecos\" \/>\n<meta property=\"article:publisher\" content=\"https:\/\/www.facebook.com\/profile.php?id=100063200290284\" \/>\n<meta property=\"article:published_time\" content=\"2022-02-21T19:18:46+00:00\" \/>\n<meta property=\"article:modified_time\" content=\"2022-02-23T19:27:44+00:00\" \/>\n<meta property=\"og:image\" content=\"https:\/\/infoecos.com.ar\/wp-content\/uploads\/2022\/02\/Puente-Ruta-33-7.jpg\" \/>\n\t<meta property=\"og:image:width\" content=\"1280\" \/>\n\t<meta property=\"og:image:height\" content=\"720\" \/>\n\t<meta property=\"og:image:type\" content=\"image\/jpeg\" \/>\n<meta name=\"author\" content=\"Jorge Matheus\" \/>\n<meta name=\"twitter:card\" content=\"summary_large_image\" \/>\n<meta name=\"twitter:creator\" content=\"@infoecos\" \/>\n<meta name=\"twitter:site\" content=\"@infoecos\" \/>\n<meta name=\"twitter:label1\" content=\"Escrito por\" \/>\n\t<meta name=\"twitter:data1\" content=\"Jorge Matheus\" \/>\n\t<meta name=\"twitter:label2\" content=\"Tiempo de lectura\" \/>\n\t<meta name=\"twitter:data2\" content=\"4 minutos\" \/>\n<script type=\"application\/ld+json\" class=\"yoast-schema-graph\">{\"@context\":\"https:\/\/schema.org\",\"@graph\":[{\"@type\":\"Article\",\"@id\":\"https:\/\/infoecos.com.ar\/index.php\/oficial-quedo-habilitado-el-transito-para-todo-tipo-de-vehiculos-en-el-puente-de-cuero-de-zorro\/#article\",\"isPartOf\":{\"@id\":\"https:\/\/infoecos.com.ar\/index.php\/oficial-quedo-habilitado-el-transito-para-todo-tipo-de-vehiculos-en-el-puente-de-cuero-de-zorro\/\"},\"author\":{\"name\":\"Jorge Matheus\",\"@id\":\"https:\/\/infoecos.com.ar\/#\/schema\/person\/8f5ace5ce73b4b4aac4b7245aee6f191\"},\"headline\":\"Qued\u00f3 habilitado el tr\u00e1nsito para todo tipo de veh\u00edculos en el puente de Cuero de Zorro\",\"datePublished\":\"2022-02-21T19:18:46+00:00\",\"dateModified\":\"2022-02-23T19:27:44+00:00\",\"mainEntityOfPage\":{\"@id\":\"https:\/\/infoecos.com.ar\/index.php\/oficial-quedo-habilitado-el-transito-para-todo-tipo-de-vehiculos-en-el-puente-de-cuero-de-zorro\/\"},\"wordCount\":814,\"publisher\":{\"@id\":\"https:\/\/infoecos.com.ar\/#organization\"},\"image\":{\"@id\":\"https:\/\/infoecos.com.ar\/index.php\/oficial-quedo-habilitado-el-transito-para-todo-tipo-de-vehiculos-en-el-puente-de-cuero-de-zorro\/#primaryimage\"},\"thumbnailUrl\":\"https:\/\/infoecos.com.ar\/wp-content\/uploads\/2022\/02\/Puente-Ruta-33-7.jpg\",\"keywords\":[\"desde el lunes anterior\"],\"articleSection\":[\"C1 N3\",\"C1 nota 7\"],\"inLanguage\":\"es\"},{\"@type\":\"WebPage\",\"@id\":\"https:\/\/infoecos.com.ar\/index.php\/oficial-quedo-habilitado-el-transito-para-todo-tipo-de-vehiculos-en-el-puente-de-cuero-de-zorro\/\",\"url\":\"https:\/\/infoecos.com.ar\/index.php\/oficial-quedo-habilitado-el-transito-para-todo-tipo-de-vehiculos-en-el-puente-de-cuero-de-zorro\/\",\"name\":\"Qued\u00f3 habilitado el tr\u00e1nsito para todo tipo de veh\u00edculos en el puente de Cuero de Zorro - Infoecos\",\"isPartOf\":{\"@id\":\"https:\/\/infoecos.com.ar\/#website\"},\"primaryImageOfPage\":{\"@id\":\"https:\/\/infoecos.com.ar\/index.php\/oficial-quedo-habilitado-el-transito-para-todo-tipo-de-vehiculos-en-el-puente-de-cuero-de-zorro\/#primaryimage\"},\"image\":{\"@id\":\"https:\/\/infoecos.com.ar\/index.php\/oficial-quedo-habilitado-el-transito-para-todo-tipo-de-vehiculos-en-el-puente-de-cuero-de-zorro\/#primaryimage\"},\"thumbnailUrl\":\"https:\/\/infoecos.com.ar\/wp-content\/uploads\/2022\/02\/Puente-Ruta-33-7.jpg\",\"datePublished\":\"2022-02-21T19:18:46+00:00\",\"dateModified\":\"2022-02-23T19:27:44+00:00\",\"breadcrumb\":{\"@id\":\"https:\/\/infoecos.com.ar\/index.php\/oficial-quedo-habilitado-el-transito-para-todo-tipo-de-vehiculos-en-el-puente-de-cuero-de-zorro\/#breadcrumb\"},\"inLanguage\":\"es\",\"potentialAction\":[{\"@type\":\"ReadAction\",\"target\":[\"https:\/\/infoecos.com.ar\/index.php\/oficial-quedo-habilitado-el-transito-para-todo-tipo-de-vehiculos-en-el-puente-de-cuero-de-zorro\/\"]}]},{\"@type\":\"ImageObject\",\"inLanguage\":\"es\",\"@id\":\"https:\/\/infoecos.com.ar\/index.php\/oficial-quedo-habilitado-el-transito-para-todo-tipo-de-vehiculos-en-el-puente-de-cuero-de-zorro\/#primaryimage\",\"url\":\"https:\/\/infoecos.com.ar\/wp-content\/uploads\/2022\/02\/Puente-Ruta-33-7.jpg\",\"contentUrl\":\"https:\/\/infoecos.com.ar\/wp-content\/uploads\/2022\/02\/Puente-Ruta-33-7.jpg\",\"width\":1280,\"height\":720},{\"@type\":\"BreadcrumbList\",\"@id\":\"https:\/\/infoecos.com.ar\/index.php\/oficial-quedo-habilitado-el-transito-para-todo-tipo-de-vehiculos-en-el-puente-de-cuero-de-zorro\/#breadcrumb\",\"itemListElement\":[{\"@type\":\"ListItem\",\"position\":1,\"name\":\"Portada\",\"item\":\"https:\/\/infoecos.com.ar\/\"},{\"@type\":\"ListItem\",\"position\":2,\"name\":\"Qued\u00f3 habilitado el tr\u00e1nsito para todo tipo de veh\u00edculos en el puente de Cuero de Zorro\"}]},{\"@type\":\"WebSite\",\"@id\":\"https:\/\/infoecos.com.ar\/#website\",\"url\":\"https:\/\/infoecos.com.ar\/\",\"name\":\"Infoecos\",\"description\":\"Noticias de trenque lauquen y la zona\",\"publisher\":{\"@id\":\"https:\/\/infoecos.com.ar\/#organization\"},\"alternateName\":\"Noticias\",\"potentialAction\":[{\"@type\":\"SearchAction\",\"target\":{\"@type\":\"EntryPoint\",\"urlTemplate\":\"https:\/\/infoecos.com.ar\/?s={search_term_string}\"},\"query-input\":{\"@type\":\"PropertyValueSpecification\",\"valueRequired\":true,\"valueName\":\"search_term_string\"}}],\"inLanguage\":\"es\"},{\"@type\":\"Organization\",\"@id\":\"https:\/\/infoecos.com.ar\/#organization\",\"name\":\"Infoecos\",\"alternateName\":\"Noticias\",\"url\":\"https:\/\/infoecos.com.ar\/\",\"logo\":{\"@type\":\"ImageObject\",\"inLanguage\":\"es\",\"@id\":\"https:\/\/infoecos.com.ar\/#\/schema\/logo\/image\/\",\"url\":\"https:\/\/infoecos.com.ar\/wp-content\/uploads\/2024\/03\/cropped-logo.png\",\"contentUrl\":\"https:\/\/infoecos.com.ar\/wp-content\/uploads\/2024\/03\/cropped-logo.png\",\"width\":374,\"height\":90,\"caption\":\"Infoecos\"},\"image\":{\"@id\":\"https:\/\/infoecos.com.ar\/#\/schema\/logo\/image\/\"},\"sameAs\":[\"https:\/\/www.facebook.com\/profile.php?id=100063200290284\",\"https:\/\/x.com\/infoecos\"]},{\"@type\":\"Person\",\"@id\":\"https:\/\/infoecos.com.ar\/#\/schema\/person\/8f5ace5ce73b4b4aac4b7245aee6f191\",\"name\":\"Jorge Matheus\",\"url\":\"https:\/\/infoecos.com.ar\/index.php\/author\/jomatheus\/\"}]}<\/script>\n<!-- \/ Yoast SEO plugin. -->","yoast_head_json":{"title":"Qued\u00f3 habilitado el tr\u00e1nsito para todo tipo de veh\u00edculos en el puente de Cuero de Zorro - Infoecos","robots":{"index":"index","follow":"follow","max-snippet":"max-snippet:-1","max-image-preview":"max-image-preview:large","max-video-preview":"max-video-preview:-1"},"canonical":"https:\/\/infoecos.com.ar\/index.php\/oficial-quedo-habilitado-el-transito-para-todo-tipo-de-vehiculos-en-el-puente-de-cuero-de-zorro\/","og_locale":"es_ES","og_type":"article","og_title":"Qued\u00f3 habilitado el tr\u00e1nsito para todo tipo de veh\u00edculos en el puente de Cuero de Zorro - Infoecos","og_description":"Del acto participaron el Gerente Ejecutivo de Regiones y Distritos Provinciales de Vialidad Nacional, Patricio Garc\u00eda, y la jefa de Regi\u00f3n de Vialidad Nacional, Mar\u00eda In\u00e9s Rivero; los intendentes de Trenque Lauquen y Rivadavia, Miguel Fern\u00e1ndez y Javier Reynoso, respectivamente","og_url":"https:\/\/infoecos.com.ar\/index.php\/oficial-quedo-habilitado-el-transito-para-todo-tipo-de-vehiculos-en-el-puente-de-cuero-de-zorro\/","og_site_name":"Infoecos","article_publisher":"https:\/\/www.facebook.com\/profile.php?id=100063200290284","article_published_time":"2022-02-21T19:18:46+00:00","article_modified_time":"2022-02-23T19:27:44+00:00","og_image":[{"width":1280,"height":720,"url":"https:\/\/infoecos.com.ar\/wp-content\/uploads\/2022\/02\/Puente-Ruta-33-7.jpg","type":"image\/jpeg"}],"author":"Jorge Matheus","twitter_card":"summary_large_image","twitter_creator":"@infoecos","twitter_site":"@infoecos","twitter_misc":{"Escrito por":"Jorge Matheus","Tiempo de lectura":"4 minutos"},"schema":{"@context":"https:\/\/schema.org","@graph":[{"@type":"Article","@id":"https:\/\/infoecos.com.ar\/index.php\/oficial-quedo-habilitado-el-transito-para-todo-tipo-de-vehiculos-en-el-puente-de-cuero-de-zorro\/#article","isPartOf":{"@id":"https:\/\/infoecos.com.ar\/index.php\/oficial-quedo-habilitado-el-transito-para-todo-tipo-de-vehiculos-en-el-puente-de-cuero-de-zorro\/"},"author":{"name":"Jorge Matheus","@id":"https:\/\/infoecos.com.ar\/#\/schema\/person\/8f5ace5ce73b4b4aac4b7245aee6f191"},"headline":"Qued\u00f3 habilitado el tr\u00e1nsito para todo tipo de veh\u00edculos en el puente de Cuero de Zorro","datePublished":"2022-02-21T19:18:46+00:00","dateModified":"2022-02-23T19:27:44+00:00","mainEntityOfPage":{"@id":"https:\/\/infoecos.com.ar\/index.php\/oficial-quedo-habilitado-el-transito-para-todo-tipo-de-vehiculos-en-el-puente-de-cuero-de-zorro\/"},"wordCount":814,"publisher":{"@id":"https:\/\/infoecos.com.ar\/#organization"},"image":{"@id":"https:\/\/infoecos.com.ar\/index.php\/oficial-quedo-habilitado-el-transito-para-todo-tipo-de-vehiculos-en-el-puente-de-cuero-de-zorro\/#primaryimage"},"thumbnailUrl":"https:\/\/infoecos.com.ar\/wp-content\/uploads\/2022\/02\/Puente-Ruta-33-7.jpg","keywords":["desde el lunes anterior"],"articleSection":["C1 N3","C1 nota 7"],"inLanguage":"es"},{"@type":"WebPage","@id":"https:\/\/infoecos.com.ar\/index.php\/oficial-quedo-habilitado-el-transito-para-todo-tipo-de-vehiculos-en-el-puente-de-cuero-de-zorro\/","url":"https:\/\/infoecos.com.ar\/index.php\/oficial-quedo-habilitado-el-transito-para-todo-tipo-de-vehiculos-en-el-puente-de-cuero-de-zorro\/","name":"Qued\u00f3 habilitado el tr\u00e1nsito para todo tipo de veh\u00edculos en el puente de Cuero de Zorro - Infoecos","isPartOf":{"@id":"https:\/\/infoecos.com.ar\/#website"},"primaryImageOfPage":{"@id":"https:\/\/infoecos.com.ar\/index.php\/oficial-quedo-habilitado-el-transito-para-todo-tipo-de-vehiculos-en-el-puente-de-cuero-de-zorro\/#primaryimage"},"image":{"@id":"https:\/\/infoecos.com.ar\/index.php\/oficial-quedo-habilitado-el-transito-para-todo-tipo-de-vehiculos-en-el-puente-de-cuero-de-zorro\/#primaryimage"},"thumbnailUrl":"https:\/\/infoecos.com.ar\/wp-content\/uploads\/2022\/02\/Puente-Ruta-33-7.jpg","datePublished":"2022-02-21T19:18:46+00:00","dateModified":"2022-02-23T19:27:44+00:00","breadcrumb":{"@id":"https:\/\/infoecos.com.ar\/index.php\/oficial-quedo-habilitado-el-transito-para-todo-tipo-de-vehiculos-en-el-puente-de-cuero-de-zorro\/#breadcrumb"},"inLanguage":"es","potentialAction":[{"@type":"ReadAction","target":["https:\/\/infoecos.com.ar\/index.php\/oficial-quedo-habilitado-el-transito-para-todo-tipo-de-vehiculos-en-el-puente-de-cuero-de-zorro\/"]}]},{"@type":"ImageObject","inLanguage":"es","@id":"https:\/\/infoecos.com.ar\/index.php\/oficial-quedo-habilitado-el-transito-para-todo-tipo-de-vehiculos-en-el-puente-de-cuero-de-zorro\/#primaryimage","url":"https:\/\/infoecos.com.ar\/wp-content\/uploads\/2022\/02\/Puente-Ruta-33-7.jpg","contentUrl":"https:\/\/infoecos.com.ar\/wp-content\/uploads\/2022\/02\/Puente-Ruta-33-7.jpg","width":1280,"height":720},{"@type":"BreadcrumbList","@id":"https:\/\/infoecos.com.ar\/index.php\/oficial-quedo-habilitado-el-transito-para-todo-tipo-de-vehiculos-en-el-puente-de-cuero-de-zorro\/#breadcrumb","itemListElement":[{"@type":"ListItem","position":1,"name":"Portada","item":"https:\/\/infoecos.com.ar\/"},{"@type":"ListItem","position":2,"name":"Qued\u00f3 habilitado el tr\u00e1nsito para todo tipo de veh\u00edculos en el puente de Cuero de Zorro"}]},{"@type":"WebSite","@id":"https:\/\/infoecos.com.ar\/#website","url":"https:\/\/infoecos.com.ar\/","name":"Infoecos","description":"Noticias de trenque lauquen y la zona","publisher":{"@id":"https:\/\/infoecos.com.ar\/#organization"},"alternateName":"Noticias","potentialAction":[{"@type":"SearchAction","target":{"@type":"EntryPoint","urlTemplate":"https:\/\/infoecos.com.ar\/?s={search_term_string}"},"query-input":{"@type":"PropertyValueSpecification","valueRequired":true,"valueName":"search_term_string"}}],"inLanguage":"es"},{"@type":"Organization","@id":"https:\/\/infoecos.com.ar\/#organization","name":"Infoecos","alternateName":"Noticias","url":"https:\/\/infoecos.com.ar\/","logo":{"@type":"ImageObject","inLanguage":"es","@id":"https:\/\/infoecos.com.ar\/#\/schema\/logo\/image\/","url":"https:\/\/infoecos.com.ar\/wp-content\/uploads\/2024\/03\/cropped-logo.png","contentUrl":"https:\/\/infoecos.com.ar\/wp-content\/uploads\/2024\/03\/cropped-logo.png","width":374,"height":90,"caption":"Infoecos"},"image":{"@id":"https:\/\/infoecos.com.ar\/#\/schema\/logo\/image\/"},"sameAs":["https:\/\/www.facebook.com\/profile.php?id=100063200290284","https:\/\/x.com\/infoecos"]},{"@type":"Person","@id":"https:\/\/infoecos.com.ar\/#\/schema\/person\/8f5ace5ce73b4b4aac4b7245aee6f191","name":"Jorge Matheus","url":"https:\/\/infoecos.com.ar\/index.php\/author\/jomatheus\/"}]}},"featured_image_urls":{"full":["https:\/\/infoecos.com.ar\/wp-content\/uploads\/2022\/02\/Puente-Ruta-33-7.jpg",1280,720,false],"thumbnail":["https:\/\/infoecos.com.ar\/wp-content\/uploads\/2022\/02\/Puente-Ruta-33-7-150x150.jpg",150,150,true],"medium":["https:\/\/infoecos.com.ar\/wp-content\/uploads\/2022\/02\/Puente-Ruta-33-7-460x259.jpg",460,259,true],"medium_large":["https:\/\/infoecos.com.ar\/wp-content\/uploads\/2022\/02\/Puente-Ruta-33-7-768x432.jpg",640,360,true],"large":["https:\/\/infoecos.com.ar\/wp-content\/uploads\/2022\/02\/Puente-Ruta-33-7-920x518.jpg",640,360,true],"1536x1536":["https:\/\/infoecos.com.ar\/wp-content\/uploads\/2022\/02\/Puente-Ruta-33-7.jpg",1280,720,false],"2048x2048":["https:\/\/infoecos.com.ar\/wp-content\/uploads\/2022\/02\/Puente-Ruta-33-7.jpg",1280,720,false],"covernews-slider-full":["https:\/\/infoecos.com.ar\/wp-content\/uploads\/2022\/02\/Puente-Ruta-33-7.jpg",1115,627,false],"covernews-slider-center":["https:\/\/infoecos.com.ar\/wp-content\/uploads\/2022\/02\/Puente-Ruta-33-7-936x720.jpg",650,500,true],"covernews-featured":["https:\/\/infoecos.com.ar\/wp-content\/uploads\/2022\/02\/Puente-Ruta-33-7-1024x576.jpg",1024,576,true],"covernews-medium":["https:\/\/infoecos.com.ar\/wp-content\/uploads\/2022\/02\/Puente-Ruta-33-7-720x380.jpg",540,285,true],"covernews-medium-square":["https:\/\/infoecos.com.ar\/wp-content\/uploads\/2022\/02\/Puente-Ruta-33-7-675x450.jpg",375,250,true]},"author_info":{"info":["Jorge Matheus"]},"category_info":"<a href=\"https:\/\/infoecos.com.ar\/index.php\/category\/c1nota3\/\" rel=\"category tag\">C1 N3<\/a> <a href=\"https:\/\/infoecos.com.ar\/index.php\/category\/c1nota7\/\" rel=\"category tag\">C1 nota 7<\/a>","tag_info":"C1 nota 7","comment_count":"0","_links":{"self":[{"href":"https:\/\/infoecos.com.ar\/index.php\/wp-json\/wp\/v2\/posts\/89927"}],"collection":[{"href":"https:\/\/infoecos.com.ar\/index.php\/wp-json\/wp\/v2\/posts"}],"about":[{"href":"https:\/\/infoecos.com.ar\/index.php\/wp-json\/wp\/v2\/types\/post"}],"author":[{"embeddable":true,"href":"https:\/\/infoecos.com.ar\/index.php\/wp-json\/wp\/v2\/users\/2"}],"replies":[{"embeddable":true,"href":"https:\/\/infoecos.com.ar\/index.php\/wp-json\/wp\/v2\/comments?post=89927"}],"version-history":[{"count":3,"href":"https:\/\/infoecos.com.ar\/index.php\/wp-json\/wp\/v2\/posts\/89927\/revisions"}],"predecessor-version":[{"id":90007,"href":"https:\/\/infoecos.com.ar\/index.php\/wp-json\/wp\/v2\/posts\/89927\/revisions\/90007"}],"wp:featuredmedia":[{"embeddable":true,"href":"https:\/\/infoecos.com.ar\/index.php\/wp-json\/wp\/v2\/media\/89928"}],"wp:attachment":[{"href":"https:\/\/infoecos.com.ar\/index.php\/wp-json\/wp\/v2\/media?parent=89927"}],"wp:term":[{"taxonomy":"category","embeddable":true,"href":"https:\/\/infoecos.com.ar\/index.php\/wp-json\/wp\/v2\/categories?post=89927"},{"taxonomy":"post_tag","embeddable":true,"href":"https:\/\/infoecos.com.ar\/index.php\/wp-json\/wp\/v2\/tags?post=89927"}],"curies":[{"name":"wp","href":"https:\/\/api.w.org\/{rel}","templated":true}]}}