{"id":89933,"date":"2022-02-21T16:28:13","date_gmt":"2022-02-21T19:28:13","guid":{"rendered":"http:\/\/infoecos.com.ar\/?p=89933"},"modified":"2022-02-22T19:40:26","modified_gmt":"2022-02-22T22:40:26","slug":"patricio-garcia-aca-habia-que-andar-rapido-y-asi-lo-hicimos","status":"publish","type":"post","link":"https:\/\/infoecos.com.ar\/index.php\/patricio-garcia-aca-habia-que-andar-rapido-y-asi-lo-hicimos\/","title":{"rendered":"Patricio Garc\u00eda: \u00abac\u00e1 hab\u00eda que andar r\u00e1pido y as\u00ed lo hicimos\u00bb"},"content":{"rendered":"\n<p>El Gerente Ejecutivo de Regiones y Distritos Provinciales de Vialidad Nacional, Patricio Garc\u00eda, manifest\u00f3 su satisfacci\u00f3n por dejar habilitado el nuevo puente (alcantarillado) sobre la Ruta nacional n\u00ba 33, a la altura de Cuero de Zorro, y resalt\u00f3 el aporte que hicieron los municipios de Trenque Lauquen y Rivadavia permitiendo darle celeridad a la obra.<\/p>\n\n\n\n<p>\u201cLas emergencias son de todos los que las que reciben y por eso la soluci\u00f3n hay que tenerla r\u00e1pido y pensada para el conjunto, y ac\u00e1 hemos demostrado que se puede trabajar de manera colectiva; \u00e9ste es un ejemplo que debemos imitar y transmitirlo al resto de las provincias\u201d, se\u00f1al\u00f3 Garc\u00eda.<\/p>\n\n\n\n<figure class=\"wp-block-image size-large is-style-default\"><img loading=\"lazy\" decoding=\"async\" width=\"920\" height=\"518\" src=\"http:\/\/infoecos.com.ar\/wp-content\/uploads\/2022\/02\/Puente-Ruta-33-8-920x518.jpg\" alt=\"\" class=\"wp-image-89934\" srcset=\"https:\/\/infoecos.com.ar\/wp-content\/uploads\/2022\/02\/Puente-Ruta-33-8-920x518.jpg 920w, https:\/\/infoecos.com.ar\/wp-content\/uploads\/2022\/02\/Puente-Ruta-33-8-460x259.jpg 460w, https:\/\/infoecos.com.ar\/wp-content\/uploads\/2022\/02\/Puente-Ruta-33-8-768x432.jpg 768w, https:\/\/infoecos.com.ar\/wp-content\/uploads\/2022\/02\/Puente-Ruta-33-8-1024x576.jpg 1024w, https:\/\/infoecos.com.ar\/wp-content\/uploads\/2022\/02\/Puente-Ruta-33-8.jpg 1280w\" sizes=\"(max-width: 920px) 100vw, 920px\" \/><\/figure>\n\n\n\n<p>Tambi\u00e9n rescat\u00f3 la importancia que tiene Vialidad Nacional, al que calific\u00f3 como un \u201corganismo maravilloso que cuando uno lo empieza a conocer se da cuenta del tama\u00f1o que tiene como organismo y lo fundacional que es como instituci\u00f3n\u201d, y tras remarcar que est\u00e1 por cumplir 90 a\u00f1os de vida y administra 44.000 kil\u00f3metros de ruta, destac\u00f3 el trabajo realizado en forma conjunta con los municipios de Trenque Lauquen y Rivadavia.<\/p>\n\n\n\n<p>\u201cEstamos parados en un lugar donde, por ejemplo, los tubos que hemos colocado ac\u00e1 vinieron de Chubut; Vialidad tiene disperso equipamiento en todo el territorio y cuando hay una emergencia de este tipo nos conectamos y todo aparece, todos saben que cuando el Estado va a comprar algo tarda porque tiene que garantizar transparencia y hacer una licitaci\u00f3n, pero ac\u00e1 hab\u00eda que andar r\u00e1pido y as\u00ed lo hicimos\u201d, manifest\u00f3 Patricio Garc\u00eda.<\/p>\n\n\n\n<figure class=\"wp-block-image size-large is-style-default\"><img loading=\"lazy\" decoding=\"async\" width=\"920\" height=\"518\" src=\"http:\/\/infoecos.com.ar\/wp-content\/uploads\/2022\/02\/Puente-Ruta-33-10-920x518.jpg\" alt=\"\" class=\"wp-image-89935\" srcset=\"https:\/\/infoecos.com.ar\/wp-content\/uploads\/2022\/02\/Puente-Ruta-33-10-920x518.jpg 920w, https:\/\/infoecos.com.ar\/wp-content\/uploads\/2022\/02\/Puente-Ruta-33-10-460x259.jpg 460w, https:\/\/infoecos.com.ar\/wp-content\/uploads\/2022\/02\/Puente-Ruta-33-10-768x432.jpg 768w, https:\/\/infoecos.com.ar\/wp-content\/uploads\/2022\/02\/Puente-Ruta-33-10-1024x576.jpg 1024w, https:\/\/infoecos.com.ar\/wp-content\/uploads\/2022\/02\/Puente-Ruta-33-10.jpg 1280w\" sizes=\"(max-width: 920px) 100vw, 920px\" \/><\/figure>\n\n\n\n<p>Al respecto remarc\u00f3 que \u201cSan Luis aport\u00f3 un regador, La Pampa y Bah\u00eda Blanca tambi\u00e9n colaboraron y el Distrito I tom\u00f3 con responsabilidad directa hacer la obra, es de las pocas que pudimos hacer por administraci\u00f3n y en forma coordinada con los municipios afectados, por eso el agradecimiento a los municipios de Rivadavia y de Trenque Lauquen, a los intendentes y a los concejales que han acompa\u00f1ado y avalado todo esto\u201d.<\/p>\n\n\n\n<p>Asimismo confirm\u00f3 la firma de dos convenios con los municipios de Trenque Lauquen y Rivadavia, el primero por m\u00e1s de 15 millones -se sum\u00f3 la entrega de un Cami\u00f3n Ford Cargo- y el otro por 18 millones, \u201cporque la intenci\u00f3n es que Vialidad Nacional le permita a estos municipios recuperar el esfuerzo econ\u00f3mico que hicieron sus vecinos\/as a trav\u00e9s de sus municipios porque ellos le dieron celeridad a la obra; a nosotros haber comprado esos materiales, en la urgencia, nos hubiera llevado mucho tiempo, y ellos aportaron materiales y equipos\u201d.<\/p>\n\n\n\n<p>Tras explicar las caracter\u00edsticas de la obra, Garc\u00eda dijo que \u201ca nosotros nos llena de orgullo haber podido hacerla desde el Estado y con esta velocidad teniendo en cuenta la \u00e9poca del a\u00f1o y las circunstancias\u201d, y dijo que \u201chubo mucha comprensi\u00f3n por parte de la comunidad de Rivadavia y de Trenque Lauquen, por suerte ten\u00edamos rutas cerca, como la 5, la 226 y la 188, que nos permitieron hacer este by pass\u201d.<\/p>\n\n\n\n<p>Acerca de otras obras en marcha, el funcionario dijo que \u201cse est\u00e1 trabajando en el tramo Villegas-Rufino, que ser\u00e1 repavimentado en su totalidad; parte de ese equipamiento va estar mudado al campamento instalado en Trenque Lauquen y entendemos que del 15 de marzo en adelante vamos a poder intervenir en esta calzada para poder hacer carpeta\u00bb y explic\u00f3 que se va \u00aba dejar una guardia en el lugar y con ese equipo vamos a tratar de atender la emergencia de este lugar y lo que se presente en el tramo Trenque Lauquen- Rivadavia\u201d.<\/p>\n\n\n\n<figure class=\"wp-block-image size-large is-style-default\"><img loading=\"lazy\" decoding=\"async\" width=\"920\" height=\"518\" src=\"http:\/\/infoecos.com.ar\/wp-content\/uploads\/2022\/02\/Puente-Ruta-33-920x518.jpg\" alt=\"\" class=\"wp-image-89936\" srcset=\"https:\/\/infoecos.com.ar\/wp-content\/uploads\/2022\/02\/Puente-Ruta-33-920x518.jpg 920w, https:\/\/infoecos.com.ar\/wp-content\/uploads\/2022\/02\/Puente-Ruta-33-460x259.jpg 460w, https:\/\/infoecos.com.ar\/wp-content\/uploads\/2022\/02\/Puente-Ruta-33-768x432.jpg 768w, https:\/\/infoecos.com.ar\/wp-content\/uploads\/2022\/02\/Puente-Ruta-33-1024x576.jpg 1024w, https:\/\/infoecos.com.ar\/wp-content\/uploads\/2022\/02\/Puente-Ruta-33.jpg 1280w\" sizes=\"(max-width: 920px) 100vw, 920px\" \/><\/figure>\n\n\n\n<p>Adem\u00e1s dijo que \u201cen el tramo de Rivadavia hacia Villegas tenemos operativas dos obras que est\u00e1n ejecuci\u00f3n, de bacheo intensivo, y anhelamos poder hacer una obra igual de Rivadavia a Trenque Lauquen\u201d.<\/p>\n\n\n\n<p>Garc\u00eda anunci\u00f3 que \u201cuna vez avanzadas estas obras, nos hemos comprometido a elaborar un proyecto de mayor dimensi\u00f3n para poner en marcha una obra similar a la que hemos puesto desde General Villegas a Rufino\u201d.<\/p>\n\n\n\n<p><strong>MAR\u00cdA ALICIA  RIVERO: \u201cES PARA RESALTAR EL COMPROMISO Y LA RESPONSABILIDAD\u201d<\/strong><\/p>\n\n\n\n<p>La jefa de Regi\u00f3n de Vialidad Nacional, Mar\u00eda Alicia Rivero, en tanto se\u00f1al\u00f3 que \u201cnos sentimos orgullosos de estar hoy rehabilitando el tr\u00e1nsito ac\u00e1 en Cuero de Zorro\u201d y agradeci\u00f3 al equipo de trabajo manifestando que \u201cnosotros movemos el l\u00e1piz pero los que hacen el trabajo duro son ellos, y por eso es para resaltar el compromiso y la responsabilidad con que han tomado esta emergencia\u201d.<\/p>\n\n\n\n<figure class=\"wp-block-image size-large is-style-default\"><img loading=\"lazy\" decoding=\"async\" width=\"920\" height=\"518\" src=\"http:\/\/infoecos.com.ar\/wp-content\/uploads\/2022\/02\/Puente-Ruta-33-13-Reynoso-920x518.jpg\" alt=\"\" class=\"wp-image-89937\" srcset=\"https:\/\/infoecos.com.ar\/wp-content\/uploads\/2022\/02\/Puente-Ruta-33-13-Reynoso-920x518.jpg 920w, https:\/\/infoecos.com.ar\/wp-content\/uploads\/2022\/02\/Puente-Ruta-33-13-Reynoso-460x259.jpg 460w, https:\/\/infoecos.com.ar\/wp-content\/uploads\/2022\/02\/Puente-Ruta-33-13-Reynoso-768x432.jpg 768w, https:\/\/infoecos.com.ar\/wp-content\/uploads\/2022\/02\/Puente-Ruta-33-13-Reynoso-1024x576.jpg 1024w, https:\/\/infoecos.com.ar\/wp-content\/uploads\/2022\/02\/Puente-Ruta-33-13-Reynoso.jpg 1280w\" sizes=\"(max-width: 920px) 100vw, 920px\" \/><\/figure>\n","protected":false},"excerpt":{"rendered":"<p>Confirm\u00f3 la firma de dos convenios con los municipios de Trenque Lauquen y Rivadavia, el primero por m\u00e1s de 15 millones -se sum\u00f3 la entrega de un Cami\u00f3n Ford Cargo- y el otro por 18 millones<\/p>\n","protected":false},"author":2,"featured_media":89934,"comment_status":"closed","ping_status":"open","sticky":false,"template":"","format":"standard","meta":{"footnotes":""},"categories":[48],"tags":[5685],"class_list":["post-89933","post","type-post","status-publish","format-standard","has-post-thumbnail","hentry","category-c2nota3","tag-en-nombre-de-vialidad-nacional"],"yoast_head":"<!-- This site is optimized with the Yoast SEO plugin v23.4 - https:\/\/yoast.com\/wordpress\/plugins\/seo\/ -->\n<title>Patricio Garc\u00eda: &quot;ac\u00e1 hab\u00eda que andar r\u00e1pido y as\u00ed lo hicimos&quot; - Infoecos<\/title>\n<meta name=\"robots\" content=\"index, follow, max-snippet:-1, max-image-preview:large, max-video-preview:-1\" \/>\n<link rel=\"canonical\" href=\"https:\/\/infoecos.com.ar\/index.php\/patricio-garcia-aca-habia-que-andar-rapido-y-asi-lo-hicimos\/\" \/>\n<meta property=\"og:locale\" content=\"es_ES\" \/>\n<meta property=\"og:type\" content=\"article\" \/>\n<meta property=\"og:title\" content=\"Patricio Garc\u00eda: &quot;ac\u00e1 hab\u00eda que andar r\u00e1pido y as\u00ed lo hicimos&quot; - Infoecos\" \/>\n<meta property=\"og:description\" content=\"Confirm\u00f3 la firma de dos convenios con los municipios de Trenque Lauquen y Rivadavia, el primero por m\u00e1s de 15 millones -se sum\u00f3 la entrega de un Cami\u00f3n Ford Cargo- y el otro por 18 millones\" \/>\n<meta property=\"og:url\" content=\"https:\/\/infoecos.com.ar\/index.php\/patricio-garcia-aca-habia-que-andar-rapido-y-asi-lo-hicimos\/\" \/>\n<meta property=\"og:site_name\" content=\"Infoecos\" \/>\n<meta property=\"article:publisher\" content=\"https:\/\/www.facebook.com\/profile.php?id=100063200290284\" \/>\n<meta property=\"article:published_time\" content=\"2022-02-21T19:28:13+00:00\" \/>\n<meta property=\"article:modified_time\" content=\"2022-02-22T22:40:26+00:00\" \/>\n<meta property=\"og:image\" content=\"https:\/\/infoecos.com.ar\/wp-content\/uploads\/2022\/02\/Puente-Ruta-33-8.jpg\" \/>\n\t<meta property=\"og:image:width\" content=\"1280\" \/>\n\t<meta property=\"og:image:height\" content=\"720\" \/>\n\t<meta property=\"og:image:type\" content=\"image\/jpeg\" \/>\n<meta name=\"author\" content=\"Jorge Matheus\" \/>\n<meta name=\"twitter:card\" content=\"summary_large_image\" \/>\n<meta name=\"twitter:creator\" content=\"@infoecos\" \/>\n<meta name=\"twitter:site\" content=\"@infoecos\" \/>\n<meta name=\"twitter:label1\" content=\"Escrito por\" \/>\n\t<meta name=\"twitter:data1\" content=\"Jorge Matheus\" \/>\n\t<meta name=\"twitter:label2\" content=\"Tiempo de lectura\" \/>\n\t<meta name=\"twitter:data2\" content=\"4 minutos\" \/>\n<script type=\"application\/ld+json\" class=\"yoast-schema-graph\">{\"@context\":\"https:\/\/schema.org\",\"@graph\":[{\"@type\":\"Article\",\"@id\":\"https:\/\/infoecos.com.ar\/index.php\/patricio-garcia-aca-habia-que-andar-rapido-y-asi-lo-hicimos\/#article\",\"isPartOf\":{\"@id\":\"https:\/\/infoecos.com.ar\/index.php\/patricio-garcia-aca-habia-que-andar-rapido-y-asi-lo-hicimos\/\"},\"author\":{\"name\":\"Jorge Matheus\",\"@id\":\"https:\/\/infoecos.com.ar\/#\/schema\/person\/8f5ace5ce73b4b4aac4b7245aee6f191\"},\"headline\":\"Patricio Garc\u00eda: \u00abac\u00e1 hab\u00eda que andar r\u00e1pido y as\u00ed lo hicimos\u00bb\",\"datePublished\":\"2022-02-21T19:28:13+00:00\",\"dateModified\":\"2022-02-22T22:40:26+00:00\",\"mainEntityOfPage\":{\"@id\":\"https:\/\/infoecos.com.ar\/index.php\/patricio-garcia-aca-habia-que-andar-rapido-y-asi-lo-hicimos\/\"},\"wordCount\":764,\"publisher\":{\"@id\":\"https:\/\/infoecos.com.ar\/#organization\"},\"image\":{\"@id\":\"https:\/\/infoecos.com.ar\/index.php\/patricio-garcia-aca-habia-que-andar-rapido-y-asi-lo-hicimos\/#primaryimage\"},\"thumbnailUrl\":\"https:\/\/infoecos.com.ar\/wp-content\/uploads\/2022\/02\/Puente-Ruta-33-8.jpg\",\"keywords\":[\"en nombre de vialidad nacional\"],\"articleSection\":[\"C2 N3\"],\"inLanguage\":\"es\"},{\"@type\":\"WebPage\",\"@id\":\"https:\/\/infoecos.com.ar\/index.php\/patricio-garcia-aca-habia-que-andar-rapido-y-asi-lo-hicimos\/\",\"url\":\"https:\/\/infoecos.com.ar\/index.php\/patricio-garcia-aca-habia-que-andar-rapido-y-asi-lo-hicimos\/\",\"name\":\"Patricio Garc\u00eda: \\\"ac\u00e1 hab\u00eda que andar r\u00e1pido y as\u00ed lo hicimos\\\" - Infoecos\",\"isPartOf\":{\"@id\":\"https:\/\/infoecos.com.ar\/#website\"},\"primaryImageOfPage\":{\"@id\":\"https:\/\/infoecos.com.ar\/index.php\/patricio-garcia-aca-habia-que-andar-rapido-y-asi-lo-hicimos\/#primaryimage\"},\"image\":{\"@id\":\"https:\/\/infoecos.com.ar\/index.php\/patricio-garcia-aca-habia-que-andar-rapido-y-asi-lo-hicimos\/#primaryimage\"},\"thumbnailUrl\":\"https:\/\/infoecos.com.ar\/wp-content\/uploads\/2022\/02\/Puente-Ruta-33-8.jpg\",\"datePublished\":\"2022-02-21T19:28:13+00:00\",\"dateModified\":\"2022-02-22T22:40:26+00:00\",\"breadcrumb\":{\"@id\":\"https:\/\/infoecos.com.ar\/index.php\/patricio-garcia-aca-habia-que-andar-rapido-y-asi-lo-hicimos\/#breadcrumb\"},\"inLanguage\":\"es\",\"potentialAction\":[{\"@type\":\"ReadAction\",\"target\":[\"https:\/\/infoecos.com.ar\/index.php\/patricio-garcia-aca-habia-que-andar-rapido-y-asi-lo-hicimos\/\"]}]},{\"@type\":\"ImageObject\",\"inLanguage\":\"es\",\"@id\":\"https:\/\/infoecos.com.ar\/index.php\/patricio-garcia-aca-habia-que-andar-rapido-y-asi-lo-hicimos\/#primaryimage\",\"url\":\"https:\/\/infoecos.com.ar\/wp-content\/uploads\/2022\/02\/Puente-Ruta-33-8.jpg\",\"contentUrl\":\"https:\/\/infoecos.com.ar\/wp-content\/uploads\/2022\/02\/Puente-Ruta-33-8.jpg\",\"width\":1280,\"height\":720},{\"@type\":\"BreadcrumbList\",\"@id\":\"https:\/\/infoecos.com.ar\/index.php\/patricio-garcia-aca-habia-que-andar-rapido-y-asi-lo-hicimos\/#breadcrumb\",\"itemListElement\":[{\"@type\":\"ListItem\",\"position\":1,\"name\":\"Portada\",\"item\":\"https:\/\/infoecos.com.ar\/\"},{\"@type\":\"ListItem\",\"position\":2,\"name\":\"Patricio Garc\u00eda: \u00abac\u00e1 hab\u00eda que andar r\u00e1pido y as\u00ed lo hicimos\u00bb\"}]},{\"@type\":\"WebSite\",\"@id\":\"https:\/\/infoecos.com.ar\/#website\",\"url\":\"https:\/\/infoecos.com.ar\/\",\"name\":\"Infoecos\",\"description\":\"Noticias de trenque lauquen y la zona\",\"publisher\":{\"@id\":\"https:\/\/infoecos.com.ar\/#organization\"},\"alternateName\":\"Noticias\",\"potentialAction\":[{\"@type\":\"SearchAction\",\"target\":{\"@type\":\"EntryPoint\",\"urlTemplate\":\"https:\/\/infoecos.com.ar\/?s={search_term_string}\"},\"query-input\":{\"@type\":\"PropertyValueSpecification\",\"valueRequired\":true,\"valueName\":\"search_term_string\"}}],\"inLanguage\":\"es\"},{\"@type\":\"Organization\",\"@id\":\"https:\/\/infoecos.com.ar\/#organization\",\"name\":\"Infoecos\",\"alternateName\":\"Noticias\",\"url\":\"https:\/\/infoecos.com.ar\/\",\"logo\":{\"@type\":\"ImageObject\",\"inLanguage\":\"es\",\"@id\":\"https:\/\/infoecos.com.ar\/#\/schema\/logo\/image\/\",\"url\":\"https:\/\/infoecos.com.ar\/wp-content\/uploads\/2024\/03\/cropped-logo.png\",\"contentUrl\":\"https:\/\/infoecos.com.ar\/wp-content\/uploads\/2024\/03\/cropped-logo.png\",\"width\":374,\"height\":90,\"caption\":\"Infoecos\"},\"image\":{\"@id\":\"https:\/\/infoecos.com.ar\/#\/schema\/logo\/image\/\"},\"sameAs\":[\"https:\/\/www.facebook.com\/profile.php?id=100063200290284\",\"https:\/\/x.com\/infoecos\"]},{\"@type\":\"Person\",\"@id\":\"https:\/\/infoecos.com.ar\/#\/schema\/person\/8f5ace5ce73b4b4aac4b7245aee6f191\",\"name\":\"Jorge Matheus\",\"url\":\"https:\/\/infoecos.com.ar\/index.php\/author\/jomatheus\/\"}]}<\/script>\n<!-- \/ Yoast SEO plugin. -->","yoast_head_json":{"title":"Patricio Garc\u00eda: \"ac\u00e1 hab\u00eda que andar r\u00e1pido y as\u00ed lo hicimos\" - Infoecos","robots":{"index":"index","follow":"follow","max-snippet":"max-snippet:-1","max-image-preview":"max-image-preview:large","max-video-preview":"max-video-preview:-1"},"canonical":"https:\/\/infoecos.com.ar\/index.php\/patricio-garcia-aca-habia-que-andar-rapido-y-asi-lo-hicimos\/","og_locale":"es_ES","og_type":"article","og_title":"Patricio Garc\u00eda: \"ac\u00e1 hab\u00eda que andar r\u00e1pido y as\u00ed lo hicimos\" - Infoecos","og_description":"Confirm\u00f3 la firma de dos convenios con los municipios de Trenque Lauquen y Rivadavia, el primero por m\u00e1s de 15 millones -se sum\u00f3 la entrega de un Cami\u00f3n Ford Cargo- y el otro por 18 millones","og_url":"https:\/\/infoecos.com.ar\/index.php\/patricio-garcia-aca-habia-que-andar-rapido-y-asi-lo-hicimos\/","og_site_name":"Infoecos","article_publisher":"https:\/\/www.facebook.com\/profile.php?id=100063200290284","article_published_time":"2022-02-21T19:28:13+00:00","article_modified_time":"2022-02-22T22:40:26+00:00","og_image":[{"width":1280,"height":720,"url":"https:\/\/infoecos.com.ar\/wp-content\/uploads\/2022\/02\/Puente-Ruta-33-8.jpg","type":"image\/jpeg"}],"author":"Jorge Matheus","twitter_card":"summary_large_image","twitter_creator":"@infoecos","twitter_site":"@infoecos","twitter_misc":{"Escrito por":"Jorge Matheus","Tiempo de lectura":"4 minutos"},"schema":{"@context":"https:\/\/schema.org","@graph":[{"@type":"Article","@id":"https:\/\/infoecos.com.ar\/index.php\/patricio-garcia-aca-habia-que-andar-rapido-y-asi-lo-hicimos\/#article","isPartOf":{"@id":"https:\/\/infoecos.com.ar\/index.php\/patricio-garcia-aca-habia-que-andar-rapido-y-asi-lo-hicimos\/"},"author":{"name":"Jorge Matheus","@id":"https:\/\/infoecos.com.ar\/#\/schema\/person\/8f5ace5ce73b4b4aac4b7245aee6f191"},"headline":"Patricio Garc\u00eda: \u00abac\u00e1 hab\u00eda que andar r\u00e1pido y as\u00ed lo hicimos\u00bb","datePublished":"2022-02-21T19:28:13+00:00","dateModified":"2022-02-22T22:40:26+00:00","mainEntityOfPage":{"@id":"https:\/\/infoecos.com.ar\/index.php\/patricio-garcia-aca-habia-que-andar-rapido-y-asi-lo-hicimos\/"},"wordCount":764,"publisher":{"@id":"https:\/\/infoecos.com.ar\/#organization"},"image":{"@id":"https:\/\/infoecos.com.ar\/index.php\/patricio-garcia-aca-habia-que-andar-rapido-y-asi-lo-hicimos\/#primaryimage"},"thumbnailUrl":"https:\/\/infoecos.com.ar\/wp-content\/uploads\/2022\/02\/Puente-Ruta-33-8.jpg","keywords":["en nombre de vialidad nacional"],"articleSection":["C2 N3"],"inLanguage":"es"},{"@type":"WebPage","@id":"https:\/\/infoecos.com.ar\/index.php\/patricio-garcia-aca-habia-que-andar-rapido-y-asi-lo-hicimos\/","url":"https:\/\/infoecos.com.ar\/index.php\/patricio-garcia-aca-habia-que-andar-rapido-y-asi-lo-hicimos\/","name":"Patricio Garc\u00eda: \"ac\u00e1 hab\u00eda que andar r\u00e1pido y as\u00ed lo hicimos\" - Infoecos","isPartOf":{"@id":"https:\/\/infoecos.com.ar\/#website"},"primaryImageOfPage":{"@id":"https:\/\/infoecos.com.ar\/index.php\/patricio-garcia-aca-habia-que-andar-rapido-y-asi-lo-hicimos\/#primaryimage"},"image":{"@id":"https:\/\/infoecos.com.ar\/index.php\/patricio-garcia-aca-habia-que-andar-rapido-y-asi-lo-hicimos\/#primaryimage"},"thumbnailUrl":"https:\/\/infoecos.com.ar\/wp-content\/uploads\/2022\/02\/Puente-Ruta-33-8.jpg","datePublished":"2022-02-21T19:28:13+00:00","dateModified":"2022-02-22T22:40:26+00:00","breadcrumb":{"@id":"https:\/\/infoecos.com.ar\/index.php\/patricio-garcia-aca-habia-que-andar-rapido-y-asi-lo-hicimos\/#breadcrumb"},"inLanguage":"es","potentialAction":[{"@type":"ReadAction","target":["https:\/\/infoecos.com.ar\/index.php\/patricio-garcia-aca-habia-que-andar-rapido-y-asi-lo-hicimos\/"]}]},{"@type":"ImageObject","inLanguage":"es","@id":"https:\/\/infoecos.com.ar\/index.php\/patricio-garcia-aca-habia-que-andar-rapido-y-asi-lo-hicimos\/#primaryimage","url":"https:\/\/infoecos.com.ar\/wp-content\/uploads\/2022\/02\/Puente-Ruta-33-8.jpg","contentUrl":"https:\/\/infoecos.com.ar\/wp-content\/uploads\/2022\/02\/Puente-Ruta-33-8.jpg","width":1280,"height":720},{"@type":"BreadcrumbList","@id":"https:\/\/infoecos.com.ar\/index.php\/patricio-garcia-aca-habia-que-andar-rapido-y-asi-lo-hicimos\/#breadcrumb","itemListElement":[{"@type":"ListItem","position":1,"name":"Portada","item":"https:\/\/infoecos.com.ar\/"},{"@type":"ListItem","position":2,"name":"Patricio Garc\u00eda: \u00abac\u00e1 hab\u00eda que andar r\u00e1pido y as\u00ed lo hicimos\u00bb"}]},{"@type":"WebSite","@id":"https:\/\/infoecos.com.ar\/#website","url":"https:\/\/infoecos.com.ar\/","name":"Infoecos","description":"Noticias de trenque lauquen y la zona","publisher":{"@id":"https:\/\/infoecos.com.ar\/#organization"},"alternateName":"Noticias","potentialAction":[{"@type":"SearchAction","target":{"@type":"EntryPoint","urlTemplate":"https:\/\/infoecos.com.ar\/?s={search_term_string}"},"query-input":{"@type":"PropertyValueSpecification","valueRequired":true,"valueName":"search_term_string"}}],"inLanguage":"es"},{"@type":"Organization","@id":"https:\/\/infoecos.com.ar\/#organization","name":"Infoecos","alternateName":"Noticias","url":"https:\/\/infoecos.com.ar\/","logo":{"@type":"ImageObject","inLanguage":"es","@id":"https:\/\/infoecos.com.ar\/#\/schema\/logo\/image\/","url":"https:\/\/infoecos.com.ar\/wp-content\/uploads\/2024\/03\/cropped-logo.png","contentUrl":"https:\/\/infoecos.com.ar\/wp-content\/uploads\/2024\/03\/cropped-logo.png","width":374,"height":90,"caption":"Infoecos"},"image":{"@id":"https:\/\/infoecos.com.ar\/#\/schema\/logo\/image\/"},"sameAs":["https:\/\/www.facebook.com\/profile.php?id=100063200290284","https:\/\/x.com\/infoecos"]},{"@type":"Person","@id":"https:\/\/infoecos.com.ar\/#\/schema\/person\/8f5ace5ce73b4b4aac4b7245aee6f191","name":"Jorge Matheus","url":"https:\/\/infoecos.com.ar\/index.php\/author\/jomatheus\/"}]}},"featured_image_urls":{"full":["https:\/\/infoecos.com.ar\/wp-content\/uploads\/2022\/02\/Puente-Ruta-33-8.jpg",1280,720,false],"thumbnail":["https:\/\/infoecos.com.ar\/wp-content\/uploads\/2022\/02\/Puente-Ruta-33-8-150x150.jpg",150,150,true],"medium":["https:\/\/infoecos.com.ar\/wp-content\/uploads\/2022\/02\/Puente-Ruta-33-8-460x259.jpg",460,259,true],"medium_large":["https:\/\/infoecos.com.ar\/wp-content\/uploads\/2022\/02\/Puente-Ruta-33-8-768x432.jpg",640,360,true],"large":["https:\/\/infoecos.com.ar\/wp-content\/uploads\/2022\/02\/Puente-Ruta-33-8-920x518.jpg",640,360,true],"1536x1536":["https:\/\/infoecos.com.ar\/wp-content\/uploads\/2022\/02\/Puente-Ruta-33-8.jpg",1280,720,false],"2048x2048":["https:\/\/infoecos.com.ar\/wp-content\/uploads\/2022\/02\/Puente-Ruta-33-8.jpg",1280,720,false],"covernews-slider-full":["https:\/\/infoecos.com.ar\/wp-content\/uploads\/2022\/02\/Puente-Ruta-33-8.jpg",1115,627,false],"covernews-slider-center":["https:\/\/infoecos.com.ar\/wp-content\/uploads\/2022\/02\/Puente-Ruta-33-8-936x720.jpg",650,500,true],"covernews-featured":["https:\/\/infoecos.com.ar\/wp-content\/uploads\/2022\/02\/Puente-Ruta-33-8-1024x576.jpg",1024,576,true],"covernews-medium":["https:\/\/infoecos.com.ar\/wp-content\/uploads\/2022\/02\/Puente-Ruta-33-8-720x380.jpg",540,285,true],"covernews-medium-square":["https:\/\/infoecos.com.ar\/wp-content\/uploads\/2022\/02\/Puente-Ruta-33-8-675x450.jpg",375,250,true]},"author_info":{"info":["Jorge Matheus"]},"category_info":"<a href=\"https:\/\/infoecos.com.ar\/index.php\/category\/c2nota3\/\" rel=\"category tag\">C2 N3<\/a>","tag_info":"C2 N3","comment_count":"0","_links":{"self":[{"href":"https:\/\/infoecos.com.ar\/index.php\/wp-json\/wp\/v2\/posts\/89933"}],"collection":[{"href":"https:\/\/infoecos.com.ar\/index.php\/wp-json\/wp\/v2\/posts"}],"about":[{"href":"https:\/\/infoecos.com.ar\/index.php\/wp-json\/wp\/v2\/types\/post"}],"author":[{"embeddable":true,"href":"https:\/\/infoecos.com.ar\/index.php\/wp-json\/wp\/v2\/users\/2"}],"replies":[{"embeddable":true,"href":"https:\/\/infoecos.com.ar\/index.php\/wp-json\/wp\/v2\/comments?post=89933"}],"version-history":[{"count":2,"href":"https:\/\/infoecos.com.ar\/index.php\/wp-json\/wp\/v2\/posts\/89933\/revisions"}],"predecessor-version":[{"id":89964,"href":"https:\/\/infoecos.com.ar\/index.php\/wp-json\/wp\/v2\/posts\/89933\/revisions\/89964"}],"wp:featuredmedia":[{"embeddable":true,"href":"https:\/\/infoecos.com.ar\/index.php\/wp-json\/wp\/v2\/media\/89934"}],"wp:attachment":[{"href":"https:\/\/infoecos.com.ar\/index.php\/wp-json\/wp\/v2\/media?parent=89933"}],"wp:term":[{"taxonomy":"category","embeddable":true,"href":"https:\/\/infoecos.com.ar\/index.php\/wp-json\/wp\/v2\/categories?post=89933"},{"taxonomy":"post_tag","embeddable":true,"href":"https:\/\/infoecos.com.ar\/index.php\/wp-json\/wp\/v2\/tags?post=89933"}],"curies":[{"name":"wp","href":"https:\/\/api.w.org\/{rel}","templated":true}]}}