{"id":89956,"date":"2022-02-21T17:47:46","date_gmt":"2022-02-21T20:47:46","guid":{"rendered":"http:\/\/infoecos.com.ar\/?p=89956"},"modified":"2022-02-21T17:47:49","modified_gmt":"2022-02-21T20:47:49","slug":"la-sociedad-rural-argentina-presento-un-amparo-contra-las-retenciones-a-las-exportaciones","status":"publish","type":"post","link":"https:\/\/infoecos.com.ar\/index.php\/la-sociedad-rural-argentina-presento-un-amparo-contra-las-retenciones-a-las-exportaciones\/","title":{"rendered":"La Sociedad Rural Argentina present\u00f3 un amparo contra las retenciones a las exportaciones"},"content":{"rendered":"\n<p>La Sociedad Rural Argentina (SRA), junto con la Sociedad Rural de Jes\u00fas Mar\u00eda, present\u00f3 un amparo contra las retenciones a las exportaciones bajo el argumento que no hay una ley que establezca el cobro de ese tributo.<\/p>\n\n\n\n<div class=\"wp-block-image is-style-default\"><figure class=\"alignright size-large is-resized\"><img loading=\"lazy\" decoding=\"async\" src=\"http:\/\/infoecos.com.ar\/wp-content\/uploads\/2022\/02\/sruargetnina-1-920x618.jpg\" alt=\"\" class=\"wp-image-89958\" width=\"381\" height=\"255\" srcset=\"https:\/\/infoecos.com.ar\/wp-content\/uploads\/2022\/02\/sruargetnina-1-920x618.jpg 920w, https:\/\/infoecos.com.ar\/wp-content\/uploads\/2022\/02\/sruargetnina-1-460x309.jpg 460w, https:\/\/infoecos.com.ar\/wp-content\/uploads\/2022\/02\/sruargetnina-1-768x516.jpg 768w, https:\/\/infoecos.com.ar\/wp-content\/uploads\/2022\/02\/sruargetnina-1-675x450.jpg 675w, https:\/\/infoecos.com.ar\/wp-content\/uploads\/2022\/02\/sruargetnina-1.jpg 1024w\" sizes=\"(max-width: 381px) 100vw, 381px\" \/><\/figure><\/div>\n\n\n\n<p>As\u00ed lo anunci\u00f3 este lunes el presidente de la SRA, Nicol\u00e1s Pino, en el marco de una conferencia de prensa ofrecida la sede de la entidad en la Capital Federal, junto con dirigentes ruralistas del interior del pa\u00eds.<\/p>\n\n\n\n<p>\u00abPresentamos este recurso de amparo porque las retenciones son inconstitucionales. Para que exista un tributo tiene que haber una ley\u00bb, se\u00f1al\u00f3 Pino.<\/p>\n\n\n\n<p>Los abogados que presentaron el recurso en los tribunales federales de C\u00f3rdoba argumentan que cuando el Congreso rechaz\u00f3 el proyecto de Presupuesto 2022 que hab\u00eda enviado el Gobierno, junto con ello, desaprob\u00f3 un articulo que permit\u00eda al Gobierno cobrar los derechos de exportaci\u00f3n.<\/p>\n","protected":false},"excerpt":{"rendered":"<p>As\u00ed lo anunci\u00f3 este lunes el presidente de la SRA, Nicol\u00e1s Pino, en el marco de una conferencia de prensa ofrecida la sede de la entidad en la Capital Federal<\/p>\n","protected":false},"author":2,"featured_media":89958,"comment_status":"closed","ping_status":"open","sticky":false,"template":"","format":"standard","meta":{"footnotes":""},"categories":[45],"tags":[1721],"class_list":["post-89956","post","type-post","status-publish","format-standard","has-post-thumbnail","hentry","category-c1nota2","tag-economia-agropecuaria-2"],"yoast_head":"<!-- This site is optimized with the Yoast SEO plugin v23.4 - https:\/\/yoast.com\/wordpress\/plugins\/seo\/ -->\n<title>La Sociedad Rural Argentina present\u00f3 un amparo contra las retenciones a las exportaciones - Infoecos<\/title>\n<meta name=\"robots\" content=\"index, follow, max-snippet:-1, max-image-preview:large, max-video-preview:-1\" \/>\n<link rel=\"canonical\" href=\"https:\/\/infoecos.com.ar\/index.php\/la-sociedad-rural-argentina-presento-un-amparo-contra-las-retenciones-a-las-exportaciones\/\" \/>\n<meta property=\"og:locale\" content=\"es_ES\" \/>\n<meta property=\"og:type\" content=\"article\" \/>\n<meta property=\"og:title\" content=\"La Sociedad Rural Argentina present\u00f3 un amparo contra las retenciones a las exportaciones - Infoecos\" \/>\n<meta property=\"og:description\" content=\"As\u00ed lo anunci\u00f3 este lunes el presidente de la SRA, Nicol\u00e1s Pino, en el marco de una conferencia de prensa ofrecida la sede de la entidad en la Capital Federal\" \/>\n<meta property=\"og:url\" content=\"https:\/\/infoecos.com.ar\/index.php\/la-sociedad-rural-argentina-presento-un-amparo-contra-las-retenciones-a-las-exportaciones\/\" \/>\n<meta property=\"og:site_name\" content=\"Infoecos\" \/>\n<meta property=\"article:publisher\" content=\"https:\/\/www.facebook.com\/profile.php?id=100063200290284\" \/>\n<meta property=\"article:published_time\" content=\"2022-02-21T20:47:46+00:00\" \/>\n<meta property=\"article:modified_time\" content=\"2022-02-21T20:47:49+00:00\" \/>\n<meta property=\"og:image\" content=\"https:\/\/infoecos.com.ar\/wp-content\/uploads\/2022\/02\/sruargetnina-1.jpg\" \/>\n\t<meta property=\"og:image:width\" content=\"1024\" \/>\n\t<meta property=\"og:image:height\" content=\"688\" \/>\n\t<meta property=\"og:image:type\" content=\"image\/jpeg\" \/>\n<meta name=\"author\" content=\"Jorge Matheus\" \/>\n<meta name=\"twitter:card\" content=\"summary_large_image\" \/>\n<meta name=\"twitter:creator\" content=\"@infoecos\" \/>\n<meta name=\"twitter:site\" content=\"@infoecos\" \/>\n<meta name=\"twitter:label1\" content=\"Escrito por\" \/>\n\t<meta name=\"twitter:data1\" content=\"Jorge Matheus\" \/>\n\t<meta name=\"twitter:label2\" content=\"Tiempo de lectura\" \/>\n\t<meta name=\"twitter:data2\" content=\"1 minuto\" \/>\n<script type=\"application\/ld+json\" class=\"yoast-schema-graph\">{\"@context\":\"https:\/\/schema.org\",\"@graph\":[{\"@type\":\"Article\",\"@id\":\"https:\/\/infoecos.com.ar\/index.php\/la-sociedad-rural-argentina-presento-un-amparo-contra-las-retenciones-a-las-exportaciones\/#article\",\"isPartOf\":{\"@id\":\"https:\/\/infoecos.com.ar\/index.php\/la-sociedad-rural-argentina-presento-un-amparo-contra-las-retenciones-a-las-exportaciones\/\"},\"author\":{\"name\":\"Jorge Matheus\",\"@id\":\"https:\/\/infoecos.com.ar\/#\/schema\/person\/8f5ace5ce73b4b4aac4b7245aee6f191\"},\"headline\":\"La Sociedad Rural Argentina present\u00f3 un amparo contra las retenciones a las exportaciones\",\"datePublished\":\"2022-02-21T20:47:46+00:00\",\"dateModified\":\"2022-02-21T20:47:49+00:00\",\"mainEntityOfPage\":{\"@id\":\"https:\/\/infoecos.com.ar\/index.php\/la-sociedad-rural-argentina-presento-un-amparo-contra-las-retenciones-a-las-exportaciones\/\"},\"wordCount\":161,\"publisher\":{\"@id\":\"https:\/\/infoecos.com.ar\/#organization\"},\"image\":{\"@id\":\"https:\/\/infoecos.com.ar\/index.php\/la-sociedad-rural-argentina-presento-un-amparo-contra-las-retenciones-a-las-exportaciones\/#primaryimage\"},\"thumbnailUrl\":\"https:\/\/infoecos.com.ar\/wp-content\/uploads\/2022\/02\/sruargetnina-1.jpg\",\"keywords\":[\"ECONOM\u00cdA AGROPECUARIA\"],\"articleSection\":[\"C1 N2\"],\"inLanguage\":\"es\"},{\"@type\":\"WebPage\",\"@id\":\"https:\/\/infoecos.com.ar\/index.php\/la-sociedad-rural-argentina-presento-un-amparo-contra-las-retenciones-a-las-exportaciones\/\",\"url\":\"https:\/\/infoecos.com.ar\/index.php\/la-sociedad-rural-argentina-presento-un-amparo-contra-las-retenciones-a-las-exportaciones\/\",\"name\":\"La Sociedad Rural Argentina present\u00f3 un amparo contra las retenciones a las exportaciones - Infoecos\",\"isPartOf\":{\"@id\":\"https:\/\/infoecos.com.ar\/#website\"},\"primaryImageOfPage\":{\"@id\":\"https:\/\/infoecos.com.ar\/index.php\/la-sociedad-rural-argentina-presento-un-amparo-contra-las-retenciones-a-las-exportaciones\/#primaryimage\"},\"image\":{\"@id\":\"https:\/\/infoecos.com.ar\/index.php\/la-sociedad-rural-argentina-presento-un-amparo-contra-las-retenciones-a-las-exportaciones\/#primaryimage\"},\"thumbnailUrl\":\"https:\/\/infoecos.com.ar\/wp-content\/uploads\/2022\/02\/sruargetnina-1.jpg\",\"datePublished\":\"2022-02-21T20:47:46+00:00\",\"dateModified\":\"2022-02-21T20:47:49+00:00\",\"breadcrumb\":{\"@id\":\"https:\/\/infoecos.com.ar\/index.php\/la-sociedad-rural-argentina-presento-un-amparo-contra-las-retenciones-a-las-exportaciones\/#breadcrumb\"},\"inLanguage\":\"es\",\"potentialAction\":[{\"@type\":\"ReadAction\",\"target\":[\"https:\/\/infoecos.com.ar\/index.php\/la-sociedad-rural-argentina-presento-un-amparo-contra-las-retenciones-a-las-exportaciones\/\"]}]},{\"@type\":\"ImageObject\",\"inLanguage\":\"es\",\"@id\":\"https:\/\/infoecos.com.ar\/index.php\/la-sociedad-rural-argentina-presento-un-amparo-contra-las-retenciones-a-las-exportaciones\/#primaryimage\",\"url\":\"https:\/\/infoecos.com.ar\/wp-content\/uploads\/2022\/02\/sruargetnina-1.jpg\",\"contentUrl\":\"https:\/\/infoecos.com.ar\/wp-content\/uploads\/2022\/02\/sruargetnina-1.jpg\",\"width\":1024,\"height\":688},{\"@type\":\"BreadcrumbList\",\"@id\":\"https:\/\/infoecos.com.ar\/index.php\/la-sociedad-rural-argentina-presento-un-amparo-contra-las-retenciones-a-las-exportaciones\/#breadcrumb\",\"itemListElement\":[{\"@type\":\"ListItem\",\"position\":1,\"name\":\"Portada\",\"item\":\"https:\/\/infoecos.com.ar\/\"},{\"@type\":\"ListItem\",\"position\":2,\"name\":\"La Sociedad Rural Argentina present\u00f3 un amparo contra las retenciones a las exportaciones\"}]},{\"@type\":\"WebSite\",\"@id\":\"https:\/\/infoecos.com.ar\/#website\",\"url\":\"https:\/\/infoecos.com.ar\/\",\"name\":\"Infoecos\",\"description\":\"Noticias de trenque lauquen y la zona\",\"publisher\":{\"@id\":\"https:\/\/infoecos.com.ar\/#organization\"},\"alternateName\":\"Noticias\",\"potentialAction\":[{\"@type\":\"SearchAction\",\"target\":{\"@type\":\"EntryPoint\",\"urlTemplate\":\"https:\/\/infoecos.com.ar\/?s={search_term_string}\"},\"query-input\":{\"@type\":\"PropertyValueSpecification\",\"valueRequired\":true,\"valueName\":\"search_term_string\"}}],\"inLanguage\":\"es\"},{\"@type\":\"Organization\",\"@id\":\"https:\/\/infoecos.com.ar\/#organization\",\"name\":\"Infoecos\",\"alternateName\":\"Noticias\",\"url\":\"https:\/\/infoecos.com.ar\/\",\"logo\":{\"@type\":\"ImageObject\",\"inLanguage\":\"es\",\"@id\":\"https:\/\/infoecos.com.ar\/#\/schema\/logo\/image\/\",\"url\":\"https:\/\/infoecos.com.ar\/wp-content\/uploads\/2024\/03\/cropped-logo.png\",\"contentUrl\":\"https:\/\/infoecos.com.ar\/wp-content\/uploads\/2024\/03\/cropped-logo.png\",\"width\":374,\"height\":90,\"caption\":\"Infoecos\"},\"image\":{\"@id\":\"https:\/\/infoecos.com.ar\/#\/schema\/logo\/image\/\"},\"sameAs\":[\"https:\/\/www.facebook.com\/profile.php?id=100063200290284\",\"https:\/\/x.com\/infoecos\"]},{\"@type\":\"Person\",\"@id\":\"https:\/\/infoecos.com.ar\/#\/schema\/person\/8f5ace5ce73b4b4aac4b7245aee6f191\",\"name\":\"Jorge Matheus\",\"url\":\"https:\/\/infoecos.com.ar\/index.php\/author\/jomatheus\/\"}]}<\/script>\n<!-- \/ Yoast SEO plugin. -->","yoast_head_json":{"title":"La Sociedad Rural Argentina present\u00f3 un amparo contra las retenciones a las exportaciones - Infoecos","robots":{"index":"index","follow":"follow","max-snippet":"max-snippet:-1","max-image-preview":"max-image-preview:large","max-video-preview":"max-video-preview:-1"},"canonical":"https:\/\/infoecos.com.ar\/index.php\/la-sociedad-rural-argentina-presento-un-amparo-contra-las-retenciones-a-las-exportaciones\/","og_locale":"es_ES","og_type":"article","og_title":"La Sociedad Rural Argentina present\u00f3 un amparo contra las retenciones a las exportaciones - Infoecos","og_description":"As\u00ed lo anunci\u00f3 este lunes el presidente de la SRA, Nicol\u00e1s Pino, en el marco de una conferencia de prensa ofrecida la sede de la entidad en la Capital Federal","og_url":"https:\/\/infoecos.com.ar\/index.php\/la-sociedad-rural-argentina-presento-un-amparo-contra-las-retenciones-a-las-exportaciones\/","og_site_name":"Infoecos","article_publisher":"https:\/\/www.facebook.com\/profile.php?id=100063200290284","article_published_time":"2022-02-21T20:47:46+00:00","article_modified_time":"2022-02-21T20:47:49+00:00","og_image":[{"width":1024,"height":688,"url":"https:\/\/infoecos.com.ar\/wp-content\/uploads\/2022\/02\/sruargetnina-1.jpg","type":"image\/jpeg"}],"author":"Jorge Matheus","twitter_card":"summary_large_image","twitter_creator":"@infoecos","twitter_site":"@infoecos","twitter_misc":{"Escrito por":"Jorge Matheus","Tiempo de lectura":"1 minuto"},"schema":{"@context":"https:\/\/schema.org","@graph":[{"@type":"Article","@id":"https:\/\/infoecos.com.ar\/index.php\/la-sociedad-rural-argentina-presento-un-amparo-contra-las-retenciones-a-las-exportaciones\/#article","isPartOf":{"@id":"https:\/\/infoecos.com.ar\/index.php\/la-sociedad-rural-argentina-presento-un-amparo-contra-las-retenciones-a-las-exportaciones\/"},"author":{"name":"Jorge Matheus","@id":"https:\/\/infoecos.com.ar\/#\/schema\/person\/8f5ace5ce73b4b4aac4b7245aee6f191"},"headline":"La Sociedad Rural Argentina present\u00f3 un amparo contra las retenciones a las exportaciones","datePublished":"2022-02-21T20:47:46+00:00","dateModified":"2022-02-21T20:47:49+00:00","mainEntityOfPage":{"@id":"https:\/\/infoecos.com.ar\/index.php\/la-sociedad-rural-argentina-presento-un-amparo-contra-las-retenciones-a-las-exportaciones\/"},"wordCount":161,"publisher":{"@id":"https:\/\/infoecos.com.ar\/#organization"},"image":{"@id":"https:\/\/infoecos.com.ar\/index.php\/la-sociedad-rural-argentina-presento-un-amparo-contra-las-retenciones-a-las-exportaciones\/#primaryimage"},"thumbnailUrl":"https:\/\/infoecos.com.ar\/wp-content\/uploads\/2022\/02\/sruargetnina-1.jpg","keywords":["ECONOM\u00cdA AGROPECUARIA"],"articleSection":["C1 N2"],"inLanguage":"es"},{"@type":"WebPage","@id":"https:\/\/infoecos.com.ar\/index.php\/la-sociedad-rural-argentina-presento-un-amparo-contra-las-retenciones-a-las-exportaciones\/","url":"https:\/\/infoecos.com.ar\/index.php\/la-sociedad-rural-argentina-presento-un-amparo-contra-las-retenciones-a-las-exportaciones\/","name":"La Sociedad Rural Argentina present\u00f3 un amparo contra las retenciones a las exportaciones - Infoecos","isPartOf":{"@id":"https:\/\/infoecos.com.ar\/#website"},"primaryImageOfPage":{"@id":"https:\/\/infoecos.com.ar\/index.php\/la-sociedad-rural-argentina-presento-un-amparo-contra-las-retenciones-a-las-exportaciones\/#primaryimage"},"image":{"@id":"https:\/\/infoecos.com.ar\/index.php\/la-sociedad-rural-argentina-presento-un-amparo-contra-las-retenciones-a-las-exportaciones\/#primaryimage"},"thumbnailUrl":"https:\/\/infoecos.com.ar\/wp-content\/uploads\/2022\/02\/sruargetnina-1.jpg","datePublished":"2022-02-21T20:47:46+00:00","dateModified":"2022-02-21T20:47:49+00:00","breadcrumb":{"@id":"https:\/\/infoecos.com.ar\/index.php\/la-sociedad-rural-argentina-presento-un-amparo-contra-las-retenciones-a-las-exportaciones\/#breadcrumb"},"inLanguage":"es","potentialAction":[{"@type":"ReadAction","target":["https:\/\/infoecos.com.ar\/index.php\/la-sociedad-rural-argentina-presento-un-amparo-contra-las-retenciones-a-las-exportaciones\/"]}]},{"@type":"ImageObject","inLanguage":"es","@id":"https:\/\/infoecos.com.ar\/index.php\/la-sociedad-rural-argentina-presento-un-amparo-contra-las-retenciones-a-las-exportaciones\/#primaryimage","url":"https:\/\/infoecos.com.ar\/wp-content\/uploads\/2022\/02\/sruargetnina-1.jpg","contentUrl":"https:\/\/infoecos.com.ar\/wp-content\/uploads\/2022\/02\/sruargetnina-1.jpg","width":1024,"height":688},{"@type":"BreadcrumbList","@id":"https:\/\/infoecos.com.ar\/index.php\/la-sociedad-rural-argentina-presento-un-amparo-contra-las-retenciones-a-las-exportaciones\/#breadcrumb","itemListElement":[{"@type":"ListItem","position":1,"name":"Portada","item":"https:\/\/infoecos.com.ar\/"},{"@type":"ListItem","position":2,"name":"La Sociedad Rural Argentina present\u00f3 un amparo contra las retenciones a las exportaciones"}]},{"@type":"WebSite","@id":"https:\/\/infoecos.com.ar\/#website","url":"https:\/\/infoecos.com.ar\/","name":"Infoecos","description":"Noticias de trenque lauquen y la zona","publisher":{"@id":"https:\/\/infoecos.com.ar\/#organization"},"alternateName":"Noticias","potentialAction":[{"@type":"SearchAction","target":{"@type":"EntryPoint","urlTemplate":"https:\/\/infoecos.com.ar\/?s={search_term_string}"},"query-input":{"@type":"PropertyValueSpecification","valueRequired":true,"valueName":"search_term_string"}}],"inLanguage":"es"},{"@type":"Organization","@id":"https:\/\/infoecos.com.ar\/#organization","name":"Infoecos","alternateName":"Noticias","url":"https:\/\/infoecos.com.ar\/","logo":{"@type":"ImageObject","inLanguage":"es","@id":"https:\/\/infoecos.com.ar\/#\/schema\/logo\/image\/","url":"https:\/\/infoecos.com.ar\/wp-content\/uploads\/2024\/03\/cropped-logo.png","contentUrl":"https:\/\/infoecos.com.ar\/wp-content\/uploads\/2024\/03\/cropped-logo.png","width":374,"height":90,"caption":"Infoecos"},"image":{"@id":"https:\/\/infoecos.com.ar\/#\/schema\/logo\/image\/"},"sameAs":["https:\/\/www.facebook.com\/profile.php?id=100063200290284","https:\/\/x.com\/infoecos"]},{"@type":"Person","@id":"https:\/\/infoecos.com.ar\/#\/schema\/person\/8f5ace5ce73b4b4aac4b7245aee6f191","name":"Jorge Matheus","url":"https:\/\/infoecos.com.ar\/index.php\/author\/jomatheus\/"}]}},"featured_image_urls":{"full":["https:\/\/infoecos.com.ar\/wp-content\/uploads\/2022\/02\/sruargetnina-1.jpg",1024,688,false],"thumbnail":["https:\/\/infoecos.com.ar\/wp-content\/uploads\/2022\/02\/sruargetnina-1-150x150.jpg",150,150,true],"medium":["https:\/\/infoecos.com.ar\/wp-content\/uploads\/2022\/02\/sruargetnina-1-460x309.jpg",460,309,true],"medium_large":["https:\/\/infoecos.com.ar\/wp-content\/uploads\/2022\/02\/sruargetnina-1-768x516.jpg",640,430,true],"large":["https:\/\/infoecos.com.ar\/wp-content\/uploads\/2022\/02\/sruargetnina-1-920x618.jpg",640,430,true],"1536x1536":["https:\/\/infoecos.com.ar\/wp-content\/uploads\/2022\/02\/sruargetnina-1.jpg",1024,688,false],"2048x2048":["https:\/\/infoecos.com.ar\/wp-content\/uploads\/2022\/02\/sruargetnina-1.jpg",1024,688,false],"covernews-slider-full":["https:\/\/infoecos.com.ar\/wp-content\/uploads\/2022\/02\/sruargetnina-1.jpg",1024,688,false],"covernews-slider-center":["https:\/\/infoecos.com.ar\/wp-content\/uploads\/2022\/02\/sruargetnina-1-936x688.jpg",680,500,true],"covernews-featured":["https:\/\/infoecos.com.ar\/wp-content\/uploads\/2022\/02\/sruargetnina-1.jpg",1024,688,false],"covernews-medium":["https:\/\/infoecos.com.ar\/wp-content\/uploads\/2022\/02\/sruargetnina-1-720x380.jpg",540,285,true],"covernews-medium-square":["https:\/\/infoecos.com.ar\/wp-content\/uploads\/2022\/02\/sruargetnina-1-675x450.jpg",375,250,true]},"author_info":{"info":["Jorge Matheus"]},"category_info":"<a href=\"https:\/\/infoecos.com.ar\/index.php\/category\/c1nota2\/\" rel=\"category tag\">C1 N2<\/a>","tag_info":"C1 N2","comment_count":"0","_links":{"self":[{"href":"https:\/\/infoecos.com.ar\/index.php\/wp-json\/wp\/v2\/posts\/89956"}],"collection":[{"href":"https:\/\/infoecos.com.ar\/index.php\/wp-json\/wp\/v2\/posts"}],"about":[{"href":"https:\/\/infoecos.com.ar\/index.php\/wp-json\/wp\/v2\/types\/post"}],"author":[{"embeddable":true,"href":"https:\/\/infoecos.com.ar\/index.php\/wp-json\/wp\/v2\/users\/2"}],"replies":[{"embeddable":true,"href":"https:\/\/infoecos.com.ar\/index.php\/wp-json\/wp\/v2\/comments?post=89956"}],"version-history":[{"count":1,"href":"https:\/\/infoecos.com.ar\/index.php\/wp-json\/wp\/v2\/posts\/89956\/revisions"}],"predecessor-version":[{"id":89959,"href":"https:\/\/infoecos.com.ar\/index.php\/wp-json\/wp\/v2\/posts\/89956\/revisions\/89959"}],"wp:featuredmedia":[{"embeddable":true,"href":"https:\/\/infoecos.com.ar\/index.php\/wp-json\/wp\/v2\/media\/89958"}],"wp:attachment":[{"href":"https:\/\/infoecos.com.ar\/index.php\/wp-json\/wp\/v2\/media?parent=89956"}],"wp:term":[{"taxonomy":"category","embeddable":true,"href":"https:\/\/infoecos.com.ar\/index.php\/wp-json\/wp\/v2\/categories?post=89956"},{"taxonomy":"post_tag","embeddable":true,"href":"https:\/\/infoecos.com.ar\/index.php\/wp-json\/wp\/v2\/tags?post=89956"}],"curies":[{"name":"wp","href":"https:\/\/api.w.org\/{rel}","templated":true}]}}