{"id":89981,"date":"2022-02-22T17:10:58","date_gmt":"2022-02-22T20:10:58","guid":{"rendered":"http:\/\/infoecos.com.ar\/?p=89981"},"modified":"2022-02-22T17:10:59","modified_gmt":"2022-02-22T20:10:59","slug":"se-habria-suicidado-un-conocido-vecino-de-la-ciudad-de-tres-lomas","status":"publish","type":"post","link":"https:\/\/infoecos.com.ar\/index.php\/se-habria-suicidado-un-conocido-vecino-de-la-ciudad-de-tres-lomas\/","title":{"rendered":"Se habr\u00eda suicidado un conocido vecino de la ciudad de Tres Lomas"},"content":{"rendered":"\n<p>Fue hallado sin vida el docente treslomense, Andr\u00e9s Jacquet. <\/p>\n\n\n\n<p>La informaci\u00f3n consignada por FM Amanecer, se\u00f1al\u00f3 que el comisario Smith confirm\u00f3 a ese medio que se recibi\u00f3 un llamado telef\u00f3nico a las 21 horas del lunes por la noche dando aviso de haber encontrado muerto el vecino de esa comunidad.  <\/p>\n\n\n\n<p>Se agrega que personal policial concurri\u00f3 al lugar y constat\u00f3 la veracidad de los hechos.<\/p>\n\n\n\n<div class=\"wp-block-image is-style-default\"><figure class=\"aligncenter size-large is-resized\"><img loading=\"lazy\" decoding=\"async\" src=\"http:\/\/infoecos.com.ar\/wp-content\/uploads\/2022\/02\/TRESLOMASKJACQUET.jpg\" alt=\"\" class=\"wp-image-89982\" width=\"508\" height=\"381\" srcset=\"https:\/\/infoecos.com.ar\/wp-content\/uploads\/2022\/02\/TRESLOMASKJACQUET.jpg 689w, https:\/\/infoecos.com.ar\/wp-content\/uploads\/2022\/02\/TRESLOMASKJACQUET-460x345.jpg 460w\" sizes=\"(max-width: 508px) 100vw, 508px\" \/><\/figure><\/div>\n\n\n\n<p>A las 2 de la madrugada de este martes se procedi\u00f3 a realizar la autopsia a cargo del m\u00e9dico de polic\u00eda.<\/p>\n\n\n\n<p>En la cuenta https:\/\/fm3lomasweb.com.ar\/ se apunt\u00f3 que todo indica que se trat\u00f3 de un suicidio. La car\u00e1tula es \u201cAveriguaci\u00f3n Causal de Muerte\u201d y est\u00e1 a cargo de la Fiscal\u00eda N\u00b0 4, a cargo del Dr. Vicente, del Departamento Judicial de Trenque Lauquen.<\/p>\n\n\n\n<p>Andr\u00e9s Jacquet se desempe\u00f1\u00f3 durante mucho tiempo como Profesor de Educaci\u00f3n F\u00edsica en el \u00e1mbito educativo treslomense y era un apreciado vecino de la ciudad, oriundo de Mar del Plata, desde donde hab\u00eda retornado en los \u00faltimos d\u00edas.<\/p>\n","protected":false},"excerpt":{"rendered":"<p>La car\u00e1tula es \u201cAveriguaci\u00f3n Causal de Muerte\u201d y est\u00e1 a cargo de la Fiscal\u00eda N\u00b0 4, a cargo del Dr. Vicente, del Departamento Judicial de Trenque Lauquen<\/p>\n","protected":false},"author":2,"featured_media":89982,"comment_status":"closed","ping_status":"open","sticky":false,"template":"","format":"standard","meta":{"footnotes":""},"categories":[29],"tags":[1739],"class_list":["post-89981","post","type-post","status-publish","format-standard","has-post-thumbnail","hentry","category-c2nota1","tag-social"],"yoast_head":"<!-- This site is optimized with the Yoast SEO plugin v23.4 - https:\/\/yoast.com\/wordpress\/plugins\/seo\/ -->\n<title>Se habr\u00eda suicidado un conocido vecino de la ciudad de Tres Lomas - Infoecos<\/title>\n<meta name=\"robots\" content=\"index, follow, max-snippet:-1, max-image-preview:large, max-video-preview:-1\" \/>\n<link rel=\"canonical\" href=\"https:\/\/infoecos.com.ar\/index.php\/se-habria-suicidado-un-conocido-vecino-de-la-ciudad-de-tres-lomas\/\" \/>\n<meta property=\"og:locale\" content=\"es_ES\" \/>\n<meta property=\"og:type\" content=\"article\" \/>\n<meta property=\"og:title\" content=\"Se habr\u00eda suicidado un conocido vecino de la ciudad de Tres Lomas - Infoecos\" \/>\n<meta property=\"og:description\" content=\"La car\u00e1tula es \u201cAveriguaci\u00f3n Causal de Muerte\u201d y est\u00e1 a cargo de la Fiscal\u00eda N\u00b0 4, a cargo del Dr. Vicente, del Departamento Judicial de Trenque Lauquen\" \/>\n<meta property=\"og:url\" content=\"https:\/\/infoecos.com.ar\/index.php\/se-habria-suicidado-un-conocido-vecino-de-la-ciudad-de-tres-lomas\/\" \/>\n<meta property=\"og:site_name\" content=\"Infoecos\" \/>\n<meta property=\"article:publisher\" content=\"https:\/\/www.facebook.com\/profile.php?id=100063200290284\" \/>\n<meta property=\"article:published_time\" content=\"2022-02-22T20:10:58+00:00\" \/>\n<meta property=\"article:modified_time\" content=\"2022-02-22T20:10:59+00:00\" \/>\n<meta property=\"og:image\" content=\"https:\/\/infoecos.com.ar\/wp-content\/uploads\/2022\/02\/TRESLOMASKJACQUET.jpg\" \/>\n\t<meta property=\"og:image:width\" content=\"689\" \/>\n\t<meta property=\"og:image:height\" content=\"517\" \/>\n\t<meta property=\"og:image:type\" content=\"image\/jpeg\" \/>\n<meta name=\"author\" content=\"Jorge Matheus\" \/>\n<meta name=\"twitter:card\" content=\"summary_large_image\" \/>\n<meta name=\"twitter:creator\" content=\"@infoecos\" \/>\n<meta name=\"twitter:site\" content=\"@infoecos\" \/>\n<meta name=\"twitter:label1\" content=\"Escrito por\" \/>\n\t<meta name=\"twitter:data1\" content=\"Jorge Matheus\" \/>\n\t<meta name=\"twitter:label2\" content=\"Tiempo de lectura\" \/>\n\t<meta name=\"twitter:data2\" content=\"1 minuto\" \/>\n<script type=\"application\/ld+json\" class=\"yoast-schema-graph\">{\"@context\":\"https:\/\/schema.org\",\"@graph\":[{\"@type\":\"Article\",\"@id\":\"https:\/\/infoecos.com.ar\/index.php\/se-habria-suicidado-un-conocido-vecino-de-la-ciudad-de-tres-lomas\/#article\",\"isPartOf\":{\"@id\":\"https:\/\/infoecos.com.ar\/index.php\/se-habria-suicidado-un-conocido-vecino-de-la-ciudad-de-tres-lomas\/\"},\"author\":{\"name\":\"Jorge Matheus\",\"@id\":\"https:\/\/infoecos.com.ar\/#\/schema\/person\/8f5ace5ce73b4b4aac4b7245aee6f191\"},\"headline\":\"Se habr\u00eda suicidado un conocido vecino de la ciudad de Tres Lomas\",\"datePublished\":\"2022-02-22T20:10:58+00:00\",\"dateModified\":\"2022-02-22T20:10:59+00:00\",\"mainEntityOfPage\":{\"@id\":\"https:\/\/infoecos.com.ar\/index.php\/se-habria-suicidado-un-conocido-vecino-de-la-ciudad-de-tres-lomas\/\"},\"wordCount\":194,\"publisher\":{\"@id\":\"https:\/\/infoecos.com.ar\/#organization\"},\"image\":{\"@id\":\"https:\/\/infoecos.com.ar\/index.php\/se-habria-suicidado-un-conocido-vecino-de-la-ciudad-de-tres-lomas\/#primaryimage\"},\"thumbnailUrl\":\"https:\/\/infoecos.com.ar\/wp-content\/uploads\/2022\/02\/TRESLOMASKJACQUET.jpg\",\"keywords\":[\"SOCIAL\"],\"articleSection\":[\"C2 nota 1\"],\"inLanguage\":\"es\"},{\"@type\":\"WebPage\",\"@id\":\"https:\/\/infoecos.com.ar\/index.php\/se-habria-suicidado-un-conocido-vecino-de-la-ciudad-de-tres-lomas\/\",\"url\":\"https:\/\/infoecos.com.ar\/index.php\/se-habria-suicidado-un-conocido-vecino-de-la-ciudad-de-tres-lomas\/\",\"name\":\"Se habr\u00eda suicidado un conocido vecino de la ciudad de Tres Lomas - Infoecos\",\"isPartOf\":{\"@id\":\"https:\/\/infoecos.com.ar\/#website\"},\"primaryImageOfPage\":{\"@id\":\"https:\/\/infoecos.com.ar\/index.php\/se-habria-suicidado-un-conocido-vecino-de-la-ciudad-de-tres-lomas\/#primaryimage\"},\"image\":{\"@id\":\"https:\/\/infoecos.com.ar\/index.php\/se-habria-suicidado-un-conocido-vecino-de-la-ciudad-de-tres-lomas\/#primaryimage\"},\"thumbnailUrl\":\"https:\/\/infoecos.com.ar\/wp-content\/uploads\/2022\/02\/TRESLOMASKJACQUET.jpg\",\"datePublished\":\"2022-02-22T20:10:58+00:00\",\"dateModified\":\"2022-02-22T20:10:59+00:00\",\"breadcrumb\":{\"@id\":\"https:\/\/infoecos.com.ar\/index.php\/se-habria-suicidado-un-conocido-vecino-de-la-ciudad-de-tres-lomas\/#breadcrumb\"},\"inLanguage\":\"es\",\"potentialAction\":[{\"@type\":\"ReadAction\",\"target\":[\"https:\/\/infoecos.com.ar\/index.php\/se-habria-suicidado-un-conocido-vecino-de-la-ciudad-de-tres-lomas\/\"]}]},{\"@type\":\"ImageObject\",\"inLanguage\":\"es\",\"@id\":\"https:\/\/infoecos.com.ar\/index.php\/se-habria-suicidado-un-conocido-vecino-de-la-ciudad-de-tres-lomas\/#primaryimage\",\"url\":\"https:\/\/infoecos.com.ar\/wp-content\/uploads\/2022\/02\/TRESLOMASKJACQUET.jpg\",\"contentUrl\":\"https:\/\/infoecos.com.ar\/wp-content\/uploads\/2022\/02\/TRESLOMASKJACQUET.jpg\",\"width\":689,\"height\":517},{\"@type\":\"BreadcrumbList\",\"@id\":\"https:\/\/infoecos.com.ar\/index.php\/se-habria-suicidado-un-conocido-vecino-de-la-ciudad-de-tres-lomas\/#breadcrumb\",\"itemListElement\":[{\"@type\":\"ListItem\",\"position\":1,\"name\":\"Portada\",\"item\":\"https:\/\/infoecos.com.ar\/\"},{\"@type\":\"ListItem\",\"position\":2,\"name\":\"Se habr\u00eda suicidado un conocido vecino de la ciudad de Tres Lomas\"}]},{\"@type\":\"WebSite\",\"@id\":\"https:\/\/infoecos.com.ar\/#website\",\"url\":\"https:\/\/infoecos.com.ar\/\",\"name\":\"Infoecos\",\"description\":\"Noticias de trenque lauquen y la zona\",\"publisher\":{\"@id\":\"https:\/\/infoecos.com.ar\/#organization\"},\"alternateName\":\"Noticias\",\"potentialAction\":[{\"@type\":\"SearchAction\",\"target\":{\"@type\":\"EntryPoint\",\"urlTemplate\":\"https:\/\/infoecos.com.ar\/?s={search_term_string}\"},\"query-input\":{\"@type\":\"PropertyValueSpecification\",\"valueRequired\":true,\"valueName\":\"search_term_string\"}}],\"inLanguage\":\"es\"},{\"@type\":\"Organization\",\"@id\":\"https:\/\/infoecos.com.ar\/#organization\",\"name\":\"Infoecos\",\"alternateName\":\"Noticias\",\"url\":\"https:\/\/infoecos.com.ar\/\",\"logo\":{\"@type\":\"ImageObject\",\"inLanguage\":\"es\",\"@id\":\"https:\/\/infoecos.com.ar\/#\/schema\/logo\/image\/\",\"url\":\"https:\/\/infoecos.com.ar\/wp-content\/uploads\/2024\/03\/cropped-logo.png\",\"contentUrl\":\"https:\/\/infoecos.com.ar\/wp-content\/uploads\/2024\/03\/cropped-logo.png\",\"width\":374,\"height\":90,\"caption\":\"Infoecos\"},\"image\":{\"@id\":\"https:\/\/infoecos.com.ar\/#\/schema\/logo\/image\/\"},\"sameAs\":[\"https:\/\/www.facebook.com\/profile.php?id=100063200290284\",\"https:\/\/x.com\/infoecos\"]},{\"@type\":\"Person\",\"@id\":\"https:\/\/infoecos.com.ar\/#\/schema\/person\/8f5ace5ce73b4b4aac4b7245aee6f191\",\"name\":\"Jorge Matheus\",\"url\":\"https:\/\/infoecos.com.ar\/index.php\/author\/jomatheus\/\"}]}<\/script>\n<!-- \/ Yoast SEO plugin. -->","yoast_head_json":{"title":"Se habr\u00eda suicidado un conocido vecino de la ciudad de Tres Lomas - Infoecos","robots":{"index":"index","follow":"follow","max-snippet":"max-snippet:-1","max-image-preview":"max-image-preview:large","max-video-preview":"max-video-preview:-1"},"canonical":"https:\/\/infoecos.com.ar\/index.php\/se-habria-suicidado-un-conocido-vecino-de-la-ciudad-de-tres-lomas\/","og_locale":"es_ES","og_type":"article","og_title":"Se habr\u00eda suicidado un conocido vecino de la ciudad de Tres Lomas - Infoecos","og_description":"La car\u00e1tula es \u201cAveriguaci\u00f3n Causal de Muerte\u201d y est\u00e1 a cargo de la Fiscal\u00eda N\u00b0 4, a cargo del Dr. Vicente, del Departamento Judicial de Trenque Lauquen","og_url":"https:\/\/infoecos.com.ar\/index.php\/se-habria-suicidado-un-conocido-vecino-de-la-ciudad-de-tres-lomas\/","og_site_name":"Infoecos","article_publisher":"https:\/\/www.facebook.com\/profile.php?id=100063200290284","article_published_time":"2022-02-22T20:10:58+00:00","article_modified_time":"2022-02-22T20:10:59+00:00","og_image":[{"width":689,"height":517,"url":"https:\/\/infoecos.com.ar\/wp-content\/uploads\/2022\/02\/TRESLOMASKJACQUET.jpg","type":"image\/jpeg"}],"author":"Jorge Matheus","twitter_card":"summary_large_image","twitter_creator":"@infoecos","twitter_site":"@infoecos","twitter_misc":{"Escrito por":"Jorge Matheus","Tiempo de lectura":"1 minuto"},"schema":{"@context":"https:\/\/schema.org","@graph":[{"@type":"Article","@id":"https:\/\/infoecos.com.ar\/index.php\/se-habria-suicidado-un-conocido-vecino-de-la-ciudad-de-tres-lomas\/#article","isPartOf":{"@id":"https:\/\/infoecos.com.ar\/index.php\/se-habria-suicidado-un-conocido-vecino-de-la-ciudad-de-tres-lomas\/"},"author":{"name":"Jorge Matheus","@id":"https:\/\/infoecos.com.ar\/#\/schema\/person\/8f5ace5ce73b4b4aac4b7245aee6f191"},"headline":"Se habr\u00eda suicidado un conocido vecino de la ciudad de Tres Lomas","datePublished":"2022-02-22T20:10:58+00:00","dateModified":"2022-02-22T20:10:59+00:00","mainEntityOfPage":{"@id":"https:\/\/infoecos.com.ar\/index.php\/se-habria-suicidado-un-conocido-vecino-de-la-ciudad-de-tres-lomas\/"},"wordCount":194,"publisher":{"@id":"https:\/\/infoecos.com.ar\/#organization"},"image":{"@id":"https:\/\/infoecos.com.ar\/index.php\/se-habria-suicidado-un-conocido-vecino-de-la-ciudad-de-tres-lomas\/#primaryimage"},"thumbnailUrl":"https:\/\/infoecos.com.ar\/wp-content\/uploads\/2022\/02\/TRESLOMASKJACQUET.jpg","keywords":["SOCIAL"],"articleSection":["C2 nota 1"],"inLanguage":"es"},{"@type":"WebPage","@id":"https:\/\/infoecos.com.ar\/index.php\/se-habria-suicidado-un-conocido-vecino-de-la-ciudad-de-tres-lomas\/","url":"https:\/\/infoecos.com.ar\/index.php\/se-habria-suicidado-un-conocido-vecino-de-la-ciudad-de-tres-lomas\/","name":"Se habr\u00eda suicidado un conocido vecino de la ciudad de Tres Lomas - Infoecos","isPartOf":{"@id":"https:\/\/infoecos.com.ar\/#website"},"primaryImageOfPage":{"@id":"https:\/\/infoecos.com.ar\/index.php\/se-habria-suicidado-un-conocido-vecino-de-la-ciudad-de-tres-lomas\/#primaryimage"},"image":{"@id":"https:\/\/infoecos.com.ar\/index.php\/se-habria-suicidado-un-conocido-vecino-de-la-ciudad-de-tres-lomas\/#primaryimage"},"thumbnailUrl":"https:\/\/infoecos.com.ar\/wp-content\/uploads\/2022\/02\/TRESLOMASKJACQUET.jpg","datePublished":"2022-02-22T20:10:58+00:00","dateModified":"2022-02-22T20:10:59+00:00","breadcrumb":{"@id":"https:\/\/infoecos.com.ar\/index.php\/se-habria-suicidado-un-conocido-vecino-de-la-ciudad-de-tres-lomas\/#breadcrumb"},"inLanguage":"es","potentialAction":[{"@type":"ReadAction","target":["https:\/\/infoecos.com.ar\/index.php\/se-habria-suicidado-un-conocido-vecino-de-la-ciudad-de-tres-lomas\/"]}]},{"@type":"ImageObject","inLanguage":"es","@id":"https:\/\/infoecos.com.ar\/index.php\/se-habria-suicidado-un-conocido-vecino-de-la-ciudad-de-tres-lomas\/#primaryimage","url":"https:\/\/infoecos.com.ar\/wp-content\/uploads\/2022\/02\/TRESLOMASKJACQUET.jpg","contentUrl":"https:\/\/infoecos.com.ar\/wp-content\/uploads\/2022\/02\/TRESLOMASKJACQUET.jpg","width":689,"height":517},{"@type":"BreadcrumbList","@id":"https:\/\/infoecos.com.ar\/index.php\/se-habria-suicidado-un-conocido-vecino-de-la-ciudad-de-tres-lomas\/#breadcrumb","itemListElement":[{"@type":"ListItem","position":1,"name":"Portada","item":"https:\/\/infoecos.com.ar\/"},{"@type":"ListItem","position":2,"name":"Se habr\u00eda suicidado un conocido vecino de la ciudad de Tres Lomas"}]},{"@type":"WebSite","@id":"https:\/\/infoecos.com.ar\/#website","url":"https:\/\/infoecos.com.ar\/","name":"Infoecos","description":"Noticias de trenque lauquen y la zona","publisher":{"@id":"https:\/\/infoecos.com.ar\/#organization"},"alternateName":"Noticias","potentialAction":[{"@type":"SearchAction","target":{"@type":"EntryPoint","urlTemplate":"https:\/\/infoecos.com.ar\/?s={search_term_string}"},"query-input":{"@type":"PropertyValueSpecification","valueRequired":true,"valueName":"search_term_string"}}],"inLanguage":"es"},{"@type":"Organization","@id":"https:\/\/infoecos.com.ar\/#organization","name":"Infoecos","alternateName":"Noticias","url":"https:\/\/infoecos.com.ar\/","logo":{"@type":"ImageObject","inLanguage":"es","@id":"https:\/\/infoecos.com.ar\/#\/schema\/logo\/image\/","url":"https:\/\/infoecos.com.ar\/wp-content\/uploads\/2024\/03\/cropped-logo.png","contentUrl":"https:\/\/infoecos.com.ar\/wp-content\/uploads\/2024\/03\/cropped-logo.png","width":374,"height":90,"caption":"Infoecos"},"image":{"@id":"https:\/\/infoecos.com.ar\/#\/schema\/logo\/image\/"},"sameAs":["https:\/\/www.facebook.com\/profile.php?id=100063200290284","https:\/\/x.com\/infoecos"]},{"@type":"Person","@id":"https:\/\/infoecos.com.ar\/#\/schema\/person\/8f5ace5ce73b4b4aac4b7245aee6f191","name":"Jorge Matheus","url":"https:\/\/infoecos.com.ar\/index.php\/author\/jomatheus\/"}]}},"featured_image_urls":{"full":["https:\/\/infoecos.com.ar\/wp-content\/uploads\/2022\/02\/TRESLOMASKJACQUET.jpg",689,517,false],"thumbnail":["https:\/\/infoecos.com.ar\/wp-content\/uploads\/2022\/02\/TRESLOMASKJACQUET-150x150.jpg",150,150,true],"medium":["https:\/\/infoecos.com.ar\/wp-content\/uploads\/2022\/02\/TRESLOMASKJACQUET-460x345.jpg",460,345,true],"medium_large":["https:\/\/infoecos.com.ar\/wp-content\/uploads\/2022\/02\/TRESLOMASKJACQUET.jpg",640,480,false],"large":["https:\/\/infoecos.com.ar\/wp-content\/uploads\/2022\/02\/TRESLOMASKJACQUET.jpg",640,480,false],"1536x1536":["https:\/\/infoecos.com.ar\/wp-content\/uploads\/2022\/02\/TRESLOMASKJACQUET.jpg",689,517,false],"2048x2048":["https:\/\/infoecos.com.ar\/wp-content\/uploads\/2022\/02\/TRESLOMASKJACQUET.jpg",689,517,false],"covernews-slider-full":["https:\/\/infoecos.com.ar\/wp-content\/uploads\/2022\/02\/TRESLOMASKJACQUET.jpg",689,517,false],"covernews-slider-center":["https:\/\/infoecos.com.ar\/wp-content\/uploads\/2022\/02\/TRESLOMASKJACQUET.jpg",666,500,false],"covernews-featured":["https:\/\/infoecos.com.ar\/wp-content\/uploads\/2022\/02\/TRESLOMASKJACQUET.jpg",689,517,false],"covernews-medium":["https:\/\/infoecos.com.ar\/wp-content\/uploads\/2022\/02\/TRESLOMASKJACQUET-689x380.jpg",540,298,true],"covernews-medium-square":["https:\/\/infoecos.com.ar\/wp-content\/uploads\/2022\/02\/TRESLOMASKJACQUET-675x450.jpg",375,250,true]},"author_info":{"info":["Jorge Matheus"]},"category_info":"<a href=\"https:\/\/infoecos.com.ar\/index.php\/category\/c2nota1\/\" rel=\"category tag\">C2 nota 1<\/a>","tag_info":"C2 nota 1","comment_count":"0","_links":{"self":[{"href":"https:\/\/infoecos.com.ar\/index.php\/wp-json\/wp\/v2\/posts\/89981"}],"collection":[{"href":"https:\/\/infoecos.com.ar\/index.php\/wp-json\/wp\/v2\/posts"}],"about":[{"href":"https:\/\/infoecos.com.ar\/index.php\/wp-json\/wp\/v2\/types\/post"}],"author":[{"embeddable":true,"href":"https:\/\/infoecos.com.ar\/index.php\/wp-json\/wp\/v2\/users\/2"}],"replies":[{"embeddable":true,"href":"https:\/\/infoecos.com.ar\/index.php\/wp-json\/wp\/v2\/comments?post=89981"}],"version-history":[{"count":1,"href":"https:\/\/infoecos.com.ar\/index.php\/wp-json\/wp\/v2\/posts\/89981\/revisions"}],"predecessor-version":[{"id":89983,"href":"https:\/\/infoecos.com.ar\/index.php\/wp-json\/wp\/v2\/posts\/89981\/revisions\/89983"}],"wp:featuredmedia":[{"embeddable":true,"href":"https:\/\/infoecos.com.ar\/index.php\/wp-json\/wp\/v2\/media\/89982"}],"wp:attachment":[{"href":"https:\/\/infoecos.com.ar\/index.php\/wp-json\/wp\/v2\/media?parent=89981"}],"wp:term":[{"taxonomy":"category","embeddable":true,"href":"https:\/\/infoecos.com.ar\/index.php\/wp-json\/wp\/v2\/categories?post=89981"},{"taxonomy":"post_tag","embeddable":true,"href":"https:\/\/infoecos.com.ar\/index.php\/wp-json\/wp\/v2\/tags?post=89981"}],"curies":[{"name":"wp","href":"https:\/\/api.w.org\/{rel}","templated":true}]}}