{"id":90030,"date":"2022-02-23T15:16:26","date_gmt":"2022-02-23T18:16:26","guid":{"rendered":"http:\/\/infoecos.com.ar\/?p=90030"},"modified":"2022-02-24T11:27:15","modified_gmt":"2022-02-24T14:27:15","slug":"ya-se-llama-a-licitacion-para-la-compra-de-un-tomografo-computado-para-el-hospital","status":"publish","type":"post","link":"https:\/\/infoecos.com.ar\/index.php\/ya-se-llama-a-licitacion-para-la-compra-de-un-tomografo-computado-para-el-hospital\/","title":{"rendered":"Ya se llama a licitaci\u00f3n para la compra de un tom\u00f3grafo computado para el Hospital"},"content":{"rendered":"\n<p>Tras el anuncio formulado por el intendente Miguel Fern\u00e1ndez y la concejala Leticia Badino este martes, en conferencia de prensa, la municipalidad de Trenque Lauquen convoca a la Licitaci\u00f3n P\u00fablica n\u00ba3\/2022 para el jueves 17 de marzo pr\u00f3ximo a las 10 por la adquisici\u00f3n de un Tom\u00f3grafo Computado Multicorte nuevo que ser\u00e1 destinado al Hospital Municipal Dr. Pedro T. Orellana, de la ciudad cabecera del distrito.<\/p>\n\n\n\n<div class=\"wp-block-image is-style-default\"><figure class=\"aligncenter size-large is-resized\"><img loading=\"lazy\" decoding=\"async\" src=\"http:\/\/infoecos.com.ar\/wp-content\/uploads\/tl50guardiahospital-2.jpg\" alt=\"\" class=\"wp-image-62244\" width=\"614\" height=\"409\" srcset=\"https:\/\/infoecos.com.ar\/wp-content\/uploads\/tl50guardiahospital-2.jpg 912w, https:\/\/infoecos.com.ar\/wp-content\/uploads\/tl50guardiahospital-2-460x307.jpg 460w, https:\/\/infoecos.com.ar\/wp-content\/uploads\/tl50guardiahospital-2-768x512.jpg 768w, https:\/\/infoecos.com.ar\/wp-content\/uploads\/tl50guardiahospital-2-675x450.jpg 675w\" sizes=\"(max-width: 614px) 100vw, 614px\" \/><\/figure><\/div>\n\n\n\n<p>Las consultas sobre bases y condiciones deber\u00e1n realizarse en oficina de Compras municipal, en Villegas 555, de lunes a viernes de 7 a 13, al tel\u00e9fono (02392) 41-0501\/505 o por correo electr\u00f3nico a la casilla: <a href=\"mailto:compras@trenquelauquen.gov.ar.%20\">compras@trenquelauquen.gov.ar. <\/a>&nbsp;<\/p>\n","protected":false},"excerpt":{"rendered":"<p>Las consultas sobre bases y condiciones deber\u00e1n realizarse en oficina de Compras municipal, en Villegas 555, de lunes a viernes de 7 a 13, al tel\u00e9fono (02392) 41-0501\/505 o por correo electr\u00f3nico a la casilla: compras@trenquelauquen.gov.ar<\/p>\n","protected":false},"author":2,"featured_media":62244,"comment_status":"closed","ping_status":"open","sticky":false,"template":"","format":"standard","meta":{"footnotes":""},"categories":[48],"tags":[5699],"class_list":["post-90030","post","type-post","status-publish","format-standard","has-post-thumbnail","hentry","category-c2nota3","tag-inversion-en-salud"],"yoast_head":"<!-- This site is optimized with the Yoast SEO plugin v23.4 - https:\/\/yoast.com\/wordpress\/plugins\/seo\/ -->\n<title>Ya se llama a licitaci\u00f3n para la compra de un tom\u00f3grafo computado para el Hospital - Infoecos<\/title>\n<meta name=\"robots\" content=\"index, follow, max-snippet:-1, max-image-preview:large, max-video-preview:-1\" \/>\n<link rel=\"canonical\" href=\"https:\/\/infoecos.com.ar\/index.php\/ya-se-llama-a-licitacion-para-la-compra-de-un-tomografo-computado-para-el-hospital\/\" \/>\n<meta property=\"og:locale\" content=\"es_ES\" \/>\n<meta property=\"og:type\" content=\"article\" \/>\n<meta property=\"og:title\" content=\"Ya se llama a licitaci\u00f3n para la compra de un tom\u00f3grafo computado para el Hospital - Infoecos\" \/>\n<meta property=\"og:description\" content=\"Las consultas sobre bases y condiciones deber\u00e1n realizarse en oficina de Compras municipal, en Villegas 555, de lunes a viernes de 7 a 13, al tel\u00e9fono (02392) 41-0501\/505 o por correo electr\u00f3nico a la casilla: compras@trenquelauquen.gov.ar\" \/>\n<meta property=\"og:url\" content=\"https:\/\/infoecos.com.ar\/index.php\/ya-se-llama-a-licitacion-para-la-compra-de-un-tomografo-computado-para-el-hospital\/\" \/>\n<meta property=\"og:site_name\" content=\"Infoecos\" \/>\n<meta property=\"article:publisher\" content=\"https:\/\/www.facebook.com\/profile.php?id=100063200290284\" \/>\n<meta property=\"article:published_time\" content=\"2022-02-23T18:16:26+00:00\" \/>\n<meta property=\"article:modified_time\" content=\"2022-02-24T14:27:15+00:00\" \/>\n<meta property=\"og:image\" content=\"https:\/\/infoecos.com.ar\/wp-content\/uploads\/tl50guardiahospital-2.jpg\" \/>\n\t<meta property=\"og:image:width\" content=\"912\" \/>\n\t<meta property=\"og:image:height\" content=\"608\" \/>\n\t<meta property=\"og:image:type\" content=\"image\/jpeg\" \/>\n<meta name=\"author\" content=\"Jorge Matheus\" \/>\n<meta name=\"twitter:card\" content=\"summary_large_image\" \/>\n<meta name=\"twitter:creator\" content=\"@infoecos\" \/>\n<meta name=\"twitter:site\" content=\"@infoecos\" \/>\n<meta name=\"twitter:label1\" content=\"Escrito por\" \/>\n\t<meta name=\"twitter:data1\" content=\"Jorge Matheus\" \/>\n\t<meta name=\"twitter:label2\" content=\"Tiempo de lectura\" \/>\n\t<meta name=\"twitter:data2\" content=\"1 minuto\" \/>\n<script type=\"application\/ld+json\" class=\"yoast-schema-graph\">{\"@context\":\"https:\/\/schema.org\",\"@graph\":[{\"@type\":\"Article\",\"@id\":\"https:\/\/infoecos.com.ar\/index.php\/ya-se-llama-a-licitacion-para-la-compra-de-un-tomografo-computado-para-el-hospital\/#article\",\"isPartOf\":{\"@id\":\"https:\/\/infoecos.com.ar\/index.php\/ya-se-llama-a-licitacion-para-la-compra-de-un-tomografo-computado-para-el-hospital\/\"},\"author\":{\"name\":\"Jorge Matheus\",\"@id\":\"https:\/\/infoecos.com.ar\/#\/schema\/person\/8f5ace5ce73b4b4aac4b7245aee6f191\"},\"headline\":\"Ya se llama a licitaci\u00f3n para la compra de un tom\u00f3grafo computado para el Hospital\",\"datePublished\":\"2022-02-23T18:16:26+00:00\",\"dateModified\":\"2022-02-24T14:27:15+00:00\",\"mainEntityOfPage\":{\"@id\":\"https:\/\/infoecos.com.ar\/index.php\/ya-se-llama-a-licitacion-para-la-compra-de-un-tomografo-computado-para-el-hospital\/\"},\"wordCount\":126,\"publisher\":{\"@id\":\"https:\/\/infoecos.com.ar\/#organization\"},\"image\":{\"@id\":\"https:\/\/infoecos.com.ar\/index.php\/ya-se-llama-a-licitacion-para-la-compra-de-un-tomografo-computado-para-el-hospital\/#primaryimage\"},\"thumbnailUrl\":\"https:\/\/infoecos.com.ar\/wp-content\/uploads\/tl50guardiahospital-2.jpg\",\"keywords\":[\"inversi\u00f3n en salud\"],\"articleSection\":[\"C2 N3\"],\"inLanguage\":\"es\"},{\"@type\":\"WebPage\",\"@id\":\"https:\/\/infoecos.com.ar\/index.php\/ya-se-llama-a-licitacion-para-la-compra-de-un-tomografo-computado-para-el-hospital\/\",\"url\":\"https:\/\/infoecos.com.ar\/index.php\/ya-se-llama-a-licitacion-para-la-compra-de-un-tomografo-computado-para-el-hospital\/\",\"name\":\"Ya se llama a licitaci\u00f3n para la compra de un tom\u00f3grafo computado para el Hospital - Infoecos\",\"isPartOf\":{\"@id\":\"https:\/\/infoecos.com.ar\/#website\"},\"primaryImageOfPage\":{\"@id\":\"https:\/\/infoecos.com.ar\/index.php\/ya-se-llama-a-licitacion-para-la-compra-de-un-tomografo-computado-para-el-hospital\/#primaryimage\"},\"image\":{\"@id\":\"https:\/\/infoecos.com.ar\/index.php\/ya-se-llama-a-licitacion-para-la-compra-de-un-tomografo-computado-para-el-hospital\/#primaryimage\"},\"thumbnailUrl\":\"https:\/\/infoecos.com.ar\/wp-content\/uploads\/tl50guardiahospital-2.jpg\",\"datePublished\":\"2022-02-23T18:16:26+00:00\",\"dateModified\":\"2022-02-24T14:27:15+00:00\",\"breadcrumb\":{\"@id\":\"https:\/\/infoecos.com.ar\/index.php\/ya-se-llama-a-licitacion-para-la-compra-de-un-tomografo-computado-para-el-hospital\/#breadcrumb\"},\"inLanguage\":\"es\",\"potentialAction\":[{\"@type\":\"ReadAction\",\"target\":[\"https:\/\/infoecos.com.ar\/index.php\/ya-se-llama-a-licitacion-para-la-compra-de-un-tomografo-computado-para-el-hospital\/\"]}]},{\"@type\":\"ImageObject\",\"inLanguage\":\"es\",\"@id\":\"https:\/\/infoecos.com.ar\/index.php\/ya-se-llama-a-licitacion-para-la-compra-de-un-tomografo-computado-para-el-hospital\/#primaryimage\",\"url\":\"https:\/\/infoecos.com.ar\/wp-content\/uploads\/tl50guardiahospital-2.jpg\",\"contentUrl\":\"https:\/\/infoecos.com.ar\/wp-content\/uploads\/tl50guardiahospital-2.jpg\",\"width\":912,\"height\":608},{\"@type\":\"BreadcrumbList\",\"@id\":\"https:\/\/infoecos.com.ar\/index.php\/ya-se-llama-a-licitacion-para-la-compra-de-un-tomografo-computado-para-el-hospital\/#breadcrumb\",\"itemListElement\":[{\"@type\":\"ListItem\",\"position\":1,\"name\":\"Portada\",\"item\":\"https:\/\/infoecos.com.ar\/\"},{\"@type\":\"ListItem\",\"position\":2,\"name\":\"Ya se llama a licitaci\u00f3n para la compra de un tom\u00f3grafo computado para el Hospital\"}]},{\"@type\":\"WebSite\",\"@id\":\"https:\/\/infoecos.com.ar\/#website\",\"url\":\"https:\/\/infoecos.com.ar\/\",\"name\":\"Infoecos\",\"description\":\"Noticias de trenque lauquen y la zona\",\"publisher\":{\"@id\":\"https:\/\/infoecos.com.ar\/#organization\"},\"alternateName\":\"Noticias\",\"potentialAction\":[{\"@type\":\"SearchAction\",\"target\":{\"@type\":\"EntryPoint\",\"urlTemplate\":\"https:\/\/infoecos.com.ar\/?s={search_term_string}\"},\"query-input\":{\"@type\":\"PropertyValueSpecification\",\"valueRequired\":true,\"valueName\":\"search_term_string\"}}],\"inLanguage\":\"es\"},{\"@type\":\"Organization\",\"@id\":\"https:\/\/infoecos.com.ar\/#organization\",\"name\":\"Infoecos\",\"alternateName\":\"Noticias\",\"url\":\"https:\/\/infoecos.com.ar\/\",\"logo\":{\"@type\":\"ImageObject\",\"inLanguage\":\"es\",\"@id\":\"https:\/\/infoecos.com.ar\/#\/schema\/logo\/image\/\",\"url\":\"https:\/\/infoecos.com.ar\/wp-content\/uploads\/2024\/03\/cropped-logo.png\",\"contentUrl\":\"https:\/\/infoecos.com.ar\/wp-content\/uploads\/2024\/03\/cropped-logo.png\",\"width\":374,\"height\":90,\"caption\":\"Infoecos\"},\"image\":{\"@id\":\"https:\/\/infoecos.com.ar\/#\/schema\/logo\/image\/\"},\"sameAs\":[\"https:\/\/www.facebook.com\/profile.php?id=100063200290284\",\"https:\/\/x.com\/infoecos\"]},{\"@type\":\"Person\",\"@id\":\"https:\/\/infoecos.com.ar\/#\/schema\/person\/8f5ace5ce73b4b4aac4b7245aee6f191\",\"name\":\"Jorge Matheus\",\"url\":\"https:\/\/infoecos.com.ar\/index.php\/author\/jomatheus\/\"}]}<\/script>\n<!-- \/ Yoast SEO plugin. -->","yoast_head_json":{"title":"Ya se llama a licitaci\u00f3n para la compra de un tom\u00f3grafo computado para el Hospital - Infoecos","robots":{"index":"index","follow":"follow","max-snippet":"max-snippet:-1","max-image-preview":"max-image-preview:large","max-video-preview":"max-video-preview:-1"},"canonical":"https:\/\/infoecos.com.ar\/index.php\/ya-se-llama-a-licitacion-para-la-compra-de-un-tomografo-computado-para-el-hospital\/","og_locale":"es_ES","og_type":"article","og_title":"Ya se llama a licitaci\u00f3n para la compra de un tom\u00f3grafo computado para el Hospital - Infoecos","og_description":"Las consultas sobre bases y condiciones deber\u00e1n realizarse en oficina de Compras municipal, en Villegas 555, de lunes a viernes de 7 a 13, al tel\u00e9fono (02392) 41-0501\/505 o por correo electr\u00f3nico a la casilla: compras@trenquelauquen.gov.ar","og_url":"https:\/\/infoecos.com.ar\/index.php\/ya-se-llama-a-licitacion-para-la-compra-de-un-tomografo-computado-para-el-hospital\/","og_site_name":"Infoecos","article_publisher":"https:\/\/www.facebook.com\/profile.php?id=100063200290284","article_published_time":"2022-02-23T18:16:26+00:00","article_modified_time":"2022-02-24T14:27:15+00:00","og_image":[{"width":912,"height":608,"url":"https:\/\/infoecos.com.ar\/wp-content\/uploads\/tl50guardiahospital-2.jpg","type":"image\/jpeg"}],"author":"Jorge Matheus","twitter_card":"summary_large_image","twitter_creator":"@infoecos","twitter_site":"@infoecos","twitter_misc":{"Escrito por":"Jorge Matheus","Tiempo de lectura":"1 minuto"},"schema":{"@context":"https:\/\/schema.org","@graph":[{"@type":"Article","@id":"https:\/\/infoecos.com.ar\/index.php\/ya-se-llama-a-licitacion-para-la-compra-de-un-tomografo-computado-para-el-hospital\/#article","isPartOf":{"@id":"https:\/\/infoecos.com.ar\/index.php\/ya-se-llama-a-licitacion-para-la-compra-de-un-tomografo-computado-para-el-hospital\/"},"author":{"name":"Jorge Matheus","@id":"https:\/\/infoecos.com.ar\/#\/schema\/person\/8f5ace5ce73b4b4aac4b7245aee6f191"},"headline":"Ya se llama a licitaci\u00f3n para la compra de un tom\u00f3grafo computado para el Hospital","datePublished":"2022-02-23T18:16:26+00:00","dateModified":"2022-02-24T14:27:15+00:00","mainEntityOfPage":{"@id":"https:\/\/infoecos.com.ar\/index.php\/ya-se-llama-a-licitacion-para-la-compra-de-un-tomografo-computado-para-el-hospital\/"},"wordCount":126,"publisher":{"@id":"https:\/\/infoecos.com.ar\/#organization"},"image":{"@id":"https:\/\/infoecos.com.ar\/index.php\/ya-se-llama-a-licitacion-para-la-compra-de-un-tomografo-computado-para-el-hospital\/#primaryimage"},"thumbnailUrl":"https:\/\/infoecos.com.ar\/wp-content\/uploads\/tl50guardiahospital-2.jpg","keywords":["inversi\u00f3n en salud"],"articleSection":["C2 N3"],"inLanguage":"es"},{"@type":"WebPage","@id":"https:\/\/infoecos.com.ar\/index.php\/ya-se-llama-a-licitacion-para-la-compra-de-un-tomografo-computado-para-el-hospital\/","url":"https:\/\/infoecos.com.ar\/index.php\/ya-se-llama-a-licitacion-para-la-compra-de-un-tomografo-computado-para-el-hospital\/","name":"Ya se llama a licitaci\u00f3n para la compra de un tom\u00f3grafo computado para el Hospital - Infoecos","isPartOf":{"@id":"https:\/\/infoecos.com.ar\/#website"},"primaryImageOfPage":{"@id":"https:\/\/infoecos.com.ar\/index.php\/ya-se-llama-a-licitacion-para-la-compra-de-un-tomografo-computado-para-el-hospital\/#primaryimage"},"image":{"@id":"https:\/\/infoecos.com.ar\/index.php\/ya-se-llama-a-licitacion-para-la-compra-de-un-tomografo-computado-para-el-hospital\/#primaryimage"},"thumbnailUrl":"https:\/\/infoecos.com.ar\/wp-content\/uploads\/tl50guardiahospital-2.jpg","datePublished":"2022-02-23T18:16:26+00:00","dateModified":"2022-02-24T14:27:15+00:00","breadcrumb":{"@id":"https:\/\/infoecos.com.ar\/index.php\/ya-se-llama-a-licitacion-para-la-compra-de-un-tomografo-computado-para-el-hospital\/#breadcrumb"},"inLanguage":"es","potentialAction":[{"@type":"ReadAction","target":["https:\/\/infoecos.com.ar\/index.php\/ya-se-llama-a-licitacion-para-la-compra-de-un-tomografo-computado-para-el-hospital\/"]}]},{"@type":"ImageObject","inLanguage":"es","@id":"https:\/\/infoecos.com.ar\/index.php\/ya-se-llama-a-licitacion-para-la-compra-de-un-tomografo-computado-para-el-hospital\/#primaryimage","url":"https:\/\/infoecos.com.ar\/wp-content\/uploads\/tl50guardiahospital-2.jpg","contentUrl":"https:\/\/infoecos.com.ar\/wp-content\/uploads\/tl50guardiahospital-2.jpg","width":912,"height":608},{"@type":"BreadcrumbList","@id":"https:\/\/infoecos.com.ar\/index.php\/ya-se-llama-a-licitacion-para-la-compra-de-un-tomografo-computado-para-el-hospital\/#breadcrumb","itemListElement":[{"@type":"ListItem","position":1,"name":"Portada","item":"https:\/\/infoecos.com.ar\/"},{"@type":"ListItem","position":2,"name":"Ya se llama a licitaci\u00f3n para la compra de un tom\u00f3grafo computado para el Hospital"}]},{"@type":"WebSite","@id":"https:\/\/infoecos.com.ar\/#website","url":"https:\/\/infoecos.com.ar\/","name":"Infoecos","description":"Noticias de trenque lauquen y la zona","publisher":{"@id":"https:\/\/infoecos.com.ar\/#organization"},"alternateName":"Noticias","potentialAction":[{"@type":"SearchAction","target":{"@type":"EntryPoint","urlTemplate":"https:\/\/infoecos.com.ar\/?s={search_term_string}"},"query-input":{"@type":"PropertyValueSpecification","valueRequired":true,"valueName":"search_term_string"}}],"inLanguage":"es"},{"@type":"Organization","@id":"https:\/\/infoecos.com.ar\/#organization","name":"Infoecos","alternateName":"Noticias","url":"https:\/\/infoecos.com.ar\/","logo":{"@type":"ImageObject","inLanguage":"es","@id":"https:\/\/infoecos.com.ar\/#\/schema\/logo\/image\/","url":"https:\/\/infoecos.com.ar\/wp-content\/uploads\/2024\/03\/cropped-logo.png","contentUrl":"https:\/\/infoecos.com.ar\/wp-content\/uploads\/2024\/03\/cropped-logo.png","width":374,"height":90,"caption":"Infoecos"},"image":{"@id":"https:\/\/infoecos.com.ar\/#\/schema\/logo\/image\/"},"sameAs":["https:\/\/www.facebook.com\/profile.php?id=100063200290284","https:\/\/x.com\/infoecos"]},{"@type":"Person","@id":"https:\/\/infoecos.com.ar\/#\/schema\/person\/8f5ace5ce73b4b4aac4b7245aee6f191","name":"Jorge Matheus","url":"https:\/\/infoecos.com.ar\/index.php\/author\/jomatheus\/"}]}},"featured_image_urls":{"full":["https:\/\/infoecos.com.ar\/wp-content\/uploads\/tl50guardiahospital-2.jpg",912,608,false],"thumbnail":["https:\/\/infoecos.com.ar\/wp-content\/uploads\/tl50guardiahospital-2-150x150.jpg",150,150,true],"medium":["https:\/\/infoecos.com.ar\/wp-content\/uploads\/tl50guardiahospital-2-460x307.jpg",460,307,true],"medium_large":["https:\/\/infoecos.com.ar\/wp-content\/uploads\/tl50guardiahospital-2-768x512.jpg",640,427,true],"large":["https:\/\/infoecos.com.ar\/wp-content\/uploads\/tl50guardiahospital-2.jpg",640,427,false],"1536x1536":["https:\/\/infoecos.com.ar\/wp-content\/uploads\/tl50guardiahospital-2.jpg",912,608,false],"2048x2048":["https:\/\/infoecos.com.ar\/wp-content\/uploads\/tl50guardiahospital-2.jpg",912,608,false],"covernews-slider-full":["https:\/\/infoecos.com.ar\/wp-content\/uploads\/tl50guardiahospital-2.jpg",912,608,false],"covernews-slider-center":["https:\/\/infoecos.com.ar\/wp-content\/uploads\/tl50guardiahospital-2.jpg",750,500,false],"covernews-featured":["https:\/\/infoecos.com.ar\/wp-content\/uploads\/tl50guardiahospital-2.jpg",912,608,false],"covernews-medium":["https:\/\/infoecos.com.ar\/wp-content\/uploads\/tl50guardiahospital-2-720x380.jpg",540,285,true],"covernews-medium-square":["https:\/\/infoecos.com.ar\/wp-content\/uploads\/tl50guardiahospital-2-675x450.jpg",375,250,true]},"author_info":{"info":["Jorge Matheus"]},"category_info":"<a href=\"https:\/\/infoecos.com.ar\/index.php\/category\/c2nota3\/\" rel=\"category tag\">C2 N3<\/a>","tag_info":"C2 N3","comment_count":"0","_links":{"self":[{"href":"https:\/\/infoecos.com.ar\/index.php\/wp-json\/wp\/v2\/posts\/90030"}],"collection":[{"href":"https:\/\/infoecos.com.ar\/index.php\/wp-json\/wp\/v2\/posts"}],"about":[{"href":"https:\/\/infoecos.com.ar\/index.php\/wp-json\/wp\/v2\/types\/post"}],"author":[{"embeddable":true,"href":"https:\/\/infoecos.com.ar\/index.php\/wp-json\/wp\/v2\/users\/2"}],"replies":[{"embeddable":true,"href":"https:\/\/infoecos.com.ar\/index.php\/wp-json\/wp\/v2\/comments?post=90030"}],"version-history":[{"count":1,"href":"https:\/\/infoecos.com.ar\/index.php\/wp-json\/wp\/v2\/posts\/90030\/revisions"}],"predecessor-version":[{"id":90031,"href":"https:\/\/infoecos.com.ar\/index.php\/wp-json\/wp\/v2\/posts\/90030\/revisions\/90031"}],"wp:featuredmedia":[{"embeddable":true,"href":"https:\/\/infoecos.com.ar\/index.php\/wp-json\/wp\/v2\/media\/62244"}],"wp:attachment":[{"href":"https:\/\/infoecos.com.ar\/index.php\/wp-json\/wp\/v2\/media?parent=90030"}],"wp:term":[{"taxonomy":"category","embeddable":true,"href":"https:\/\/infoecos.com.ar\/index.php\/wp-json\/wp\/v2\/categories?post=90030"},{"taxonomy":"post_tag","embeddable":true,"href":"https:\/\/infoecos.com.ar\/index.php\/wp-json\/wp\/v2\/tags?post=90030"}],"curies":[{"name":"wp","href":"https:\/\/api.w.org\/{rel}","templated":true}]}}