{"id":90224,"date":"2022-03-15T16:52:58","date_gmt":"2022-03-15T19:52:58","guid":{"rendered":"http:\/\/infoecos.com.ar\/?p=90224"},"modified":"2022-03-15T16:52:59","modified_gmt":"2022-03-15T19:52:59","slug":"acuerdo-con-el-fmi-dictamen-favorable-en-la-comision-del-senado-nacional","status":"publish","type":"post","link":"https:\/\/infoecos.com.ar\/index.php\/acuerdo-con-el-fmi-dictamen-favorable-en-la-comision-del-senado-nacional\/","title":{"rendered":"Acuerdo con el FMI: dict\u00e1men favorable en la comisi\u00f3n del Senado Nacional"},"content":{"rendered":"\n<p class=\"wp-block-paragraph\">El proyecto de ley que respalda el acuerdo con el Fondo Monetario Internacional (FMI) para la refinanciaci\u00f3n de la deuda asumida en 2018 con ese organismo obtuvo dictamen favorable por unanimidad en el \u00faltimo d\u00eda del debate en comisi\u00f3n en el Senado.<\/p>\n\n\n\n<p class=\"wp-block-paragraph\">La iniciativa fue firmada por los 17 senadores que componen la comisi\u00f3n de Presupuesto y Hacienda, aunque dos de las legisladoras del Frente de Todos, la bonaerense Juliana Di Tulio y la santacruce\u00f1a Ana Mar\u00eda Ianni, apoyaron en disidencia, informaron fuentes parlamentarias a T\u00e9lam.<\/p>\n\n\n\n<div class=\"wp-block-image is-style-default\"><figure class=\"aligncenter size-large\"><img loading=\"lazy\" decoding=\"async\" width=\"900\" height=\"506\" src=\"http:\/\/infoecos.com.ar\/wp-content\/uploads\/2022\/03\/SENADOFMI.jpg\" alt=\"\" class=\"wp-image-90225\" srcset=\"https:\/\/infoecos.com.ar\/wp-content\/uploads\/2022\/03\/SENADOFMI.jpg 900w, https:\/\/infoecos.com.ar\/wp-content\/uploads\/2022\/03\/SENADOFMI-460x259.jpg 460w, https:\/\/infoecos.com.ar\/wp-content\/uploads\/2022\/03\/SENADOFMI-768x432.jpg 768w\" sizes=\"auto, (max-width: 900px) 100vw, 900px\" \/><\/figure><\/div>\n\n\n\n<p class=\"wp-block-paragraph\">El texto, que ya tiene media sanci\u00f3n de la C\u00e1mara de Diputados, ser\u00e1 puesto a consideraci\u00f3n del plenario del Senado para su sanci\u00f3n definitiva en una sesi\u00f3n que ser\u00e1 convocada para el pr\u00f3ximo jueves.<\/p>\n\n\n\n<p class=\"wp-block-paragraph\">Para habilitar su discusi\u00f3n en el recinto, el oficialismo deber\u00e1 contar con el apoyo de dos tercios de los presentes, ya que el reglamento del Senado no permite tratar un proyecto antes de los siete d\u00edas de haberse producido el dictamen.<\/p>\n\n\n\n<p class=\"wp-block-paragraph\">El interbloque de Juntos por el Cambio se reunir\u00e1 este mi\u00e9rcoles por la ma\u00f1ana para definir si presta su consentimiento para dar el qu\u00f3rum durante la sesi\u00f3n del jueves.<\/p>\n\n\n\n<p class=\"wp-block-paragraph\">El dictamen favorable fue conseguido hoy en una reuni\u00f3n expr\u00e9s en la comisi\u00f3n de Presupuesto.<\/p>\n","protected":false},"excerpt":{"rendered":"<p>Para habilitar su discusi\u00f3n en el recinto, el oficialismo deber\u00e1 contar con el apoyo de dos tercios de los presentes, ya que el reglamento del Senado no permite tratar un proyecto antes de los siete d\u00edas de haberse producido el dictamen<\/p>\n","protected":false},"author":2,"featured_media":90225,"comment_status":"closed","ping_status":"open","sticky":false,"template":"","format":"standard","meta":{"footnotes":""},"categories":[25],"tags":[5708],"class_list":["post-90224","post","type-post","status-publish","format-standard","has-post-thumbnail","hentry","category-c3nota1","tag-la-camara-sesionaria-este-jueves"],"featured_image_urls":{"full":["https:\/\/infoecos.com.ar\/wp-content\/uploads\/2022\/03\/SENADOFMI.jpg",900,506,false],"thumbnail":["https:\/\/infoecos.com.ar\/wp-content\/uploads\/2022\/03\/SENADOFMI-150x150.jpg",150,150,true],"medium":["https:\/\/infoecos.com.ar\/wp-content\/uploads\/2022\/03\/SENADOFMI-460x259.jpg",460,259,true],"medium_large":["https:\/\/infoecos.com.ar\/wp-content\/uploads\/2022\/03\/SENADOFMI-768x432.jpg",640,360,true],"large":["https:\/\/infoecos.com.ar\/wp-content\/uploads\/2022\/03\/SENADOFMI.jpg",640,360,false],"1536x1536":["https:\/\/infoecos.com.ar\/wp-content\/uploads\/2022\/03\/SENADOFMI.jpg",900,506,false],"2048x2048":["https:\/\/infoecos.com.ar\/wp-content\/uploads\/2022\/03\/SENADOFMI.jpg",900,506,false],"covernews-slider-full":["https:\/\/infoecos.com.ar\/wp-content\/uploads\/2022\/03\/SENADOFMI.jpg",900,506,false],"covernews-slider-center":["https:\/\/infoecos.com.ar\/wp-content\/uploads\/2022\/03\/SENADOFMI.jpg",800,450,false],"covernews-featured":["https:\/\/infoecos.com.ar\/wp-content\/uploads\/2022\/03\/SENADOFMI.jpg",900,506,false],"covernews-medium":["https:\/\/infoecos.com.ar\/wp-content\/uploads\/2022\/03\/SENADOFMI-720x380.jpg",540,285,true],"covernews-medium-square":["https:\/\/infoecos.com.ar\/wp-content\/uploads\/2022\/03\/SENADOFMI-675x450.jpg",375,250,true]},"author_info":{"info":["Jorge Matheus"]},"category_info":"<a href=\"https:\/\/infoecos.com.ar\/index.php\/category\/c3nota1\/\" rel=\"category tag\">C3 N1<\/a>","tag_info":"C3 N1","comment_count":"0","_links":{"self":[{"href":"https:\/\/infoecos.com.ar\/index.php\/wp-json\/wp\/v2\/posts\/90224","targetHints":{"allow":["GET"]}}],"collection":[{"href":"https:\/\/infoecos.com.ar\/index.php\/wp-json\/wp\/v2\/posts"}],"about":[{"href":"https:\/\/infoecos.com.ar\/index.php\/wp-json\/wp\/v2\/types\/post"}],"author":[{"embeddable":true,"href":"https:\/\/infoecos.com.ar\/index.php\/wp-json\/wp\/v2\/users\/2"}],"replies":[{"embeddable":true,"href":"https:\/\/infoecos.com.ar\/index.php\/wp-json\/wp\/v2\/comments?post=90224"}],"version-history":[{"count":1,"href":"https:\/\/infoecos.com.ar\/index.php\/wp-json\/wp\/v2\/posts\/90224\/revisions"}],"predecessor-version":[{"id":90226,"href":"https:\/\/infoecos.com.ar\/index.php\/wp-json\/wp\/v2\/posts\/90224\/revisions\/90226"}],"wp:featuredmedia":[{"embeddable":true,"href":"https:\/\/infoecos.com.ar\/index.php\/wp-json\/wp\/v2\/media\/90225"}],"wp:attachment":[{"href":"https:\/\/infoecos.com.ar\/index.php\/wp-json\/wp\/v2\/media?parent=90224"}],"wp:term":[{"taxonomy":"category","embeddable":true,"href":"https:\/\/infoecos.com.ar\/index.php\/wp-json\/wp\/v2\/categories?post=90224"},{"taxonomy":"post_tag","embeddable":true,"href":"https:\/\/infoecos.com.ar\/index.php\/wp-json\/wp\/v2\/tags?post=90224"}],"curies":[{"name":"wp","href":"https:\/\/api.w.org\/{rel}","templated":true}]}}