{"id":90228,"date":"2022-03-15T17:21:49","date_gmt":"2022-03-15T20:21:49","guid":{"rendered":"http:\/\/infoecos.com.ar\/?p=90228"},"modified":"2022-03-15T17:21:49","modified_gmt":"2022-03-15T20:21:49","slug":"general-villegas-cumple-134-anos-de-su-fundacion","status":"publish","type":"post","link":"https:\/\/infoecos.com.ar\/index.php\/general-villegas-cumple-134-anos-de-su-fundacion\/","title":{"rendered":"General Villegas cumple 134 a\u00f1os de su fundaci\u00f3n"},"content":{"rendered":"\n<p class=\"wp-block-paragraph\">El intendente municipal de General Villegas, Eduardo Campana, hizo saber que se realizar\u00e1 un acto protocolar con motivo del 134\u00b0 aniversario de la fundaci\u00f3n de la ciudad cabecera. Se llevar\u00e1 a cabo este lunes 21 de marzo, a las 10 de la ma\u00f1ana, en la Plaza Principal.<\/p>\n\n\n\n<div class=\"wp-block-image is-style-default\"><figure class=\"aligncenter size-large is-resized\"><img loading=\"lazy\" decoding=\"async\" src=\"http:\/\/infoecos.com.ar\/wp-content\/uploads\/2022\/03\/WhatsApp-Image-2022-03-15-at-8.45.55-AM-920x920.jpeg\" alt=\"\" class=\"wp-image-90229\" width=\"392\" height=\"392\" srcset=\"https:\/\/infoecos.com.ar\/wp-content\/uploads\/2022\/03\/WhatsApp-Image-2022-03-15-at-8.45.55-AM-920x920.jpeg 920w, https:\/\/infoecos.com.ar\/wp-content\/uploads\/2022\/03\/WhatsApp-Image-2022-03-15-at-8.45.55-AM-460x460.jpeg 460w, https:\/\/infoecos.com.ar\/wp-content\/uploads\/2022\/03\/WhatsApp-Image-2022-03-15-at-8.45.55-AM-150x150.jpeg 150w, https:\/\/infoecos.com.ar\/wp-content\/uploads\/2022\/03\/WhatsApp-Image-2022-03-15-at-8.45.55-AM-768x768.jpeg 768w, https:\/\/infoecos.com.ar\/wp-content\/uploads\/2022\/03\/WhatsApp-Image-2022-03-15-at-8.45.55-AM-1024x1024.jpeg 1024w, https:\/\/infoecos.com.ar\/wp-content\/uploads\/2022\/03\/WhatsApp-Image-2022-03-15-at-8.45.55-AM.jpeg 1200w\" sizes=\"auto, (max-width: 392px) 100vw, 392px\" \/><\/figure><\/div>\n\n\n\n<p class=\"wp-block-paragraph\">El mandatario municipal a trav\u00e9s de las redes sociales y correos electr\u00f3nicos convoc\u00f3 &#8211; adem\u00e1s &#8211; a las instituciones a participar con las banderas de ceremonias.<\/p>\n","protected":false},"excerpt":{"rendered":"<p>El mandatario municipal a trav\u00e9s de las redes sociales y correos electr\u00f3nicos convoc\u00f3 &#8211; adem\u00e1s &#8211; a las instituciones a participar con las banderas de ceremonias<\/p>\n","protected":false},"author":2,"featured_media":90229,"comment_status":"closed","ping_status":"open","sticky":false,"template":"","format":"standard","meta":{"footnotes":""},"categories":[45],"tags":[5709],"class_list":["post-90228","post","type-post","status-publish","format-standard","has-post-thumbnail","hentry","category-c1nota2","tag-el-intendente-campana-convoco-a-la-ciudadania"],"featured_image_urls":{"full":["https:\/\/infoecos.com.ar\/wp-content\/uploads\/2022\/03\/WhatsApp-Image-2022-03-15-at-8.45.55-AM.jpeg",1200,1200,false],"thumbnail":["https:\/\/infoecos.com.ar\/wp-content\/uploads\/2022\/03\/WhatsApp-Image-2022-03-15-at-8.45.55-AM-150x150.jpeg",150,150,true],"medium":["https:\/\/infoecos.com.ar\/wp-content\/uploads\/2022\/03\/WhatsApp-Image-2022-03-15-at-8.45.55-AM-460x460.jpeg",460,460,true],"medium_large":["https:\/\/infoecos.com.ar\/wp-content\/uploads\/2022\/03\/WhatsApp-Image-2022-03-15-at-8.45.55-AM-768x768.jpeg",640,640,true],"large":["https:\/\/infoecos.com.ar\/wp-content\/uploads\/2022\/03\/WhatsApp-Image-2022-03-15-at-8.45.55-AM-920x920.jpeg",640,640,true],"1536x1536":["https:\/\/infoecos.com.ar\/wp-content\/uploads\/2022\/03\/WhatsApp-Image-2022-03-15-at-8.45.55-AM.jpeg",1200,1200,false],"2048x2048":["https:\/\/infoecos.com.ar\/wp-content\/uploads\/2022\/03\/WhatsApp-Image-2022-03-15-at-8.45.55-AM.jpeg",1200,1200,false],"covernews-slider-full":["https:\/\/infoecos.com.ar\/wp-content\/uploads\/2022\/03\/WhatsApp-Image-2022-03-15-at-8.45.55-AM-1200x1020.jpeg",841,715,true],"covernews-slider-center":["https:\/\/infoecos.com.ar\/wp-content\/uploads\/2022\/03\/WhatsApp-Image-2022-03-15-at-8.45.55-AM-936x897.jpeg",522,500,true],"covernews-featured":["https:\/\/infoecos.com.ar\/wp-content\/uploads\/2022\/03\/WhatsApp-Image-2022-03-15-at-8.45.55-AM-1024x1024.jpeg",1024,1024,true],"covernews-medium":["https:\/\/infoecos.com.ar\/wp-content\/uploads\/2022\/03\/WhatsApp-Image-2022-03-15-at-8.45.55-AM-720x380.jpeg",540,285,true],"covernews-medium-square":["https:\/\/infoecos.com.ar\/wp-content\/uploads\/2022\/03\/WhatsApp-Image-2022-03-15-at-8.45.55-AM-675x450.jpeg",375,250,true]},"author_info":{"info":["Jorge Matheus"]},"category_info":"<a href=\"https:\/\/infoecos.com.ar\/index.php\/category\/c1nota2\/\" rel=\"category tag\">C1 N2<\/a>","tag_info":"C1 N2","comment_count":"0","_links":{"self":[{"href":"https:\/\/infoecos.com.ar\/index.php\/wp-json\/wp\/v2\/posts\/90228","targetHints":{"allow":["GET"]}}],"collection":[{"href":"https:\/\/infoecos.com.ar\/index.php\/wp-json\/wp\/v2\/posts"}],"about":[{"href":"https:\/\/infoecos.com.ar\/index.php\/wp-json\/wp\/v2\/types\/post"}],"author":[{"embeddable":true,"href":"https:\/\/infoecos.com.ar\/index.php\/wp-json\/wp\/v2\/users\/2"}],"replies":[{"embeddable":true,"href":"https:\/\/infoecos.com.ar\/index.php\/wp-json\/wp\/v2\/comments?post=90228"}],"version-history":[{"count":1,"href":"https:\/\/infoecos.com.ar\/index.php\/wp-json\/wp\/v2\/posts\/90228\/revisions"}],"predecessor-version":[{"id":90230,"href":"https:\/\/infoecos.com.ar\/index.php\/wp-json\/wp\/v2\/posts\/90228\/revisions\/90230"}],"wp:featuredmedia":[{"embeddable":true,"href":"https:\/\/infoecos.com.ar\/index.php\/wp-json\/wp\/v2\/media\/90229"}],"wp:attachment":[{"href":"https:\/\/infoecos.com.ar\/index.php\/wp-json\/wp\/v2\/media?parent=90228"}],"wp:term":[{"taxonomy":"category","embeddable":true,"href":"https:\/\/infoecos.com.ar\/index.php\/wp-json\/wp\/v2\/categories?post=90228"},{"taxonomy":"post_tag","embeddable":true,"href":"https:\/\/infoecos.com.ar\/index.php\/wp-json\/wp\/v2\/tags?post=90228"}],"curies":[{"name":"wp","href":"https:\/\/api.w.org\/{rel}","templated":true}]}}